{"id":46211,"date":"2025-10-29T19:47:00","date_gmt":"2025-10-29T19:47:00","guid":{"rendered":"https:\/\/www.domtar.com\/press_releases\/domtar-celebre-le-premier-anniversaire-de-sa-marque-unifiee\/"},"modified":"2025-12-20T17:12:36","modified_gmt":"2025-12-20T17:12:36","slug":"domtar-celebre-le-premier-anniversaire-de-sa-marque-unifiee","status":"publish","type":"press_releases","link":"https:\/\/www.domtar.com\/fr\/press_releases\/domtar-celebre-le-premier-anniversaire-de-sa-marque-unifiee\/","title":{"rendered":"Domtar c\u00e9l\u00e8bre le premier anniversaire de sa marque unifi\u00e9e"},"content":{"rendered":"<div class=\"OutlineElement Ltr SCXW231368673 BCX8\" style=\"-webkit-user-drag: none; -webkit-tap-highlight-color: transparent; margin: 0px; padding: 0px; user-select: text; clear: both; cursor: text; overflow: visible; position: relative; direction: ltr; color: #000000; font-family: 'Segoe UI', 'Segoe UI Web', Arial, Verdana, sans-serif; font-size: 12px;\">\r\n<div class=\"OutlineElement Ltr SCXW231368673 BCX8\" style=\"-webkit-user-drag: none; -webkit-tap-highlight-color: transparent; margin: 0px; padding: 0px; user-select: text; clear: both; cursor: text; overflow: visible; position: relative; direction: ltr; color: #000000; font-family: 'Segoe UI', 'Segoe UI Web', Arial, Verdana, sans-serif; font-size: 12px;\">\r\n\r\n<strong><span class=\"cf0\">FORT MILL (SC); MONTR\u00c9AL (QC); RICHMOND (BC), le 29 <\/span><span class=\"cf0\">octobre<\/span><\/strong><span class=\"cf0\"><strong> 2025<\/strong> <\/span><span class=\"cf1\">\u2013 Domtar <\/span><span class=\"cf1\">est<\/span> <span class=\"cf1\">fi<\/span><span class=\"cf0\">\u00e8re<\/span><span class=\"cf0\"> de <\/span><span class=\"cf0\">c\u00e9l\u00e9brer<\/span><span class=\"cf0\"> le premier\u202f<\/span><span class=\"cf0\">anniversaire<\/span><span class=\"cf0\"> de <\/span><span class=\"cf0\">sa<\/span><span class=\"cf0\"> marque <\/span><span class=\"cf0\">unifi\u00e9e<\/span><span class=\"cf0\">\u202f: Domtar, \u00ab\u202fLa <\/span><span class=\"cf0\">fibre<\/span><span class=\"cf0\"> de <\/span><span class=\"cf0\">l\u2019avenir<\/span><span class=\"cf0\">\u202f\u00bb. <\/span><span class=\"cf0\">L\u2019ann\u00e9e<\/span> <span class=\"cf0\">\u00e9coul\u00e9e<\/span><span class=\"cf0\"> a <\/span><span class=\"cf0\">\u00e9t\u00e9<\/span> <span class=\"cf0\">marqu\u00e9e<\/span><span class=\"cf0\"> par <\/span><span class=\"cf0\">l&rsquo;expansion<\/span><span class=\"cf0\">, les <\/span><span class=\"cf0\">r\u00e9alisations<\/span><span class=\"cf0\"> et <\/span><span class=\"cf0\">l&rsquo;incarnation<\/span><span class=\"cf0\"> des <\/span><span class=\"cf0\">nouvelles<\/span> <span class=\"cf0\">valeurs<\/span> <span class=\"cf0\">d\u2019entreprise<\/span><span class=\"cf0\">. <\/span>\r\n\r\n<span class=\"cf0\">\u00ab\u202fJe suis <\/span><span class=\"cf0\">extr\u00eamement<\/span> <span class=\"cf0\">impressionn\u00e9<\/span><span class=\"cf0\"> des <\/span><span class=\"cf0\">progr\u00e8s<\/span> <span class=\"cf0\">remarquables<\/span> <span class=\"cf0\">qu\u2019ont<\/span> <span class=\"cf0\">r\u00e9alis\u00e9s<\/span> <span class=\"cf0\">nos<\/span> <span class=\"cf0\">\u00e9quipes<\/span><span class=\"cf0\"> au <\/span><span class=\"cf0\">cours<\/span><span class=\"cf0\"> des 12\u202f<\/span><span class=\"cf0\">derniers<\/span> <span class=\"cf0\">mois<\/span><span class=\"cf0\">, a <\/span><span class=\"cf0\">d\u00e9clar\u00e9<\/span><span class=\"cf0\"> John Williams, <\/span><span class=\"cf0\">pr\u00e9sident<\/span><span class=\"cf0\"> non <\/span><span class=\"cf0\">ex\u00e9cutif<\/span><span class=\"cf0\"> du conseil de gestion. <\/span><span class=\"cf0\">Leur<\/span><span class=\"cf0\"> travail <\/span><span class=\"cf0\">assidu<\/span><span class=\"cf0\"> et <\/span><span class=\"cf0\">leur<\/span> <span class=\"cf0\">d\u00e9vouement<\/span><span class=\"cf0\"> se <\/span><span class=\"cf0\">sont<\/span> <span class=\"cf0\">av\u00e9r\u00e9s<\/span> <span class=\"cf0\">essentiels<\/span><span class=\"cf0\"> \u00e0 la <\/span><span class=\"cf0\">r\u00e9ussite<\/span><span class=\"cf0\"> de <\/span><span class=\"cf0\">notre<\/span> <span class=\"cf0\">int\u00e9gration<\/span><span class=\"cf0\">. Bien que nous ne <\/span><span class=\"cf0\">puissions<\/span> <span class=\"cf0\">souligner<\/span> <span class=\"cf0\">aujourd&rsquo;hui<\/span> <span class=\"cf0\">toutes<\/span> <span class=\"cf0\">nos<\/span> <span class=\"cf0\">r\u00e9alisations<\/span><span class=\"cf0\">, il <\/span><span class=\"cf0\">importe<\/span><span class=\"cf0\"> de citer les <\/span><span class=\"cf0\">jalons<\/span><span class=\"cf0\"> de <\/span><span class=\"cf0\">notre<\/span><span class=\"cf0\"> premi\u00e8re <\/span><span class=\"cf0\">ann\u00e9e<\/span> <span class=\"cf0\">en<\/span><span class=\"cf0\"> tant <\/span><span class=\"cf0\">qu&rsquo;entreprise<\/span> <span class=\"cf0\">unie<\/span><span class=\"cf0\">.\u202f\u00bb<\/span>\r\n\r\n<strong><span class=\"cf0\">Entente <\/span><span class=\"cf0\">historique<\/span><span class=\"cf0\"> avec la nation <\/span><span class=\"cf0\">Tla&rsquo;amin<\/span><\/strong>\r\n\r\n<span class=\"cf0\">Domtar et la nation <\/span><span class=\"cf0\">Tla&rsquo;amin<\/span> <span class=\"cf0\">ont<\/span> <span class=\"cf0\">sign\u00e9<\/span> <span class=\"cf0\">une<\/span><span class=\"cf0\"> entente <\/span><span class=\"cf0\">historique<\/span> <span class=\"cf0\">visant<\/span><span class=\"cf0\"> la <\/span><span class=\"cf0\">r\u00e9acquisition<\/span> <span class=\"cf0\">d&rsquo;une<\/span> <span class=\"cf0\">grande<\/span> <span class=\"cf0\">partie<\/span><span class=\"cf0\"> des <\/span><span class=\"cf0\">terres<\/span><span class=\"cf0\"> \u00e0 <\/span><span class=\"cf0\">l&#8217;emplacement<\/span><span class=\"cf0\"> de <\/span><span class=\"cf0\">l&rsquo;usine<\/span><span class=\"cf0\"> de papier de <\/span><span class=\"cf0\">tiskwat<\/span><span class=\"cf0\">, <\/span><span class=\"cf0\">situ\u00e9e<\/span><span class=\"cf0\"> \u00e0\u202fPowell River, <\/span><span class=\"cf0\">en<\/span> <span class=\"cf0\">Colombie-Britannique<\/span><span class=\"cf0\">. <\/span><span class=\"cf0\">tiskwat<\/span> <span class=\"cf0\">\u00e9tait<\/span><span class=\"cf0\"> autrefois un grand et important village pour le <\/span><span class=\"cf0\">peuple<\/span> <span class=\"cf0\">Tla&rsquo;amin<\/span><span class=\"cf0\"> et <\/span><span class=\"cf0\">rev\u00eat<\/span> <span class=\"cf0\">une<\/span><span class=\"cf0\"> signification \u00e0 la <\/span><span class=\"cf0\">fois<\/span> <span class=\"cf0\">historique<\/span><span class=\"cf0\"> et <\/span><span class=\"cf0\">contemporaine<\/span><span class=\"cf0\">. <\/span><span class=\"cf0\">L\u2019entente<\/span> <span class=\"cf0\">est<\/span><span class=\"cf0\"> le <\/span><span class=\"cf0\">r\u00e9sultat<\/span><span class=\"cf0\"> de <\/span><span class=\"cf0\">plusieurs<\/span> <span class=\"cf0\">ann\u00e9es<\/span><span class=\"cf0\"> de travail et <\/span><span class=\"cf0\">d\u2019engagement<\/span><span class=\"cf0\"> de la part des deux parties, et <\/span><span class=\"cf0\">elle<\/span> <span class=\"cf0\">reconna\u00eet<\/span> <span class=\"cf0\">l&rsquo;importance<\/span> <span class=\"cf0\">historique<\/span><span class=\"cf0\"> du <\/span><span class=\"cf0\">territoire<\/span> <span class=\"cf0\">ainsi<\/span><span class=\"cf0\"> que son <\/span><span class=\"cf0\">potentiel<\/span> <span class=\"cf0\">d\u2019avenir<\/span><span class=\"cf0\">.<\/span>\r\n\r\n<strong><span class=\"cf0\">Investissement<\/span><span class=\"cf0\"> dans le barrage Rothschild, au Wisconsin<\/span><\/strong>\r\n\r\n<span class=\"cf0\">Des <\/span><span class=\"cf0\">membres<\/span><span class=\"cf0\"> de la direction et du personnel de Domtar se <\/span><span class=\"cf0\">sont<\/span><span class=\"cf0\"> joints aux <\/span><span class=\"cf0\">repr\u00e9sentants<\/span><span class=\"cf0\"> et <\/span><span class=\"cf0\">repr\u00e9sentantes<\/span> <span class=\"cf0\">\u00e9tatiques<\/span><span class=\"cf0\"> et <\/span><span class=\"cf0\">locaux<\/span><span class=\"cf0\"> du Wisconsin pour le <\/span><span class=\"cf0\">lancement<\/span><span class=\"cf0\"> du <\/span><span class=\"cf0\">projet<\/span><span class=\"cf0\"> de <\/span><span class=\"cf0\">modernisation<\/span><span class=\"cf0\"> du barrage de Rothschild, <\/span><span class=\"cf0\">vieux<\/span><span class=\"cf0\"> de 113\u202f<\/span><span class=\"cf0\">ans<\/span><span class=\"cf0\">, au lac\u202fWausau. Le <\/span><span class=\"cf0\">remplacement<\/span><span class=\"cf0\"> de la section du <\/span><span class=\"cf0\">d\u00e9versoir<\/span> <span class=\"cf0\">en<\/span> <span class=\"cf0\">bois<\/span><span class=\"cf0\"> de 84\u202f<\/span><span class=\"cf0\">m\u00e8tres<\/span> <span class=\"cf0\">am\u00e9liorera<\/span><span class=\"cf0\"> la <\/span><span class=\"cf0\">s\u00e9curit\u00e9<\/span> <span class=\"cf0\">publique<\/span><span class=\"cf0\">, la <\/span><span class=\"cf0\">ma\u00eetrise<\/span><span class=\"cf0\"> des <\/span><span class=\"cf0\">crues<\/span><span class=\"cf0\">, le <\/span><span class=\"cf0\">d\u00e9veloppement<\/span> <span class=\"cf0\">\u00e9conomique<\/span><span class=\"cf0\"> local et les <\/span><span class=\"cf0\">possibilit\u00e9s<\/span><span class=\"cf0\"> de <\/span><span class=\"cf0\">loisirs<\/span><span class=\"cf0\"> dans les environs.<\/span>\r\n\r\n<strong><span class=\"cf0\">Don de <\/span><span class=\"cf0\">terres<\/span><span class=\"cf0\"> \u00e0 Conservation de la nature Canada<\/span><\/strong>\r\n\r\n<span class=\"cf0\">Domtar a fait un don de <\/span><span class=\"cf0\">terres<\/span> <span class=\"cf0\">historiques<\/span><span class=\"cf0\"> \u00e0 Conservation de la nature Canada, le plus important <\/span><span class=\"cf0\">re\u00e7u<\/span><span class=\"cf0\"> par <\/span><span class=\"cf0\">l\u2019organisme<\/span><span class=\"cf0\"> au <\/span><span class=\"cf0\">cours<\/span><span class=\"cf0\"> de <\/span><span class=\"cf0\">ses<\/span><span class=\"cf0\"> 54\u202f<\/span><span class=\"cf0\">ans<\/span><span class=\"cf0\"> de travail de conservation au\u202fCanada\u202f<\/span><span class=\"cf0\">atlantique<\/span><span class=\"cf0\">. Gr\u00e2ce \u00e0 <\/span><span class=\"cf0\">ce<\/span><span class=\"cf0\"> don de plus de 1\u202f800\u202fhectares (4\u202f400 acres) de <\/span><span class=\"cf0\">for\u00eat<\/span> <span class=\"cf0\">bor\u00e9ale<\/span><span class=\"cf0\">, de <\/span><span class=\"cf0\">berges<\/span> <span class=\"cf0\">lacustres<\/span><span class=\"cf0\"> et de milieux <\/span><span class=\"cf0\">humides<\/span><span class=\"cf0\"> dans la <\/span><span class=\"cf0\">r\u00e9gion<\/span><span class=\"cf0\"> du <\/span><span class=\"cf0\">centre<\/span><span class=\"cf0\"> de Terre-<\/span><span class=\"cf0\">Neuve<\/span><span class=\"cf0\">-et-Labrador, Domtar <\/span><span class=\"cf0\">contribue<\/span><span class=\"cf0\"> \u00e0 <\/span><span class=\"cf0\">cr\u00e9er<\/span><span class=\"cf0\"> des corridors de conservation <\/span><span class=\"cf0\">interreli\u00e9s<\/span><span class=\"cf0\"> qui <\/span><span class=\"cf0\">facilitent<\/span> <span class=\"cf0\">grandement<\/span><span class=\"cf0\"> les <\/span><span class=\"cf0\">d\u00e9placements<\/span><span class=\"cf0\"> de la <\/span><span class=\"cf0\">faune<\/span><span class=\"cf0\"> et <\/span><span class=\"cf0\">prot\u00e8gent<\/span><span class=\"cf0\"> les habitats de <\/span><span class=\"cf0\">toute<\/span><span class=\"cf0\"> la <\/span><span class=\"cf0\">r\u00e9gion<\/span><span class=\"cf0\">.<\/span>\r\n\r\n<strong><span class=\"cf0\">Publication du premier rapport sur le <\/span><span class=\"cf0\">d\u00e9veloppement<\/span><span class=\"cf0\"> durable de <\/span><span class=\"cf0\">l\u2019entreprise<\/span> <span class=\"cf0\">unie<\/span><\/strong>\r\n\r\n<span class=\"cf0\">Domtar a <\/span><span class=\"cf0\">publi\u00e9<\/span><span class=\"cf0\"> son tout premier rapport sur le <\/span><span class=\"cf0\">d\u00e9veloppement<\/span><span class=\"cf0\"> durable <\/span><span class=\"cf0\">depuis<\/span><span class=\"cf0\"> son <\/span><span class=\"cf0\">int\u00e9gration<\/span><span class=\"cf0\">. <\/span><span class=\"cf0\">Intitul\u00e9<\/span><span class=\"cf0\">\u202f<\/span><span class=\"cf0\">B\u00e2tir<\/span> <span class=\"cf0\">l&rsquo;avenir<\/span><span class=\"cf0\"> sur de <\/span><span class=\"cf0\">pr\u00e9cieux<\/span> <span class=\"cf0\">h\u00e9ritages<\/span><span class=\"cf0\">, le document <\/span><span class=\"cf0\">pr\u00e9sente<\/span><span class=\"cf0\"> un premier portrait <\/span><span class=\"cf0\">consolid\u00e9<\/span><span class=\"cf0\"> de la performance de <\/span><span class=\"cf0\">l\u2019entreprise<\/span> <span class=\"cf0\">en<\/span><span class=\"cf0\"> mati\u00e8re de <\/span><span class=\"cf0\">d\u00e9veloppement<\/span><span class=\"cf0\"> durable par rapport \u00e0 un ensemble <\/span><span class=\"cf0\">exhaustif<\/span> <span class=\"cf0\">d\u2019indicateurs<\/span> <span class=\"cf0\">ainsi<\/span><span class=\"cf0\"> que <\/span><span class=\"cf0\">sa<\/span> <span class=\"cf0\">strat\u00e9gie<\/span><span class=\"cf0\"> de <\/span><span class=\"cf0\">d\u00e9veloppement<\/span><span class=\"cf0\"> durable 2030. Il met <\/span><span class=\"cf0\">aussi<\/span> <span class=\"cf0\">en<\/span> <span class=\"cf0\">\u00e9vidence<\/span><span class=\"cf0\"> les engagements de longue date de Domtar, <\/span><span class=\"cf0\">profond\u00e9ment<\/span> <span class=\"cf0\">ancr\u00e9s<\/span><span class=\"cf0\"> dans <\/span><span class=\"cf0\">l\u2019ensemble<\/span><span class=\"cf0\"> de <\/span><span class=\"cf0\">ses<\/span><span class=\"cf0\"> installations, \u00e0 <\/span><span class=\"cf0\">investir<\/span><span class=\"cf0\"> dans <\/span><span class=\"cf0\">l&rsquo;innovation<\/span><span class=\"cf0\"> et <\/span><span class=\"cf0\">l&rsquo;am\u00e9lioration<\/span><span class=\"cf0\"> de la performance, de <\/span><span class=\"cf0\">m\u00eame<\/span> <span class=\"cf0\">qu\u2019\u00e0<\/span> <span class=\"cf0\">favoriser<\/span> <span class=\"cf0\">une<\/span><span class=\"cf0\"> plus <\/span><span class=\"cf0\">grande<\/span> <span class=\"cf0\">r\u00e9silience<\/span><span class=\"cf0\">.<\/span>\r\n\r\n<strong><span class=\"cf0\">Accroissement<\/span><span class=\"cf0\"> de la <\/span><span class=\"cf0\">capacit\u00e9<\/span><span class=\"cf0\"> de transformation du papier <\/span><span class=\"cf0\">thermique<\/span><span class=\"cf0\"> pour <\/span><span class=\"cf0\">syst\u00e8me<\/span><span class=\"cf0\"> de point de vente<\/span><\/strong>\r\n\r\n<span class=\"cf0\">Domtar a <\/span><span class=\"cf0\">accru<\/span> <span class=\"cf0\">sa<\/span> <span class=\"cf0\">capacit\u00e9<\/span><span class=\"cf0\"> de transformation de <\/span><span class=\"cf0\">bobines<\/span> <span class=\"cf0\">m\u00e8res<\/span><span class=\"cf0\"> de papier <\/span><span class=\"cf0\">thermique<\/span> <span class=\"cf0\">en<\/span><span class=\"cf0\"> rouleaux de <\/span><span class=\"cf0\">re\u00e7us<\/span><span class=\"cf0\"> pour les <\/span><span class=\"cf0\">syst\u00e8mes<\/span><span class=\"cf0\"> de point de vente, <\/span><span class=\"cf0\">destin\u00e9s<\/span><span class=\"cf0\"> aux <\/span><span class=\"cf0\">secteurs<\/span> <span class=\"cf0\">tels<\/span><span class=\"cf0\"> que les services <\/span><span class=\"cf0\">alimentaires<\/span><span class=\"cf0\">, la vente au <\/span><span class=\"cf0\">d\u00e9tail<\/span><span class=\"cf0\">, les pharmacies et les services financiers. Domtar <\/span><span class=\"cf0\">est<\/span> <span class=\"cf0\">d\u00e9sormais<\/span> <span class=\"cf0\">en<\/span> <span class=\"cf0\">mesure<\/span><span class=\"cf0\"> de faire <\/span><span class=\"cf0\">b\u00e9n\u00e9ficier<\/span> <span class=\"cf0\">sa<\/span> <span class=\"cf0\">client\u00e8le<\/span><span class=\"cf0\"> de <\/span><span class=\"cf0\">l\u2019excellence<\/span><span class=\"cf0\"> de son exploitation et de <\/span><span class=\"cf0\">sa<\/span> <span class=\"cf0\">cha\u00eene<\/span> <span class=\"cf0\">d\u2019approvisionnement<\/span><span class=\"cf0\">, <\/span><span class=\"cf0\">rendue<\/span><span class=\"cf0\"> possible par <\/span><span class=\"cf0\">l\u2019enti\u00e8re<\/span> <span class=\"cf0\">int\u00e9gration<\/span><span class=\"cf0\"> de <\/span><span class=\"cf0\">ses<\/span> <span class=\"cf0\">activit\u00e9s<\/span> <span class=\"cf0\">nord-am\u00e9ricaines<\/span><span class=\"cf0\"> dans le <\/span><span class=\"cf0\">secteur<\/span><span class=\"cf0\"> du papier <\/span><span class=\"cf0\">thermique<\/span><span class=\"cf0\">.\u202f<\/span>\r\n\r\n<strong><span class=\"cf0\">Reconnaissance de <\/span><span class=\"cf0\">l\u2019industrie<\/span><\/strong>\r\n\r\n<span class=\"cf0\">Depuis<\/span><span class=\"cf0\"> les 12\u202f<\/span><span class=\"cf0\">derniers<\/span> <span class=\"cf0\">mois<\/span><span class=\"cf0\">, <\/span><span class=\"cf0\">plusieurs<\/span> <span class=\"cf0\">organisations<\/span> <span class=\"cf0\">ont<\/span> <span class=\"cf0\">honor\u00e9<\/span><span class=\"cf0\"> Domtar\u202f:<\/span>\r\n<ul>\r\n \t<li><span class=\"cf0\">L\u2019American<\/span><span class=\"cf0\"> Forest and Paper Association <\/span><span class=\"cf0\">lui<\/span><span class=\"cf0\"> a remis le prix de leadership <\/span><span class=\"cf0\">en<\/span> <span class=\"cf0\">d\u00e9veloppement<\/span><span class=\"cf0\"> durable pour <\/span><span class=\"cf0\">sa<\/span><span class=\"cf0\"> gestion des <\/span><span class=\"cf0\">ressources<\/span> <span class=\"cf0\">hydriques<\/span><span class=\"cf0\">.<\/span><\/li>\r\n \t<li><span class=\"cf0\">Corporate Knights <\/span><span class=\"cf0\">l\u2019a<\/span> <span class=\"cf0\">inscrite<\/span><span class=\"cf0\"> au <\/span><span class=\"cf0\">nombre<\/span><span class=\"cf0\"> des 25 <\/span><span class=\"cf0\">soci\u00e9t\u00e9s<\/span> <span class=\"cf0\">ferm\u00e9es<\/span><span class=\"cf0\"> les plus durables du monde. <\/span><\/li>\r\n \t<li><span class=\"cf0\">La National Recycling Coalition a <\/span><span class=\"cf0\">d\u00e9cern\u00e9<\/span><span class=\"cf0\"> \u00e0 <\/span><span class=\"cf0\">l\u2019usine<\/span><span class=\"cf0\"> Kingsport le prix de leadership <\/span><span class=\"cf0\">d&rsquo;entreprise<\/span> <span class=\"cf0\">exceptionnel<\/span><span class=\"cf0\">\u202fFred Schmitt\u202fpour <\/span><span class=\"cf0\">souligner<\/span><span class=\"cf0\"> son leadership, son innovation et <\/span><span class=\"cf0\">sa<\/span> <span class=\"cf0\">r\u00e9ussite<\/span><span class=\"cf0\"> dans les <\/span><span class=\"cf0\">domaines<\/span><span class=\"cf0\"> du <\/span><span class=\"cf0\">recyclage<\/span><span class=\"cf0\"> et de la <\/span><span class=\"cf0\">valorisation<\/span><span class=\"cf0\">. <\/span><\/li>\r\n \t<li><span class=\"cf0\">Crayola <\/span><span class=\"cf0\">lui<\/span><span class=\"cf0\"> a <\/span><span class=\"cf0\">d\u00e9cern\u00e9<\/span><span class=\"cf0\"> le prix pour <\/span><span class=\"cf0\">l\u2019\u00e9nergie<\/span> <span class=\"cf0\">renouvelable<\/span><span class=\"cf0\"> 2025 CARE (pour Colorful Action for Renewable Energy) qui <\/span><span class=\"cf0\">reconna\u00eet<\/span><span class=\"cf0\"> son <\/span><span class=\"cf0\">soutien<\/span><span class=\"cf0\"> \u00e0 la <\/span><span class=\"cf0\">client\u00e8le<\/span><span class=\"cf0\">. <\/span><\/li>\r\n<\/ul>\r\n<strong><span class=\"cf0\">Harmonisation<\/span><span class=\"cf0\"> des politiques <\/span><span class=\"cf0\">refl\u00e9tant<\/span><span class=\"cf0\"> les <\/span><span class=\"cf0\">valeurs<\/span><span class=\"cf0\"> de Domtar<\/span><\/strong>\r\n\r\n<span class=\"cf0\">Au <\/span><span class=\"cf0\">cours<\/span><span class=\"cf0\"> de la <\/span><span class=\"cf0\">derni\u00e8re<\/span> <span class=\"cf0\">ann\u00e9e<\/span><span class=\"cf0\">, des <\/span><span class=\"cf0\">\u00e9quipes<\/span> <span class=\"cf0\">attitr\u00e9es<\/span> <span class=\"cf0\">ont<\/span> <span class=\"cf0\">travaill\u00e9<\/span> <span class=\"cf0\">assidument<\/span><span class=\"cf0\"> \u00e0 <\/span><span class=\"cf0\">l\u2019\u00e9laboration<\/span><span class=\"cf0\"> de politiques <\/span><span class=\"cf0\">d\u2019entreprise<\/span><span class=\"cf0\"> qui <\/span><span class=\"cf0\">incarnent<\/span> <span class=\"cf0\">notre<\/span><span class=\"cf0\"> vision commune. La Politique <\/span><span class=\"cf0\">environnementale<\/span><span class=\"cf0\">, la Politique sur le <\/span><span class=\"cf0\">d\u00e9veloppement<\/span><span class=\"cf0\"> durable et la Politique <\/span><span class=\"cf0\">mondiale<\/span> <span class=\"cf0\">en<\/span><span class=\"cf0\"> mati\u00e8re de relations avec les <\/span><span class=\"cf0\">Autochtones<\/span> <span class=\"cf0\">sont<\/span><span class=\"cf0\"> des <\/span><span class=\"cf0\">outils<\/span><span class=\"cf0\"> qui <\/span><span class=\"cf0\">orientent<\/span> <span class=\"cf0\">nos<\/span> <span class=\"cf0\">d\u00e9cisions<\/span><span class=\"cf0\">, <\/span><span class=\"cf0\">fa\u00e7onnent<\/span> <span class=\"cf0\">nos<\/span><span class=\"cf0\"> actions et <\/span><span class=\"cf0\">ont<\/span> <span class=\"cf0\">une<\/span><span class=\"cf0\"> incidence <\/span><span class=\"cf0\">concr\u00e8te<\/span><span class=\"cf0\"> et <\/span><span class=\"cf0\">r\u00e9elle<\/span><span class=\"cf0\">. <\/span><span class=\"cf0\">Ces<\/span><span class=\"cf0\"> politiques <\/span><span class=\"cf0\">incarnent<\/span><span class=\"cf0\"> les <\/span><span class=\"cf0\">valeurs<\/span><span class=\"cf0\"> qui nous <\/span><span class=\"cf0\">unissent<\/span><span class=\"cf0\"> et <\/span><span class=\"cf0\">soutiennent<\/span> <span class=\"cf0\">l\u2019esprit<\/span><span class=\"cf0\"> de collaboration, les <\/span><span class=\"cf0\">principes<\/span><span class=\"cf0\"> de <\/span><span class=\"cf0\">d\u00e9veloppement<\/span><span class=\"cf0\"> durable et <\/span><span class=\"cf0\">l\u2019engagement<\/span> <span class=\"cf0\">envers<\/span> <span class=\"cf0\">l&rsquo;excellence<\/span><span class=\"cf0\"> qui <\/span><span class=\"cf0\">d\u00e9finiront<\/span> <span class=\"cf0\">notre<\/span><span class=\"cf0\"> avenir.<\/span>\r\n\r\n<strong><span class=\"cf0\">\u00c0 <\/span><span class=\"cf0\">propos<\/span><span class=\"cf0\"> de Domtar\u202f<\/span><\/strong>\r\n\r\n<span class=\"cf0\">Domtar <\/span><span class=\"cf0\">est<\/span> <span class=\"cf0\">une<\/span> <span class=\"cf0\">importante<\/span> <span class=\"cf0\">soci\u00e9t\u00e9<\/span> <span class=\"cf0\">ferm\u00e9e<\/span><span class=\"cf0\"> qui <\/span><span class=\"cf0\">fabrique<\/span><span class=\"cf0\"> divers <\/span><span class=\"cf0\">produits<\/span> <span class=\"cf0\">forestiers<\/span><span class=\"cf0\"> et <\/span><span class=\"cf0\">emploie<\/span> <span class=\"cf0\">pr\u00e8s<\/span><span class=\"cf0\"> de 14\u202f000\u202f<\/span><span class=\"cf0\">personnes<\/span><span class=\"cf0\"> dans plus de 60\u202f<\/span><span class=\"cf0\">\u00e9tablissements<\/span> <span class=\"cf0\">partout<\/span> <span class=\"cf0\">en<\/span> <span class=\"cf0\">Am\u00e9rique<\/span><span class=\"cf0\"> du Nord. La <\/span><span class=\"cf0\">soci\u00e9t\u00e9<\/span><span class=\"cf0\"> a <\/span><span class=\"cf0\">une<\/span> <span class=\"cf0\">capacit\u00e9<\/span><span class=\"cf0\"> de production <\/span><span class=\"cf0\">annuelle<\/span><span class=\"cf0\"> de 7,2\u202fmillions de <\/span><span class=\"cf0\">tonnes<\/span> <span class=\"cf0\">m\u00e9triques<\/span><span class=\"cf0\"> de p\u00e2te, de papier, <\/span><span class=\"cf0\">d&#8217;emballage<\/span><span class=\"cf0\"> et de papier <\/span><span class=\"cf0\">tissu<\/span><span class=\"cf0\">, et <\/span><span class=\"cf0\">d&rsquo;environ<\/span><span class=\"cf0\"> 3\u202fmilliards de <\/span><span class=\"cf0\">pieds-planche<\/span><span class=\"cf0\"> de <\/span><span class=\"cf0\">bois<\/span> <span class=\"cf0\">d&rsquo;<\/span><span class=\"cf2\">\u0153uvre<\/span><span class=\"cf2\"> et <\/span><span class=\"cf2\">d&rsquo;autres<\/span> <span class=\"cf2\">produits<\/span><span class=\"cf2\"> du <\/span><span class=\"cf2\">bois<\/span><span class=\"cf2\">. <\/span><span class=\"cf2\">Auparavant<\/span> <span class=\"cf2\">connue<\/span><span class=\"cf2\"> sous le nom de Groupe Papier Excellence, Domtar <\/span><span class=\"cf2\">comprend<\/span><span class=\"cf2\"> les <\/span><span class=\"cf2\">anciennes<\/span> <span class=\"cf2\">entreprises<\/span><span class=\"cf2\"> que <\/span><span class=\"cf2\">sont<\/span><span class=\"cf2\"> Paper Excellence, Domtar Corporation et <\/span><span class=\"cf2\">Produits<\/span> <span class=\"cf2\">forestiers<\/span> <span class=\"cf2\">R<\/span><span class=\"cf0\">\u00e9solu<\/span><span class=\"cf0\">, et <\/span><span class=\"cf0\">est<\/span> <span class=\"cf0\">d\u00e9tenue<\/span><span class=\"cf0\"> par <\/span><span class=\"cf0\">l&rsquo;investisseur<\/span><span class=\"cf0\"> Jackson Wijaya.\u202f<\/span>\r\n\r\n<span class=\"cf0\">Domtar <\/span><span class=\"cf0\">pr\u00f4ne<\/span> <span class=\"cf0\">l&rsquo;excellence<\/span> <span class=\"cf0\">op\u00e9rationnelle<\/span><span class=\"cf0\"> et <\/span><span class=\"cf0\">fournit<\/span><span class=\"cf0\"> des <\/span><span class=\"cf0\">produits<\/span><span class=\"cf0\"> durables, <\/span><span class=\"cf0\">\u00e9conomiques<\/span><span class=\"cf0\"> et de <\/span><span class=\"cf0\">qualit\u00e9<\/span><span class=\"cf0\"> sup\u00e9rieure pour <\/span><span class=\"cf0\">r\u00e9pondre<\/span><span class=\"cf0\"> aux <\/span><span class=\"cf0\">besoins<\/span><span class=\"cf0\"> de la <\/span><span class=\"cf0\">client\u00e8le<\/span><span class=\"cf0\"> \u00e0 <\/span><span class=\"cf0\">l&rsquo;\u00e9chelle<\/span> <span class=\"cf0\">mondiale<\/span><span class=\"cf0\">, <\/span><span class=\"cf0\">voire<\/span><span class=\"cf0\"> les <\/span><span class=\"cf0\">surpasser<\/span><span class=\"cf0\">. La <\/span><span class=\"cf0\">soci\u00e9t\u00e9<\/span><span class=\"cf0\"> se <\/span><span class=\"cf0\">consacre<\/span><span class=\"cf0\"> au <\/span><span class=\"cf0\">d\u00e9veloppement<\/span><span class=\"cf0\"> durable et <\/span><span class=\"cf0\">s&rsquo;engage<\/span><span class=\"cf0\"> \u00e0 transformer de la <\/span><span class=\"cf0\">fibre<\/span><span class=\"cf0\"> de <\/span><span class=\"cf0\">bois<\/span><span class=\"cf0\"> issue de sources <\/span><span class=\"cf0\">responsables<\/span> <span class=\"cf0\">en<\/span> <span class=\"cf0\">produits<\/span> <span class=\"cf0\">essentiels<\/span><span class=\"cf0\"> \u00e0 usage <\/span><span class=\"cf0\">quotidien<\/span><span class=\"cf0\">. Pour un <\/span><span class=\"cf0\">compl\u00e9ment<\/span> <span class=\"cf0\">d&rsquo;information<\/span><span class=\"cf0\">, consulter\u202fwww.domtar.com\/<\/span><span class=\"cf0\">fr.<\/span><span class=\"cf0\">\u202f<\/span>\r\n\r\n<\/div>\r\n<\/div>","protected":false},"excerpt":{"rendered":"<p>FORT MILL (SC); MONTR\u00c9AL (QC); RICHMOND (BC), le 29 octobre 2025 \u2013 Domtar est fi\u00e8re de c\u00e9l\u00e9brer le premier anniversaire de sa marque unifi\u00e9e : Domtar, \u00ab La fibre de l\u2019avenir \u00bb&#8230;.<\/p>\n","protected":false},"author":1,"featured_media":0,"template":"","meta":{"_acf_changed":false,"_genesis_block_theme_hide_title":false,"footnotes":""},"press_release":[],"class_list":["post-46211","press_releases","type-press_releases","status-publish","hentry","post","without-featured-image"],"acf":{"attachment":null,"origin":"manual","language":"fr","headline":"Domtar c\u00e9l\u00e8bre le premier anniversaire de sa marque unifi\u00e9e ","body":"<div class=\"OutlineElement Ltr SCXW231368673 BCX8\" style=\"-webkit-user-drag: none; -webkit-tap-highlight-color: transparent; margin: 0px; padding: 0px; user-select: text; clear: both; cursor: text; overflow: visible; position: relative; direction: ltr; color: #000000; font-family: 'Segoe UI', 'Segoe UI Web', Arial, Verdana, sans-serif; font-size: 12px;\">\r\n<div class=\"OutlineElement Ltr SCXW231368673 BCX8\" style=\"-webkit-user-drag: none; -webkit-tap-highlight-color: transparent; margin: 0px; padding: 0px; user-select: text; clear: both; cursor: text; overflow: visible; position: relative; direction: ltr; color: #000000; font-family: 'Segoe UI', 'Segoe UI Web', Arial, Verdana, sans-serif; font-size: 12px;\">\r\n\r\n<strong><span class=\"cf0\">FORT MILL (SC); MONTR\u00c9AL (QC); RICHMOND (BC), le 29 <\/span><span class=\"cf0\">octobre<\/span><\/strong><span class=\"cf0\"><strong> 2025<\/strong> <\/span><span class=\"cf1\">\u2013 Domtar <\/span><span class=\"cf1\">est<\/span> <span class=\"cf1\">fi<\/span><span class=\"cf0\">\u00e8re<\/span><span class=\"cf0\"> de <\/span><span class=\"cf0\">c\u00e9l\u00e9brer<\/span><span class=\"cf0\"> le premier\u202f<\/span><span class=\"cf0\">anniversaire<\/span><span class=\"cf0\"> de <\/span><span class=\"cf0\">sa<\/span><span class=\"cf0\"> marque <\/span><span class=\"cf0\">unifi\u00e9e<\/span><span class=\"cf0\">\u202f: Domtar, \u00ab\u202fLa <\/span><span class=\"cf0\">fibre<\/span><span class=\"cf0\"> de <\/span><span class=\"cf0\">l\u2019avenir<\/span><span class=\"cf0\">\u202f\u00bb. <\/span><span class=\"cf0\">L\u2019ann\u00e9e<\/span> <span class=\"cf0\">\u00e9coul\u00e9e<\/span><span class=\"cf0\"> a <\/span><span class=\"cf0\">\u00e9t\u00e9<\/span> <span class=\"cf0\">marqu\u00e9e<\/span><span class=\"cf0\"> par <\/span><span class=\"cf0\">l'expansion<\/span><span class=\"cf0\">, les <\/span><span class=\"cf0\">r\u00e9alisations<\/span><span class=\"cf0\"> et <\/span><span class=\"cf0\">l'incarnation<\/span><span class=\"cf0\"> des <\/span><span class=\"cf0\">nouvelles<\/span> <span class=\"cf0\">valeurs<\/span> <span class=\"cf0\">d\u2019entreprise<\/span><span class=\"cf0\">. <\/span>\r\n\r\n<span class=\"cf0\">\u00ab\u202fJe suis <\/span><span class=\"cf0\">extr\u00eamement<\/span> <span class=\"cf0\">impressionn\u00e9<\/span><span class=\"cf0\"> des <\/span><span class=\"cf0\">progr\u00e8s<\/span> <span class=\"cf0\">remarquables<\/span> <span class=\"cf0\">qu\u2019ont<\/span> <span class=\"cf0\">r\u00e9alis\u00e9s<\/span> <span class=\"cf0\">nos<\/span> <span class=\"cf0\">\u00e9quipes<\/span><span class=\"cf0\"> au <\/span><span class=\"cf0\">cours<\/span><span class=\"cf0\"> des 12\u202f<\/span><span class=\"cf0\">derniers<\/span> <span class=\"cf0\">mois<\/span><span class=\"cf0\">, a <\/span><span class=\"cf0\">d\u00e9clar\u00e9<\/span><span class=\"cf0\"> John Williams, <\/span><span class=\"cf0\">pr\u00e9sident<\/span><span class=\"cf0\"> non <\/span><span class=\"cf0\">ex\u00e9cutif<\/span><span class=\"cf0\"> du conseil de gestion. <\/span><span class=\"cf0\">Leur<\/span><span class=\"cf0\"> travail <\/span><span class=\"cf0\">assidu<\/span><span class=\"cf0\"> et <\/span><span class=\"cf0\">leur<\/span> <span class=\"cf0\">d\u00e9vouement<\/span><span class=\"cf0\"> se <\/span><span class=\"cf0\">sont<\/span> <span class=\"cf0\">av\u00e9r\u00e9s<\/span> <span class=\"cf0\">essentiels<\/span><span class=\"cf0\"> \u00e0 la <\/span><span class=\"cf0\">r\u00e9ussite<\/span><span class=\"cf0\"> de <\/span><span class=\"cf0\">notre<\/span> <span class=\"cf0\">int\u00e9gration<\/span><span class=\"cf0\">. Bien que nous ne <\/span><span class=\"cf0\">puissions<\/span> <span class=\"cf0\">souligner<\/span> <span class=\"cf0\">aujourd'hui<\/span> <span class=\"cf0\">toutes<\/span> <span class=\"cf0\">nos<\/span> <span class=\"cf0\">r\u00e9alisations<\/span><span class=\"cf0\">, il <\/span><span class=\"cf0\">importe<\/span><span class=\"cf0\"> de citer les <\/span><span class=\"cf0\">jalons<\/span><span class=\"cf0\"> de <\/span><span class=\"cf0\">notre<\/span><span class=\"cf0\"> premi\u00e8re <\/span><span class=\"cf0\">ann\u00e9e<\/span> <span class=\"cf0\">en<\/span><span class=\"cf0\"> tant <\/span><span class=\"cf0\">qu'entreprise<\/span> <span class=\"cf0\">unie<\/span><span class=\"cf0\">.\u202f\u00bb<\/span>\r\n\r\n<strong><span class=\"cf0\">Entente <\/span><span class=\"cf0\">historique<\/span><span class=\"cf0\"> avec la nation <\/span><span class=\"cf0\">Tla'amin<\/span><\/strong>\r\n\r\n<span class=\"cf0\">Domtar et la nation <\/span><span class=\"cf0\">Tla'amin<\/span> <span class=\"cf0\">ont<\/span> <span class=\"cf0\">sign\u00e9<\/span> <span class=\"cf0\">une<\/span><span class=\"cf0\"> entente <\/span><span class=\"cf0\">historique<\/span> <span class=\"cf0\">visant<\/span><span class=\"cf0\"> la <\/span><span class=\"cf0\">r\u00e9acquisition<\/span> <span class=\"cf0\">d'une<\/span> <span class=\"cf0\">grande<\/span> <span class=\"cf0\">partie<\/span><span class=\"cf0\"> des <\/span><span class=\"cf0\">terres<\/span><span class=\"cf0\"> \u00e0 <\/span><span class=\"cf0\">l'emplacement<\/span><span class=\"cf0\"> de <\/span><span class=\"cf0\">l'usine<\/span><span class=\"cf0\"> de papier de <\/span><span class=\"cf0\">tiskwat<\/span><span class=\"cf0\">, <\/span><span class=\"cf0\">situ\u00e9e<\/span><span class=\"cf0\"> \u00e0\u202fPowell River, <\/span><span class=\"cf0\">en<\/span> <span class=\"cf0\">Colombie-Britannique<\/span><span class=\"cf0\">. <\/span><span class=\"cf0\">tiskwat<\/span> <span class=\"cf0\">\u00e9tait<\/span><span class=\"cf0\"> autrefois un grand et important village pour le <\/span><span class=\"cf0\">peuple<\/span> <span class=\"cf0\">Tla'amin<\/span><span class=\"cf0\"> et <\/span><span class=\"cf0\">rev\u00eat<\/span> <span class=\"cf0\">une<\/span><span class=\"cf0\"> signification \u00e0 la <\/span><span class=\"cf0\">fois<\/span> <span class=\"cf0\">historique<\/span><span class=\"cf0\"> et <\/span><span class=\"cf0\">contemporaine<\/span><span class=\"cf0\">. <\/span><span class=\"cf0\">L\u2019entente<\/span> <span class=\"cf0\">est<\/span><span class=\"cf0\"> le <\/span><span class=\"cf0\">r\u00e9sultat<\/span><span class=\"cf0\"> de <\/span><span class=\"cf0\">plusieurs<\/span> <span class=\"cf0\">ann\u00e9es<\/span><span class=\"cf0\"> de travail et <\/span><span class=\"cf0\">d\u2019engagement<\/span><span class=\"cf0\"> de la part des deux parties, et <\/span><span class=\"cf0\">elle<\/span> <span class=\"cf0\">reconna\u00eet<\/span> <span class=\"cf0\">l'importance<\/span> <span class=\"cf0\">historique<\/span><span class=\"cf0\"> du <\/span><span class=\"cf0\">territoire<\/span> <span class=\"cf0\">ainsi<\/span><span class=\"cf0\"> que son <\/span><span class=\"cf0\">potentiel<\/span> <span class=\"cf0\">d\u2019avenir<\/span><span class=\"cf0\">.<\/span>\r\n\r\n<strong><span class=\"cf0\">Investissement<\/span><span class=\"cf0\"> dans le barrage Rothschild, au Wisconsin<\/span><\/strong>\r\n\r\n<span class=\"cf0\">Des <\/span><span class=\"cf0\">membres<\/span><span class=\"cf0\"> de la direction et du personnel de Domtar se <\/span><span class=\"cf0\">sont<\/span><span class=\"cf0\"> joints aux <\/span><span class=\"cf0\">repr\u00e9sentants<\/span><span class=\"cf0\"> et <\/span><span class=\"cf0\">repr\u00e9sentantes<\/span> <span class=\"cf0\">\u00e9tatiques<\/span><span class=\"cf0\"> et <\/span><span class=\"cf0\">locaux<\/span><span class=\"cf0\"> du Wisconsin pour le <\/span><span class=\"cf0\">lancement<\/span><span class=\"cf0\"> du <\/span><span class=\"cf0\">projet<\/span><span class=\"cf0\"> de <\/span><span class=\"cf0\">modernisation<\/span><span class=\"cf0\"> du barrage de Rothschild, <\/span><span class=\"cf0\">vieux<\/span><span class=\"cf0\"> de 113\u202f<\/span><span class=\"cf0\">ans<\/span><span class=\"cf0\">, au lac\u202fWausau. Le <\/span><span class=\"cf0\">remplacement<\/span><span class=\"cf0\"> de la section du <\/span><span class=\"cf0\">d\u00e9versoir<\/span> <span class=\"cf0\">en<\/span> <span class=\"cf0\">bois<\/span><span class=\"cf0\"> de 84\u202f<\/span><span class=\"cf0\">m\u00e8tres<\/span> <span class=\"cf0\">am\u00e9liorera<\/span><span class=\"cf0\"> la <\/span><span class=\"cf0\">s\u00e9curit\u00e9<\/span> <span class=\"cf0\">publique<\/span><span class=\"cf0\">, la <\/span><span class=\"cf0\">ma\u00eetrise<\/span><span class=\"cf0\"> des <\/span><span class=\"cf0\">crues<\/span><span class=\"cf0\">, le <\/span><span class=\"cf0\">d\u00e9veloppement<\/span> <span class=\"cf0\">\u00e9conomique<\/span><span class=\"cf0\"> local et les <\/span><span class=\"cf0\">possibilit\u00e9s<\/span><span class=\"cf0\"> de <\/span><span class=\"cf0\">loisirs<\/span><span class=\"cf0\"> dans les environs.<\/span>\r\n\r\n<strong><span class=\"cf0\">Don de <\/span><span class=\"cf0\">terres<\/span><span class=\"cf0\"> \u00e0 Conservation de la nature Canada<\/span><\/strong>\r\n\r\n<span class=\"cf0\">Domtar a fait un don de <\/span><span class=\"cf0\">terres<\/span> <span class=\"cf0\">historiques<\/span><span class=\"cf0\"> \u00e0 Conservation de la nature Canada, le plus important <\/span><span class=\"cf0\">re\u00e7u<\/span><span class=\"cf0\"> par <\/span><span class=\"cf0\">l\u2019organisme<\/span><span class=\"cf0\"> au <\/span><span class=\"cf0\">cours<\/span><span class=\"cf0\"> de <\/span><span class=\"cf0\">ses<\/span><span class=\"cf0\"> 54\u202f<\/span><span class=\"cf0\">ans<\/span><span class=\"cf0\"> de travail de conservation au\u202fCanada\u202f<\/span><span class=\"cf0\">atlantique<\/span><span class=\"cf0\">. Gr\u00e2ce \u00e0 <\/span><span class=\"cf0\">ce<\/span><span class=\"cf0\"> don de plus de 1\u202f800\u202fhectares (4\u202f400 acres) de <\/span><span class=\"cf0\">for\u00eat<\/span> <span class=\"cf0\">bor\u00e9ale<\/span><span class=\"cf0\">, de <\/span><span class=\"cf0\">berges<\/span> <span class=\"cf0\">lacustres<\/span><span class=\"cf0\"> et de milieux <\/span><span class=\"cf0\">humides<\/span><span class=\"cf0\"> dans la <\/span><span class=\"cf0\">r\u00e9gion<\/span><span class=\"cf0\"> du <\/span><span class=\"cf0\">centre<\/span><span class=\"cf0\"> de Terre-<\/span><span class=\"cf0\">Neuve<\/span><span class=\"cf0\">-et-Labrador, Domtar <\/span><span class=\"cf0\">contribue<\/span><span class=\"cf0\"> \u00e0 <\/span><span class=\"cf0\">cr\u00e9er<\/span><span class=\"cf0\"> des corridors de conservation <\/span><span class=\"cf0\">interreli\u00e9s<\/span><span class=\"cf0\"> qui <\/span><span class=\"cf0\">facilitent<\/span> <span class=\"cf0\">grandement<\/span><span class=\"cf0\"> les <\/span><span class=\"cf0\">d\u00e9placements<\/span><span class=\"cf0\"> de la <\/span><span class=\"cf0\">faune<\/span><span class=\"cf0\"> et <\/span><span class=\"cf0\">prot\u00e8gent<\/span><span class=\"cf0\"> les habitats de <\/span><span class=\"cf0\">toute<\/span><span class=\"cf0\"> la <\/span><span class=\"cf0\">r\u00e9gion<\/span><span class=\"cf0\">.<\/span>\r\n\r\n<strong><span class=\"cf0\">Publication du premier rapport sur le <\/span><span class=\"cf0\">d\u00e9veloppement<\/span><span class=\"cf0\"> durable de <\/span><span class=\"cf0\">l\u2019entreprise<\/span> <span class=\"cf0\">unie<\/span><\/strong>\r\n\r\n<span class=\"cf0\">Domtar a <\/span><span class=\"cf0\">publi\u00e9<\/span><span class=\"cf0\"> son tout premier rapport sur le <\/span><span class=\"cf0\">d\u00e9veloppement<\/span><span class=\"cf0\"> durable <\/span><span class=\"cf0\">depuis<\/span><span class=\"cf0\"> son <\/span><span class=\"cf0\">int\u00e9gration<\/span><span class=\"cf0\">. <\/span><span class=\"cf0\">Intitul\u00e9<\/span><span class=\"cf0\">\u202f<\/span><span class=\"cf0\">B\u00e2tir<\/span> <span class=\"cf0\">l'avenir<\/span><span class=\"cf0\"> sur de <\/span><span class=\"cf0\">pr\u00e9cieux<\/span> <span class=\"cf0\">h\u00e9ritages<\/span><span class=\"cf0\">, le document <\/span><span class=\"cf0\">pr\u00e9sente<\/span><span class=\"cf0\"> un premier portrait <\/span><span class=\"cf0\">consolid\u00e9<\/span><span class=\"cf0\"> de la performance de <\/span><span class=\"cf0\">l\u2019entreprise<\/span> <span class=\"cf0\">en<\/span><span class=\"cf0\"> mati\u00e8re de <\/span><span class=\"cf0\">d\u00e9veloppement<\/span><span class=\"cf0\"> durable par rapport \u00e0 un ensemble <\/span><span class=\"cf0\">exhaustif<\/span> <span class=\"cf0\">d\u2019indicateurs<\/span> <span class=\"cf0\">ainsi<\/span><span class=\"cf0\"> que <\/span><span class=\"cf0\">sa<\/span> <span class=\"cf0\">strat\u00e9gie<\/span><span class=\"cf0\"> de <\/span><span class=\"cf0\">d\u00e9veloppement<\/span><span class=\"cf0\"> durable 2030. Il met <\/span><span class=\"cf0\">aussi<\/span> <span class=\"cf0\">en<\/span> <span class=\"cf0\">\u00e9vidence<\/span><span class=\"cf0\"> les engagements de longue date de Domtar, <\/span><span class=\"cf0\">profond\u00e9ment<\/span> <span class=\"cf0\">ancr\u00e9s<\/span><span class=\"cf0\"> dans <\/span><span class=\"cf0\">l\u2019ensemble<\/span><span class=\"cf0\"> de <\/span><span class=\"cf0\">ses<\/span><span class=\"cf0\"> installations, \u00e0 <\/span><span class=\"cf0\">investir<\/span><span class=\"cf0\"> dans <\/span><span class=\"cf0\">l'innovation<\/span><span class=\"cf0\"> et <\/span><span class=\"cf0\">l'am\u00e9lioration<\/span><span class=\"cf0\"> de la performance, de <\/span><span class=\"cf0\">m\u00eame<\/span> <span class=\"cf0\">qu\u2019\u00e0<\/span> <span class=\"cf0\">favoriser<\/span> <span class=\"cf0\">une<\/span><span class=\"cf0\"> plus <\/span><span class=\"cf0\">grande<\/span> <span class=\"cf0\">r\u00e9silience<\/span><span class=\"cf0\">.<\/span>\r\n\r\n<strong><span class=\"cf0\">Accroissement<\/span><span class=\"cf0\"> de la <\/span><span class=\"cf0\">capacit\u00e9<\/span><span class=\"cf0\"> de transformation du papier <\/span><span class=\"cf0\">thermique<\/span><span class=\"cf0\"> pour <\/span><span class=\"cf0\">syst\u00e8me<\/span><span class=\"cf0\"> de point de vente<\/span><\/strong>\r\n\r\n<span class=\"cf0\">Domtar a <\/span><span class=\"cf0\">accru<\/span> <span class=\"cf0\">sa<\/span> <span class=\"cf0\">capacit\u00e9<\/span><span class=\"cf0\"> de transformation de <\/span><span class=\"cf0\">bobines<\/span> <span class=\"cf0\">m\u00e8res<\/span><span class=\"cf0\"> de papier <\/span><span class=\"cf0\">thermique<\/span> <span class=\"cf0\">en<\/span><span class=\"cf0\"> rouleaux de <\/span><span class=\"cf0\">re\u00e7us<\/span><span class=\"cf0\"> pour les <\/span><span class=\"cf0\">syst\u00e8mes<\/span><span class=\"cf0\"> de point de vente, <\/span><span class=\"cf0\">destin\u00e9s<\/span><span class=\"cf0\"> aux <\/span><span class=\"cf0\">secteurs<\/span> <span class=\"cf0\">tels<\/span><span class=\"cf0\"> que les services <\/span><span class=\"cf0\">alimentaires<\/span><span class=\"cf0\">, la vente au <\/span><span class=\"cf0\">d\u00e9tail<\/span><span class=\"cf0\">, les pharmacies et les services financiers. Domtar <\/span><span class=\"cf0\">est<\/span> <span class=\"cf0\">d\u00e9sormais<\/span> <span class=\"cf0\">en<\/span> <span class=\"cf0\">mesure<\/span><span class=\"cf0\"> de faire <\/span><span class=\"cf0\">b\u00e9n\u00e9ficier<\/span> <span class=\"cf0\">sa<\/span> <span class=\"cf0\">client\u00e8le<\/span><span class=\"cf0\"> de <\/span><span class=\"cf0\">l\u2019excellence<\/span><span class=\"cf0\"> de son exploitation et de <\/span><span class=\"cf0\">sa<\/span> <span class=\"cf0\">cha\u00eene<\/span> <span class=\"cf0\">d\u2019approvisionnement<\/span><span class=\"cf0\">, <\/span><span class=\"cf0\">rendue<\/span><span class=\"cf0\"> possible par <\/span><span class=\"cf0\">l\u2019enti\u00e8re<\/span> <span class=\"cf0\">int\u00e9gration<\/span><span class=\"cf0\"> de <\/span><span class=\"cf0\">ses<\/span> <span class=\"cf0\">activit\u00e9s<\/span> <span class=\"cf0\">nord-am\u00e9ricaines<\/span><span class=\"cf0\"> dans le <\/span><span class=\"cf0\">secteur<\/span><span class=\"cf0\"> du papier <\/span><span class=\"cf0\">thermique<\/span><span class=\"cf0\">.\u202f<\/span>\r\n\r\n<strong><span class=\"cf0\">Reconnaissance de <\/span><span class=\"cf0\">l\u2019industrie<\/span><\/strong>\r\n\r\n<span class=\"cf0\">Depuis<\/span><span class=\"cf0\"> les 12\u202f<\/span><span class=\"cf0\">derniers<\/span> <span class=\"cf0\">mois<\/span><span class=\"cf0\">, <\/span><span class=\"cf0\">plusieurs<\/span> <span class=\"cf0\">organisations<\/span> <span class=\"cf0\">ont<\/span> <span class=\"cf0\">honor\u00e9<\/span><span class=\"cf0\"> Domtar\u202f:<\/span>\r\n<ul>\r\n \t<li><span class=\"cf0\">L\u2019American<\/span><span class=\"cf0\"> Forest and Paper Association <\/span><span class=\"cf0\">lui<\/span><span class=\"cf0\"> a remis le prix de leadership <\/span><span class=\"cf0\">en<\/span> <span class=\"cf0\">d\u00e9veloppement<\/span><span class=\"cf0\"> durable pour <\/span><span class=\"cf0\">sa<\/span><span class=\"cf0\"> gestion des <\/span><span class=\"cf0\">ressources<\/span> <span class=\"cf0\">hydriques<\/span><span class=\"cf0\">.<\/span><\/li>\r\n \t<li><span class=\"cf0\">Corporate Knights <\/span><span class=\"cf0\">l\u2019a<\/span> <span class=\"cf0\">inscrite<\/span><span class=\"cf0\"> au <\/span><span class=\"cf0\">nombre<\/span><span class=\"cf0\"> des 25 <\/span><span class=\"cf0\">soci\u00e9t\u00e9s<\/span> <span class=\"cf0\">ferm\u00e9es<\/span><span class=\"cf0\"> les plus durables du monde. <\/span><\/li>\r\n \t<li><span class=\"cf0\">La National Recycling Coalition a <\/span><span class=\"cf0\">d\u00e9cern\u00e9<\/span><span class=\"cf0\"> \u00e0 <\/span><span class=\"cf0\">l\u2019usine<\/span><span class=\"cf0\"> Kingsport le prix de leadership <\/span><span class=\"cf0\">d'entreprise<\/span> <span class=\"cf0\">exceptionnel<\/span><span class=\"cf0\">\u202fFred Schmitt\u202fpour <\/span><span class=\"cf0\">souligner<\/span><span class=\"cf0\"> son leadership, son innovation et <\/span><span class=\"cf0\">sa<\/span> <span class=\"cf0\">r\u00e9ussite<\/span><span class=\"cf0\"> dans les <\/span><span class=\"cf0\">domaines<\/span><span class=\"cf0\"> du <\/span><span class=\"cf0\">recyclage<\/span><span class=\"cf0\"> et de la <\/span><span class=\"cf0\">valorisation<\/span><span class=\"cf0\">. <\/span><\/li>\r\n \t<li><span class=\"cf0\">Crayola <\/span><span class=\"cf0\">lui<\/span><span class=\"cf0\"> a <\/span><span class=\"cf0\">d\u00e9cern\u00e9<\/span><span class=\"cf0\"> le prix pour <\/span><span class=\"cf0\">l\u2019\u00e9nergie<\/span> <span class=\"cf0\">renouvelable<\/span><span class=\"cf0\"> 2025 CARE (pour Colorful Action for Renewable Energy) qui <\/span><span class=\"cf0\">reconna\u00eet<\/span><span class=\"cf0\"> son <\/span><span class=\"cf0\">soutien<\/span><span class=\"cf0\"> \u00e0 la <\/span><span class=\"cf0\">client\u00e8le<\/span><span class=\"cf0\">. <\/span><\/li>\r\n<\/ul>\r\n<strong><span class=\"cf0\">Harmonisation<\/span><span class=\"cf0\"> des politiques <\/span><span class=\"cf0\">refl\u00e9tant<\/span><span class=\"cf0\"> les <\/span><span class=\"cf0\">valeurs<\/span><span class=\"cf0\"> de Domtar<\/span><\/strong>\r\n\r\n<span class=\"cf0\">Au <\/span><span class=\"cf0\">cours<\/span><span class=\"cf0\"> de la <\/span><span class=\"cf0\">derni\u00e8re<\/span> <span class=\"cf0\">ann\u00e9e<\/span><span class=\"cf0\">, des <\/span><span class=\"cf0\">\u00e9quipes<\/span> <span class=\"cf0\">attitr\u00e9es<\/span> <span class=\"cf0\">ont<\/span> <span class=\"cf0\">travaill\u00e9<\/span> <span class=\"cf0\">assidument<\/span><span class=\"cf0\"> \u00e0 <\/span><span class=\"cf0\">l\u2019\u00e9laboration<\/span><span class=\"cf0\"> de politiques <\/span><span class=\"cf0\">d\u2019entreprise<\/span><span class=\"cf0\"> qui <\/span><span class=\"cf0\">incarnent<\/span> <span class=\"cf0\">notre<\/span><span class=\"cf0\"> vision commune. La Politique <\/span><span class=\"cf0\">environnementale<\/span><span class=\"cf0\">, la Politique sur le <\/span><span class=\"cf0\">d\u00e9veloppement<\/span><span class=\"cf0\"> durable et la Politique <\/span><span class=\"cf0\">mondiale<\/span> <span class=\"cf0\">en<\/span><span class=\"cf0\"> mati\u00e8re de relations avec les <\/span><span class=\"cf0\">Autochtones<\/span> <span class=\"cf0\">sont<\/span><span class=\"cf0\"> des <\/span><span class=\"cf0\">outils<\/span><span class=\"cf0\"> qui <\/span><span class=\"cf0\">orientent<\/span> <span class=\"cf0\">nos<\/span> <span class=\"cf0\">d\u00e9cisions<\/span><span class=\"cf0\">, <\/span><span class=\"cf0\">fa\u00e7onnent<\/span> <span class=\"cf0\">nos<\/span><span class=\"cf0\"> actions et <\/span><span class=\"cf0\">ont<\/span> <span class=\"cf0\">une<\/span><span class=\"cf0\"> incidence <\/span><span class=\"cf0\">concr\u00e8te<\/span><span class=\"cf0\"> et <\/span><span class=\"cf0\">r\u00e9elle<\/span><span class=\"cf0\">. <\/span><span class=\"cf0\">Ces<\/span><span class=\"cf0\"> politiques <\/span><span class=\"cf0\">incarnent<\/span><span class=\"cf0\"> les <\/span><span class=\"cf0\">valeurs<\/span><span class=\"cf0\"> qui nous <\/span><span class=\"cf0\">unissent<\/span><span class=\"cf0\"> et <\/span><span class=\"cf0\">soutiennent<\/span> <span class=\"cf0\">l\u2019esprit<\/span><span class=\"cf0\"> de collaboration, les <\/span><span class=\"cf0\">principes<\/span><span class=\"cf0\"> de <\/span><span class=\"cf0\">d\u00e9veloppement<\/span><span class=\"cf0\"> durable et <\/span><span class=\"cf0\">l\u2019engagement<\/span> <span class=\"cf0\">envers<\/span> <span class=\"cf0\">l'excellence<\/span><span class=\"cf0\"> qui <\/span><span class=\"cf0\">d\u00e9finiront<\/span> <span class=\"cf0\">notre<\/span><span class=\"cf0\"> avenir.<\/span>\r\n\r\n<strong><span class=\"cf0\">\u00c0 <\/span><span class=\"cf0\">propos<\/span><span class=\"cf0\"> de Domtar\u202f<\/span><\/strong>\r\n\r\n<span class=\"cf0\">Domtar <\/span><span class=\"cf0\">est<\/span> <span class=\"cf0\">une<\/span> <span class=\"cf0\">importante<\/span> <span class=\"cf0\">soci\u00e9t\u00e9<\/span> <span class=\"cf0\">ferm\u00e9e<\/span><span class=\"cf0\"> qui <\/span><span class=\"cf0\">fabrique<\/span><span class=\"cf0\"> divers <\/span><span class=\"cf0\">produits<\/span> <span class=\"cf0\">forestiers<\/span><span class=\"cf0\"> et <\/span><span class=\"cf0\">emploie<\/span> <span class=\"cf0\">pr\u00e8s<\/span><span class=\"cf0\"> de 14\u202f000\u202f<\/span><span class=\"cf0\">personnes<\/span><span class=\"cf0\"> dans plus de 60\u202f<\/span><span class=\"cf0\">\u00e9tablissements<\/span> <span class=\"cf0\">partout<\/span> <span class=\"cf0\">en<\/span> <span class=\"cf0\">Am\u00e9rique<\/span><span class=\"cf0\"> du Nord. La <\/span><span class=\"cf0\">soci\u00e9t\u00e9<\/span><span class=\"cf0\"> a <\/span><span class=\"cf0\">une<\/span> <span class=\"cf0\">capacit\u00e9<\/span><span class=\"cf0\"> de production <\/span><span class=\"cf0\">annuelle<\/span><span class=\"cf0\"> de 7,2\u202fmillions de <\/span><span class=\"cf0\">tonnes<\/span> <span class=\"cf0\">m\u00e9triques<\/span><span class=\"cf0\"> de p\u00e2te, de papier, <\/span><span class=\"cf0\">d'emballage<\/span><span class=\"cf0\"> et de papier <\/span><span class=\"cf0\">tissu<\/span><span class=\"cf0\">, et <\/span><span class=\"cf0\">d'environ<\/span><span class=\"cf0\"> 3\u202fmilliards de <\/span><span class=\"cf0\">pieds-planche<\/span><span class=\"cf0\"> de <\/span><span class=\"cf0\">bois<\/span> <span class=\"cf0\">d'<\/span><span class=\"cf2\">\u0153uvre<\/span><span class=\"cf2\"> et <\/span><span class=\"cf2\">d'autres<\/span> <span class=\"cf2\">produits<\/span><span class=\"cf2\"> du <\/span><span class=\"cf2\">bois<\/span><span class=\"cf2\">. <\/span><span class=\"cf2\">Auparavant<\/span> <span class=\"cf2\">connue<\/span><span class=\"cf2\"> sous le nom de Groupe Papier Excellence, Domtar <\/span><span class=\"cf2\">comprend<\/span><span class=\"cf2\"> les <\/span><span class=\"cf2\">anciennes<\/span> <span class=\"cf2\">entreprises<\/span><span class=\"cf2\"> que <\/span><span class=\"cf2\">sont<\/span><span class=\"cf2\"> Paper Excellence, Domtar Corporation et <\/span><span class=\"cf2\">Produits<\/span> <span class=\"cf2\">forestiers<\/span> <span class=\"cf2\">R<\/span><span class=\"cf0\">\u00e9solu<\/span><span class=\"cf0\">, et <\/span><span class=\"cf0\">est<\/span> <span class=\"cf0\">d\u00e9tenue<\/span><span class=\"cf0\"> par <\/span><span class=\"cf0\">l'investisseur<\/span><span class=\"cf0\"> Jackson Wijaya.\u202f<\/span>\r\n\r\n<span class=\"cf0\">Domtar <\/span><span class=\"cf0\">pr\u00f4ne<\/span> <span class=\"cf0\">l'excellence<\/span> <span class=\"cf0\">op\u00e9rationnelle<\/span><span class=\"cf0\"> et <\/span><span class=\"cf0\">fournit<\/span><span class=\"cf0\"> des <\/span><span class=\"cf0\">produits<\/span><span class=\"cf0\"> durables, <\/span><span class=\"cf0\">\u00e9conomiques<\/span><span class=\"cf0\"> et de <\/span><span class=\"cf0\">qualit\u00e9<\/span><span class=\"cf0\"> sup\u00e9rieure pour <\/span><span class=\"cf0\">r\u00e9pondre<\/span><span class=\"cf0\"> aux <\/span><span class=\"cf0\">besoins<\/span><span class=\"cf0\"> de la <\/span><span class=\"cf0\">client\u00e8le<\/span><span class=\"cf0\"> \u00e0 <\/span><span class=\"cf0\">l'\u00e9chelle<\/span> <span class=\"cf0\">mondiale<\/span><span class=\"cf0\">, <\/span><span class=\"cf0\">voire<\/span><span class=\"cf0\"> les <\/span><span class=\"cf0\">surpasser<\/span><span class=\"cf0\">. La <\/span><span class=\"cf0\">soci\u00e9t\u00e9<\/span><span class=\"cf0\"> se <\/span><span class=\"cf0\">consacre<\/span><span class=\"cf0\"> au <\/span><span class=\"cf0\">d\u00e9veloppement<\/span><span class=\"cf0\"> durable et <\/span><span class=\"cf0\">s'engage<\/span><span class=\"cf0\"> \u00e0 transformer de la <\/span><span class=\"cf0\">fibre<\/span><span class=\"cf0\"> de <\/span><span class=\"cf0\">bois<\/span><span class=\"cf0\"> issue de sources <\/span><span class=\"cf0\">responsables<\/span> <span class=\"cf0\">en<\/span> <span class=\"cf0\">produits<\/span> <span class=\"cf0\">essentiels<\/span><span class=\"cf0\"> \u00e0 usage <\/span><span class=\"cf0\">quotidien<\/span><span class=\"cf0\">. Pour un <\/span><span class=\"cf0\">compl\u00e9ment<\/span> <span class=\"cf0\">d'information<\/span><span class=\"cf0\">, consulter\u202fwww.domtar.com\/<\/span><span class=\"cf0\">fr.<\/span><span class=\"cf0\">\u202f<\/span>\r\n\r\n<\/div>\r\n<\/div>","contact":"Pour plus de renseignements :  Guillaume Julien, directeur principal, Affaires publiques, 418 572-6058, guillaume.julien@domtar.com\u202f ","summary":"FORT MILL (SC); MONTR\u00c9AL (QC); RICHMOND (BC), le 29 octobre 2025 \u2013 Domtar est fi\u00e8re de c\u00e9l\u00e9brer le premier anniversaire de sa marque unifi\u00e9e : Domtar, \u00ab La fibre de l\u2019avenir \u00bb....","meta_title":""},"yoast_head":"<!-- This site is optimized with the Yoast SEO Premium plugin v27.4 (Yoast SEO v27.4) - https:\/\/yoast.com\/product\/yoast-seo-premium-wordpress\/ -->\n<title>Domtar c\u00e9l\u00e8bre le premier anniversaire de sa marque unifi\u00e9e - Domtar<\/title>\n<meta name=\"robots\" content=\"index, follow, max-snippet:-1, max-image-preview:large, max-video-preview:-1\" \/>\n<link rel=\"canonical\" href=\"https:\/\/www.domtar.com\/fr\/press_releases\/domtar-celebre-le-premier-anniversaire-de-sa-marque-unifiee\/\" \/>\n<meta property=\"og:locale\" content=\"fr_FR\" \/>\n<meta property=\"og:type\" content=\"article\" \/>\n<meta property=\"og:title\" content=\"Domtar c\u00e9l\u00e8bre le premier anniversaire de sa marque unifi\u00e9e\" \/>\n<meta property=\"og:description\" content=\"FORT MILL (SC); MONTR\u00c9AL (QC); RICHMOND (BC), le 29 octobre 2025 \u2013 Domtar est fi\u00e8re de c\u00e9l\u00e9brer le premier anniversaire de sa marque unifi\u00e9e : Domtar, \u00ab La fibre de l\u2019avenir \u00bb....\" \/>\n<meta property=\"og:url\" content=\"https:\/\/www.domtar.com\/fr\/press_releases\/domtar-celebre-le-premier-anniversaire-de-sa-marque-unifiee\/\" \/>\n<meta property=\"og:site_name\" content=\"Domtar\" \/>\n<meta property=\"article:publisher\" content=\"https:\/\/www.facebook.com\/DomtarEveryday\/\" \/>\n<meta property=\"article:modified_time\" content=\"2025-12-20T17:12:36+00:00\" \/>\n<meta property=\"og:image\" content=\"https:\/\/www.domtar.com\/wp-content\/uploads\/2025\/10\/Domtar_sharing_img_2x-min-1.png\" \/>\n\t<meta property=\"og:image:width\" content=\"2400\" \/>\n\t<meta property=\"og:image:height\" content=\"1350\" \/>\n\t<meta property=\"og:image:type\" content=\"image\/png\" \/>\n<meta name=\"twitter:card\" content=\"summary_large_image\" \/>\n<meta name=\"twitter:site\" content=\"@DomtarEveryday\" \/>\n<meta name=\"twitter:label1\" content=\"Dur\u00e9e de lecture estim\u00e9e\" \/>\n\t<meta name=\"twitter:data1\" content=\"5 minutes\" \/>\n<script type=\"application\/ld+json\" class=\"yoast-schema-graph\">{\"@context\":\"https:\\\/\\\/schema.org\",\"@graph\":[{\"@type\":\"WebPage\",\"@id\":\"https:\\\/\\\/www.domtar.com\\\/fr\\\/press_releases\\\/domtar-celebre-le-premier-anniversaire-de-sa-marque-unifiee\\\/\",\"url\":\"https:\\\/\\\/www.domtar.com\\\/fr\\\/press_releases\\\/domtar-celebre-le-premier-anniversaire-de-sa-marque-unifiee\\\/\",\"name\":\"Domtar c\u00e9l\u00e8bre le premier anniversaire de sa marque unifi\u00e9e - Domtar\",\"isPartOf\":{\"@id\":\"https:\\\/\\\/www.domtar.com\\\/fr\\\/#website\"},\"datePublished\":\"2025-10-29T19:47:00+00:00\",\"dateModified\":\"2025-12-20T17:12:36+00:00\",\"breadcrumb\":{\"@id\":\"https:\\\/\\\/www.domtar.com\\\/fr\\\/press_releases\\\/domtar-celebre-le-premier-anniversaire-de-sa-marque-unifiee\\\/#breadcrumb\"},\"inLanguage\":\"fr-FR\",\"potentialAction\":[{\"@type\":\"ReadAction\",\"target\":[\"https:\\\/\\\/www.domtar.com\\\/fr\\\/press_releases\\\/domtar-celebre-le-premier-anniversaire-de-sa-marque-unifiee\\\/\"]}]},{\"@type\":\"BreadcrumbList\",\"@id\":\"https:\\\/\\\/www.domtar.com\\\/fr\\\/press_releases\\\/domtar-celebre-le-premier-anniversaire-de-sa-marque-unifiee\\\/#breadcrumb\",\"itemListElement\":[{\"@type\":\"ListItem\",\"position\":1,\"name\":\"Home\",\"item\":\"https:\\\/\\\/www.domtar.com\\\/fr\\\/\"},{\"@type\":\"ListItem\",\"position\":2,\"name\":\"Domtar c\u00e9l\u00e8bre le premier anniversaire de sa marque unifi\u00e9e\"}]},{\"@type\":\"WebSite\",\"@id\":\"https:\\\/\\\/www.domtar.com\\\/fr\\\/#website\",\"url\":\"https:\\\/\\\/www.domtar.com\\\/fr\\\/\",\"name\":\"Domtar | The Fiber for the Future\",\"description\":\"The Sustainable Paper, Pulp and Packaging Company\",\"publisher\":{\"@id\":\"https:\\\/\\\/www.domtar.com\\\/fr\\\/#organization\"},\"alternateName\":\"Domtar\",\"potentialAction\":[{\"@type\":\"SearchAction\",\"target\":{\"@type\":\"EntryPoint\",\"urlTemplate\":\"https:\\\/\\\/www.domtar.com\\\/fr\\\/?s={search_term_string}\"},\"query-input\":{\"@type\":\"PropertyValueSpecification\",\"valueRequired\":true,\"valueName\":\"search_term_string\"}}],\"inLanguage\":\"fr-FR\"},{\"@type\":\"Organization\",\"@id\":\"https:\\\/\\\/www.domtar.com\\\/fr\\\/#organization\",\"name\":\"Domtar\",\"url\":\"https:\\\/\\\/www.domtar.com\\\/fr\\\/\",\"logo\":{\"@type\":\"ImageObject\",\"inLanguage\":\"fr-FR\",\"@id\":\"https:\\\/\\\/www.domtar.com\\\/fr\\\/#\\\/schema\\\/logo\\\/image\\\/\",\"url\":\"https:\\\/\\\/www.domtar.com\\\/wp-content\\\/uploads\\\/2023\\\/03\\\/domtar_logo_rgb_green.png\",\"contentUrl\":\"https:\\\/\\\/www.domtar.com\\\/wp-content\\\/uploads\\\/2023\\\/03\\\/domtar_logo_rgb_green.png\",\"width\":1153,\"height\":263,\"caption\":\"Domtar\"},\"image\":{\"@id\":\"https:\\\/\\\/www.domtar.com\\\/fr\\\/#\\\/schema\\\/logo\\\/image\\\/\"},\"sameAs\":[\"https:\\\/\\\/www.facebook.com\\\/DomtarEveryday\\\/\",\"https:\\\/\\\/x.com\\\/DomtarEveryday\",\"https:\\\/\\\/www.linkedin.com\\\/company\\\/domtar\\\/\",\"https:\\\/\\\/www.youtube.com\\\/channel\\\/UCh8Zhq2Rmxhl5Km0krrGoYw\"],\"ethicsPolicy\":\"https:\\\/\\\/www.domtar.com\\\/fr\\\/notre-entreprise\\\/ethique-et-conformite\\\/\"}]}<\/script>\n<!-- \/ Yoast SEO Premium plugin. -->","yoast_head_json":{"title":"Domtar c\u00e9l\u00e8bre le premier anniversaire de sa marque unifi\u00e9e - Domtar","robots":{"index":"index","follow":"follow","max-snippet":"max-snippet:-1","max-image-preview":"max-image-preview:large","max-video-preview":"max-video-preview:-1"},"canonical":"https:\/\/www.domtar.com\/fr\/press_releases\/domtar-celebre-le-premier-anniversaire-de-sa-marque-unifiee\/","og_locale":"fr_FR","og_type":"article","og_title":"Domtar c\u00e9l\u00e8bre le premier anniversaire de sa marque unifi\u00e9e","og_description":"FORT MILL (SC); MONTR\u00c9AL (QC); RICHMOND (BC), le 29 octobre 2025 \u2013 Domtar est fi\u00e8re de c\u00e9l\u00e9brer le premier anniversaire de sa marque unifi\u00e9e : Domtar, \u00ab La fibre de l\u2019avenir \u00bb....","og_url":"https:\/\/www.domtar.com\/fr\/press_releases\/domtar-celebre-le-premier-anniversaire-de-sa-marque-unifiee\/","og_site_name":"Domtar","article_publisher":"https:\/\/www.facebook.com\/DomtarEveryday\/","article_modified_time":"2025-12-20T17:12:36+00:00","og_image":[{"width":2400,"height":1350,"url":"https:\/\/www.domtar.com\/wp-content\/uploads\/2025\/10\/Domtar_sharing_img_2x-min-1.png","type":"image\/png"}],"twitter_card":"summary_large_image","twitter_site":"@DomtarEveryday","twitter_misc":{"Dur\u00e9e de lecture estim\u00e9e":"5 minutes"},"schema":{"@context":"https:\/\/schema.org","@graph":[{"@type":"WebPage","@id":"https:\/\/www.domtar.com\/fr\/press_releases\/domtar-celebre-le-premier-anniversaire-de-sa-marque-unifiee\/","url":"https:\/\/www.domtar.com\/fr\/press_releases\/domtar-celebre-le-premier-anniversaire-de-sa-marque-unifiee\/","name":"Domtar c\u00e9l\u00e8bre le premier anniversaire de sa marque unifi\u00e9e - Domtar","isPartOf":{"@id":"https:\/\/www.domtar.com\/fr\/#website"},"datePublished":"2025-10-29T19:47:00+00:00","dateModified":"2025-12-20T17:12:36+00:00","breadcrumb":{"@id":"https:\/\/www.domtar.com\/fr\/press_releases\/domtar-celebre-le-premier-anniversaire-de-sa-marque-unifiee\/#breadcrumb"},"inLanguage":"fr-FR","potentialAction":[{"@type":"ReadAction","target":["https:\/\/www.domtar.com\/fr\/press_releases\/domtar-celebre-le-premier-anniversaire-de-sa-marque-unifiee\/"]}]},{"@type":"BreadcrumbList","@id":"https:\/\/www.domtar.com\/fr\/press_releases\/domtar-celebre-le-premier-anniversaire-de-sa-marque-unifiee\/#breadcrumb","itemListElement":[{"@type":"ListItem","position":1,"name":"Home","item":"https:\/\/www.domtar.com\/fr\/"},{"@type":"ListItem","position":2,"name":"Domtar c\u00e9l\u00e8bre le premier anniversaire de sa marque unifi\u00e9e"}]},{"@type":"WebSite","@id":"https:\/\/www.domtar.com\/fr\/#website","url":"https:\/\/www.domtar.com\/fr\/","name":"Domtar | The Fiber for the Future","description":"The Sustainable Paper, Pulp and Packaging Company","publisher":{"@id":"https:\/\/www.domtar.com\/fr\/#organization"},"alternateName":"Domtar","potentialAction":[{"@type":"SearchAction","target":{"@type":"EntryPoint","urlTemplate":"https:\/\/www.domtar.com\/fr\/?s={search_term_string}"},"query-input":{"@type":"PropertyValueSpecification","valueRequired":true,"valueName":"search_term_string"}}],"inLanguage":"fr-FR"},{"@type":"Organization","@id":"https:\/\/www.domtar.com\/fr\/#organization","name":"Domtar","url":"https:\/\/www.domtar.com\/fr\/","logo":{"@type":"ImageObject","inLanguage":"fr-FR","@id":"https:\/\/www.domtar.com\/fr\/#\/schema\/logo\/image\/","url":"https:\/\/www.domtar.com\/wp-content\/uploads\/2023\/03\/domtar_logo_rgb_green.png","contentUrl":"https:\/\/www.domtar.com\/wp-content\/uploads\/2023\/03\/domtar_logo_rgb_green.png","width":1153,"height":263,"caption":"Domtar"},"image":{"@id":"https:\/\/www.domtar.com\/fr\/#\/schema\/logo\/image\/"},"sameAs":["https:\/\/www.facebook.com\/DomtarEveryday\/","https:\/\/x.com\/DomtarEveryday","https:\/\/www.linkedin.com\/company\/domtar\/","https:\/\/www.youtube.com\/channel\/UCh8Zhq2Rmxhl5Km0krrGoYw"],"ethicsPolicy":"https:\/\/www.domtar.com\/fr\/notre-entreprise\/ethique-et-conformite\/"}]}},"_links":{"self":[{"href":"https:\/\/www.domtar.com\/fr\/wp-json\/wp\/v2\/press_releases\/46211","targetHints":{"allow":["GET"]}}],"collection":[{"href":"https:\/\/www.domtar.com\/fr\/wp-json\/wp\/v2\/press_releases"}],"about":[{"href":"https:\/\/www.domtar.com\/fr\/wp-json\/wp\/v2\/types\/press_releases"}],"author":[{"embeddable":true,"href":"https:\/\/www.domtar.com\/fr\/wp-json\/wp\/v2\/users\/1"}],"version-history":[{"count":0,"href":"https:\/\/www.domtar.com\/fr\/wp-json\/wp\/v2\/press_releases\/46211\/revisions"}],"wp:attachment":[{"href":"https:\/\/www.domtar.com\/fr\/wp-json\/wp\/v2\/media?parent=46211"}],"wp:term":[{"taxonomy":"press_release","embeddable":true,"href":"https:\/\/www.domtar.com\/fr\/wp-json\/wp\/v2\/press_release?post=46211"}],"curies":[{"name":"wp","href":"https:\/\/api.w.org\/{rel}","templated":true}]}}