{"id":46129,"date":"2022-02-14T12:00:00","date_gmt":"2022-02-14T12:00:00","guid":{"rendered":"https:\/\/www.domtar.com\/press_releases\/resolu-accroitra-la-competitivite-de-ses-produits-du-bois-en-rachetant-la-participation-de-son-partenaire-specialise-en-poutrelles-en-i-et-en-acquerant-une-centrale-de-cogeneration-strategique\/"},"modified":"2025-12-21T00:17:58","modified_gmt":"2025-12-21T00:17:58","slug":"resolu-accroitra-la-competitivite-de-ses-produits-du-bois-en-rachetant-la-participation-de-son-partenaire-specialise-en-poutrelles-en-i-et-en-acquerant-une-centrale-de-cogeneration-strategique","status":"publish","type":"press_releases","link":"https:\/\/www.domtar.com\/fr\/press_releases\/resolu-accroitra-la-competitivite-de-ses-produits-du-bois-en-rachetant-la-participation-de-son-partenaire-specialise-en-poutrelles-en-i-et-en-acquerant-une-centrale-de-cogeneration-strategique\/","title":{"rendered":"R\u00e9solu accro\u00eetra la comp\u00e9titivit\u00e9 de ses produits du bois en rachetant la participation de son partenaire sp\u00e9cialis\u00e9 en poutrelles en I et en acqu\u00e9rant une centrale de cog\u00e9n\u00e9ration strat\u00e9gique"},"content":{"rendered":"<p class=\"prntar\">$\u00a0US<\/p>\r\nMONTR\u00c9AL, le 14 f\u00e9vr. 2022 \/CNW Telbec\/ &#8211; Produits forestiers R\u00e9solu Inc. (NYSE:\u00a0RFP) (TSX:\u00a0RFP) a annonc\u00e9 aujourd&rsquo;hui la conclusion de deux op\u00e9rations distinctes visant \u00e0 accro\u00eetre et \u00e0 am\u00e9liorer la comp\u00e9titivit\u00e9 de son secteur de produits du bois.\r\n\r\nR\u00e9solu a conclu aujourd&rsquo;hui une entente avec Louisiana-Pacific Corporation (NYSE:\u00a0LPX) visant \u00e0 racheter la participation de\u00a050\u00a0% de celle-ci dans deux coentreprises qui produisent des poutrelles en\u00a0I, de la r\u00e9gion du Lac-Saint-Jean, au Qu\u00e9bec, moyennant une contrepartie de\u00a050\u00a0millions de dollars et sous r\u00e9serve des rajustements habituels. Bois d&rsquo;ing\u00e9nierie R\u00e9solu-LP Larouche\u00a0inc. et Bois d&rsquo;ing\u00e9nierie R\u00e9solu-LP St-Prime s.e.c. sont situ\u00e9es \u00e0 <span class=\"xn-location\">Larouche<\/span> et \u00e0 <span class=\"xn-location\">Saint-Prime<\/span>, respectivement, et sont des participations comptabilis\u00e9es selon la m\u00e9thode de la mise en \u00e9quivalence dans lesquelles R\u00e9solu d\u00e9tient une participation de\u00a050\u00a0% dans chaque entit\u00e9. R\u00e9solu exploite les installations et son partenaire en coentreprise, <span class=\"xn-location\">Louisiana<\/span>-Pacific, vend les produits.\r\n\r\n\u00ab\u00a0<i>En acqu\u00e9rant la participation restante de 50\u00a0% dans le partenariat d&rsquo;entreprises fabriquant des poutrelles en\u00a0I, nous consolidons notre pr\u00e9sence dans le segment attrayant et en pleine croissance des produits du bois d&rsquo;ing\u00e9nierie gr\u00e2ce \u00e0 des actifs que nous connaissons bien <\/i><i>et \u00e0 une main-d&rsquo;\u0153uvre talentueuse et d\u00e9vou\u00e9e de plus de 175\u00a0personnes<\/i><i>,<\/i>\u00a0a d\u00e9clar\u00e9 R\u00e9mi\u00a0G. Lalonde, pr\u00e9sident et chef de la direction. <i>Cette op\u00e9ration nous permet non seulement de r\u00e9aliser l&rsquo;int\u00e9gration en aval de la capacit\u00e9 de production de plus de\u00a060\u00a0millions de pieds-planche de bois d&rsquo;\u0153uvre, mais aussi de consolider la pleine valeur du BAIIA qu&rsquo;elle g\u00e9n\u00e8re, dont la moiti\u00e9 \u00e9tait jusqu&rsquo;\u00e0 pr\u00e9sent incluse dans autres revenus. Je tiens \u00e0 souligner le succ\u00e8s de notre partenariat avec <span class=\"xn-location\">Louisiana<\/span>-Pacific, qui s&rsquo;est \u00e9tendu sur plusieurs d\u00e9cennies et que nous dissolvons \u00e0 l&rsquo;amiable alors que nous poursuivrons d\u00e9sormais des occasions de cr\u00e9ation de valeur pour nos entreprises respectives.<\/i>\u00a0\u00bb\r\n\r\nR\u00e9solu conclura les ententes avec <span class=\"xn-location\">Louisiana<\/span>-Pacific en vue de demeurer le distributeur exclusif des produits du bois d&rsquo;ing\u00e9nierie provenant des deux installations.\r\n\r\nDans le cadre d&rsquo;une autre op\u00e9ration, R\u00e9solu a \u00e9galement annonc\u00e9 une entente intervenue le 11\u00a0f\u00e9vrier avec Boralex (TSX:\u00a0BLX) visant l&rsquo;achat d&rsquo;une centrale de cog\u00e9n\u00e9ration \u00e0 <span class=\"xn-location\">Senneterre<\/span>, au Qu\u00e9bec.\r\n\r\n\u00ab\u00a0<i>L&rsquo;achat de la centrale de cog\u00e9n\u00e9ration de\u00a034,5\u00a0m\u00e9gawatts, adjacente \u00e0 notre scierie <span class=\"xn-location\">Senneterre<\/span>, s&rsquo;ajoute \u00e0 nos investissements importants dans la r\u00e9gion, notamment dans le projet en cours visant \u00e0 acqu\u00e9rir une nouvelle raboteuse et de l&rsquo;\u00e9quipement connexe, annonc\u00e9 l&rsquo;\u00e9t\u00e9 dernier, ainsi qu&rsquo;aux am\u00e9liorations op\u00e9rationnelles que nous avons r\u00e9alis\u00e9es r\u00e9cemment \u00e0 notre scierie Comtois<\/i>. <i>Gr\u00e2ce \u00e0 cette centrale de cog\u00e9n\u00e9ration, nous maximiserons l&rsquo;utilisation de la biomasse de nos installations r\u00e9gionales, g\u00e9n\u00e9rant de l&rsquo;\u00e9nergie verte et cr\u00e9ant une plateforme pour la croissance future et une comp\u00e9titivit\u00e9 accrue dans la r\u00e9gion de l&rsquo;Abitibi-T\u00e9miscamingue. Nous sommes heureux d&rsquo;accueillir les employ\u00e9s de la centrale de cog\u00e9n\u00e9ration. Ils sont plus de trente \u00e0 se joindre \u00e0 R\u00e9solu<\/i>\u00a0\u00bb, a ajout\u00e9 M.\u00a0Lalonde.\r\n\r\nLa r\u00e9alisation de ces acquisitions devrait avoir lieu au premier semestre de 2022, sous r\u00e9serve de l&rsquo;approbation des autorit\u00e9s de r\u00e9glementation et de certaines conditions de cl\u00f4ture.\r\n\r\nR\u00e9solu pr\u00e9voit r\u00e9gler le prix d&rsquo;achat des acquisitions au moyen de l&rsquo;encaisse disponible.\r\n\r\n<b>Mise en garde concernant les \u00e9nonc\u00e9s de nature prospective<\/b>\r\n\r\nLes \u00e9nonc\u00e9s contenus dans le pr\u00e9sent communiqu\u00e9 de presse qui ne sont pas des r\u00e9sultats publi\u00e9s ou d&rsquo;autres informations historiques de Produits forestiers R\u00e9solu Inc. (\u00ab\u00a0R\u00e9solu\u00a0\u00bb ou\u00a0\u00ab\u00a0nous\u00a0\u00bb) renferment des \u00ab\u00a0\u00e9nonc\u00e9s de nature prospective\u00a0\u00bb au sens de la\u00a0<i>Private Securities Litigation Reform Act of\u00a01995<\/i>. Ceux-ci incluent, notamment, les \u00e9nonc\u00e9s contenus dans le pr\u00e9sent communiqu\u00e9 de presse et les \u00e9nonc\u00e9s portant sur le respect des conditions de cl\u00f4ture ou la renonciation \u00e0 celles-ci pour les op\u00e9rations propos\u00e9es, le calendrier pr\u00e9vu pour la cl\u00f4ture des op\u00e9rations propos\u00e9es, la m\u00e9thode de financement propos\u00e9e pour conclure les op\u00e9rations propos\u00e9es, la conclusion des ententes de distribution propos\u00e9es avec <span class=\"xn-location\">Louisiana<\/span>-Pacific et les avantages et les incidences potentiels d\u00e9coulant des op\u00e9rations propos\u00e9es sur notre entreprise, notre situation financi\u00e8re, nos r\u00e9sultats d&rsquo;exploitation et nos liquidit\u00e9s.\u00a0Les \u00e9nonc\u00e9s prospectifs se reconnaissent \u00e0 l&rsquo;utilisation de verbes comme \u00ab\u00a0devoir\u00a0\u00bb et \u00ab\u00a0pouvoir\u00a0\u00bb au futur et au conditionnel, de mots et d&rsquo;expressions comme \u00ab\u00a0pr\u00e9voir\u00a0\u00bb, \u00ab\u00a0permettre\u00a0\u00bb, \u00ab\u00a0consolider\u00a0\u00bb, \u00ab\u00a0accro\u00eetre\u00a0\u00bb, \u00ab\u00a0favoriser\u00a0\u00bb, \u00ab\u00a0am\u00e9liorer\u00a0\u00bb, \u00ab\u00a0g\u00e9n\u00e9rer\u00a0\u00bb, \u00ab\u00a0cr\u00e9er\u00a0\u00bb, \u00ab\u00a0maximiser\u00a0\u00bb, \u00ab\u00a0demeurer\u00a0\u00bb et d&rsquo;autres verbes, mots et expressions de sens similaire indiquant des \u00e9v\u00e9nements futurs \u00e9ventuels ou une incidence \u00e9ventuelle sur les\u00a0activit\u00e9s de R\u00e9solu ou sur ses actionnaires.\r\n\r\nLe lecteur est pri\u00e9 de prendre garde de ne pas se fier sans r\u00e9serve aux \u00e9nonc\u00e9s prospectifs, car ils ne sont pas garants de la performance future. Ces \u00e9nonc\u00e9s sont fond\u00e9s sur les hypoth\u00e8ses, les opinions et les attentes actuelles de la direction, qui sont toutes expos\u00e9es \u00e0 un certain nombre de risques et d&rsquo;incertitudes sur le plan commercial en cons\u00e9quence desquels les r\u00e9sultats r\u00e9els pourraient diff\u00e9rer sensiblement de ceux qu&rsquo;ils contiennent. Les risques et incertitudes \u00e9ventuels comprennent, notamment, tout retard dans l&rsquo;obtention des approbations n\u00e9cessaires des autorit\u00e9s de r\u00e9glementation et du respect de certaines conditions de cl\u00f4ture, ce qui pourrait avoir une incidence d\u00e9favorable sur la r\u00e9alisation des op\u00e9rations propos\u00e9es, toute modification \u00e0 la m\u00e9thode de financement des op\u00e9rations propos\u00e9es, le risque de ne pas int\u00e9grer avec succ\u00e8s les activit\u00e9s ou les actifs acquis dans l&rsquo;entreprise ou de ne pas r\u00e9aliser la totalit\u00e9 ou une partie des avantages pr\u00e9vus des op\u00e9rations, ce qui pourrait avoir une incidence d\u00e9favorable sur les r\u00e9sultats d&rsquo;exploitation, la situation financi\u00e8re et les liquidit\u00e9s de R\u00e9solu, ainsi que les risques et incertitudes d\u00e9crits \u00e0 la partie\u00a0I, rubrique\u00a01A, \u00ab\u00a0Facteurs de risque\u00a0\u00bb, du rapport annuel sur formulaire\u00a010-K de R\u00e9solu pour l&rsquo;exercice clos le 31\u00a0d\u00e9cembre 2020, d\u00e9pos\u00e9 aupr\u00e8s de la Securities and Exchange Commission (ou la \u00ab\u00a0SEC\u00a0\u00bb) des \u00c9tats-Unis le\u00a01<sup>er\u00a0<\/sup>mars\u00a02021, qui se sont amplifi\u00e9s en raison de la pand\u00e9mie de COVID-19, des mesures gouvernementales connexes et des cons\u00e9quences \u00e9conomiques de ces mesures, de la d\u00e9sorganisation des march\u00e9s et du changement des habitudes des consommateurs qui en d\u00e9coulent.\r\n\r\nTous les \u00e9nonc\u00e9s prospectifs sont faits express\u00e9ment sous r\u00e9serve des mises en garde contenues ou exprim\u00e9es dans le pr\u00e9sent communiqu\u00e9 de presse et dans les autres documents que d\u00e9pose R\u00e9solu aupr\u00e8s de la SEC et des autorit\u00e9s canadiennes en valeurs mobili\u00e8res. R\u00e9solu ne s&rsquo;engage aucunement \u00e0 mettre \u00e0 jour ni \u00e0 r\u00e9viser les \u00e9nonc\u00e9s prospectifs, que ce soit \u00e0 la lumi\u00e8re de nouveaux renseignements ou d&rsquo;\u00e9v\u00e9nements futurs ou autrement, sauf comme l&rsquo;exige la loi.\r\n\r\n<b>\u00c0 propos de Produits forestiers R\u00e9solu<\/b>\r\n\r\nProduits forestiers R\u00e9solu est un chef de file mondial de l&rsquo;industrie des produits forestiers offrant une grande vari\u00e9t\u00e9 de produits, notamment de la p\u00e2te commerciale, des mouchoirs, des produits du bois et du papier, qui sont commercialis\u00e9s dans plus de\u00a060\u00a0pays.\u00a0La Soci\u00e9t\u00e9 poss\u00e8de ou exploite quelque\u00a040\u00a0installations, ainsi que des actifs de production d&rsquo;\u00e9lectricit\u00e9, aux \u00c9tats-Unis et au <span class=\"xn-location\">Canada<\/span>. De plus, la totalit\u00e9 des terrains forestiers sous sa gestion sont certifi\u00e9s conformes \u00e0 une norme internationale d&rsquo;am\u00e9nagement forestier durable par des experts ind\u00e9pendants. Les actions de Produits forestiers R\u00e9solu sont n\u00e9goci\u00e9es sous le symbole RFP \u00e0 la Bourse de <span class=\"xn-location\">New York<\/span> et \u00e0 la Bourse de <span class=\"xn-location\">Toronto<\/span>.\r\n\r\nL&rsquo;excellence et le leadership de R\u00e9solu en mati\u00e8re de responsabilit\u00e9 sociale et de d\u00e9veloppement durable, ainsi que ses pratiques commerciales, ont \u00e9t\u00e9 reconnus tant au niveau r\u00e9gional qu&rsquo;en Am\u00e9rique du Nord et \u00e0 l&rsquo;\u00e9chelle internationale.\u00a0Visitez le site <a href=\"https:\/\/c212.net\/c\/link\/?t=0&amp;l=fr&amp;o=3442479-1&amp;h=4186386198&amp;u=https%3A%2F%2Fwww.resolutefp.com%2F&amp;a=www.resolutefp.com\" target=\"_blank\" rel=\"nofollow noopener\">www.resolutefp.com<\/a>\u00a0pour obtenir plus de renseignements.\r\n\r\nSOURCE Produits forestiers R\u00e9solu Inc.\r\n\r\n<img decoding=\"async\" style=\"border: 0px; width: 1px; height: 1px;\" src=\"https:\/\/rt.newswire.ca\/rt.gif?NewsItemId=C4124&amp;Transmission_Id=202202140700CANADANWCANADAPF_C4124&amp;DateId=20220214\" alt=\"\" \/>","protected":false},"excerpt":{"rendered":"<p>Produits forestiers R\u00e9solu Inc. (NYSE: RFP) (TSX: RFP) a annonc\u00e9 aujourd&rsquo;hui la conclusion de deux op\u00e9rations distinctes visant \u00e0 accro\u00eetre et \u00e0 am\u00e9liorer la comp\u00e9titivit\u00e9 de son secteur&#8230;<\/p>\n","protected":false},"author":1,"featured_media":0,"template":"","meta":{"_acf_changed":false,"_genesis_block_theme_hide_title":false,"footnotes":""},"press_release":[],"class_list":["post-46129","press_releases","type-press_releases","status-publish","hentry","post","without-featured-image"],"acf":{"attachment":"","origin":"feed","language":"fr","headline":"R\u00e9solu accro\u00eetra la comp\u00e9titivit\u00e9 de ses produits du bois en rachetant la participation de son partenaire sp\u00e9cialis\u00e9 en poutrelles en I et en acqu\u00e9rant une centrale de cog\u00e9n\u00e9ration strat\u00e9gique","body":"<p class=\"prntar\">$\u00a0US<\/p>\r\nMONTR\u00c9AL, le 14 f\u00e9vr. 2022 \/CNW Telbec\/ - Produits forestiers R\u00e9solu Inc. (NYSE:\u00a0RFP) (TSX:\u00a0RFP) a annonc\u00e9 aujourd'hui la conclusion de deux op\u00e9rations distinctes visant \u00e0 accro\u00eetre et \u00e0 am\u00e9liorer la comp\u00e9titivit\u00e9 de son secteur de produits du bois.\r\n\r\nR\u00e9solu a conclu aujourd'hui une entente avec Louisiana-Pacific Corporation (NYSE:\u00a0LPX) visant \u00e0 racheter la participation de\u00a050\u00a0% de celle-ci dans deux coentreprises qui produisent des poutrelles en\u00a0I, de la r\u00e9gion du Lac-Saint-Jean, au Qu\u00e9bec, moyennant une contrepartie de\u00a050\u00a0millions de dollars et sous r\u00e9serve des rajustements habituels. Bois d'ing\u00e9nierie R\u00e9solu-LP Larouche\u00a0inc. et Bois d'ing\u00e9nierie R\u00e9solu-LP St-Prime s.e.c. sont situ\u00e9es \u00e0 <span class=\"xn-location\">Larouche<\/span> et \u00e0 <span class=\"xn-location\">Saint-Prime<\/span>, respectivement, et sont des participations comptabilis\u00e9es selon la m\u00e9thode de la mise en \u00e9quivalence dans lesquelles R\u00e9solu d\u00e9tient une participation de\u00a050\u00a0% dans chaque entit\u00e9. R\u00e9solu exploite les installations et son partenaire en coentreprise, <span class=\"xn-location\">Louisiana<\/span>-Pacific, vend les produits.\r\n\r\n\u00ab\u00a0<i>En acqu\u00e9rant la participation restante de 50\u00a0% dans le partenariat d'entreprises fabriquant des poutrelles en\u00a0I, nous consolidons notre pr\u00e9sence dans le segment attrayant et en pleine croissance des produits du bois d'ing\u00e9nierie gr\u00e2ce \u00e0 des actifs que nous connaissons bien <\/i><i>et \u00e0 une main-d'\u0153uvre talentueuse et d\u00e9vou\u00e9e de plus de 175\u00a0personnes<\/i><i>,<\/i>\u00a0a d\u00e9clar\u00e9 R\u00e9mi\u00a0G. Lalonde, pr\u00e9sident et chef de la direction. <i>Cette op\u00e9ration nous permet non seulement de r\u00e9aliser l'int\u00e9gration en aval de la capacit\u00e9 de production de plus de\u00a060\u00a0millions de pieds-planche de bois d'\u0153uvre, mais aussi de consolider la pleine valeur du BAIIA qu'elle g\u00e9n\u00e8re, dont la moiti\u00e9 \u00e9tait jusqu'\u00e0 pr\u00e9sent incluse dans autres revenus. Je tiens \u00e0 souligner le succ\u00e8s de notre partenariat avec <span class=\"xn-location\">Louisiana<\/span>-Pacific, qui s'est \u00e9tendu sur plusieurs d\u00e9cennies et que nous dissolvons \u00e0 l'amiable alors que nous poursuivrons d\u00e9sormais des occasions de cr\u00e9ation de valeur pour nos entreprises respectives.<\/i>\u00a0\u00bb\r\n\r\nR\u00e9solu conclura les ententes avec <span class=\"xn-location\">Louisiana<\/span>-Pacific en vue de demeurer le distributeur exclusif des produits du bois d'ing\u00e9nierie provenant des deux installations.\r\n\r\nDans le cadre d'une autre op\u00e9ration, R\u00e9solu a \u00e9galement annonc\u00e9 une entente intervenue le 11\u00a0f\u00e9vrier avec Boralex (TSX:\u00a0BLX) visant l'achat d'une centrale de cog\u00e9n\u00e9ration \u00e0 <span class=\"xn-location\">Senneterre<\/span>, au Qu\u00e9bec.\r\n\r\n\u00ab\u00a0<i>L'achat de la centrale de cog\u00e9n\u00e9ration de\u00a034,5\u00a0m\u00e9gawatts, adjacente \u00e0 notre scierie <span class=\"xn-location\">Senneterre<\/span>, s'ajoute \u00e0 nos investissements importants dans la r\u00e9gion, notamment dans le projet en cours visant \u00e0 acqu\u00e9rir une nouvelle raboteuse et de l'\u00e9quipement connexe, annonc\u00e9 l'\u00e9t\u00e9 dernier, ainsi qu'aux am\u00e9liorations op\u00e9rationnelles que nous avons r\u00e9alis\u00e9es r\u00e9cemment \u00e0 notre scierie Comtois<\/i>. <i>Gr\u00e2ce \u00e0 cette centrale de cog\u00e9n\u00e9ration, nous maximiserons l'utilisation de la biomasse de nos installations r\u00e9gionales, g\u00e9n\u00e9rant de l'\u00e9nergie verte et cr\u00e9ant une plateforme pour la croissance future et une comp\u00e9titivit\u00e9 accrue dans la r\u00e9gion de l'Abitibi-T\u00e9miscamingue. Nous sommes heureux d'accueillir les employ\u00e9s de la centrale de cog\u00e9n\u00e9ration. Ils sont plus de trente \u00e0 se joindre \u00e0 R\u00e9solu<\/i>\u00a0\u00bb, a ajout\u00e9 M.\u00a0Lalonde.\r\n\r\nLa r\u00e9alisation de ces acquisitions devrait avoir lieu au premier semestre de 2022, sous r\u00e9serve de l'approbation des autorit\u00e9s de r\u00e9glementation et de certaines conditions de cl\u00f4ture.\r\n\r\nR\u00e9solu pr\u00e9voit r\u00e9gler le prix d'achat des acquisitions au moyen de l'encaisse disponible.\r\n\r\n<b>Mise en garde concernant les \u00e9nonc\u00e9s de nature prospective<\/b>\r\n\r\nLes \u00e9nonc\u00e9s contenus dans le pr\u00e9sent communiqu\u00e9 de presse qui ne sont pas des r\u00e9sultats publi\u00e9s ou d'autres informations historiques de Produits forestiers R\u00e9solu Inc. (\u00ab\u00a0R\u00e9solu\u00a0\u00bb ou\u00a0\u00ab\u00a0nous\u00a0\u00bb) renferment des \u00ab\u00a0\u00e9nonc\u00e9s de nature prospective\u00a0\u00bb au sens de la\u00a0<i>Private Securities Litigation Reform Act of\u00a01995<\/i>. Ceux-ci incluent, notamment, les \u00e9nonc\u00e9s contenus dans le pr\u00e9sent communiqu\u00e9 de presse et les \u00e9nonc\u00e9s portant sur le respect des conditions de cl\u00f4ture ou la renonciation \u00e0 celles-ci pour les op\u00e9rations propos\u00e9es, le calendrier pr\u00e9vu pour la cl\u00f4ture des op\u00e9rations propos\u00e9es, la m\u00e9thode de financement propos\u00e9e pour conclure les op\u00e9rations propos\u00e9es, la conclusion des ententes de distribution propos\u00e9es avec <span class=\"xn-location\">Louisiana<\/span>-Pacific et les avantages et les incidences potentiels d\u00e9coulant des op\u00e9rations propos\u00e9es sur notre entreprise, notre situation financi\u00e8re, nos r\u00e9sultats d'exploitation et nos liquidit\u00e9s.\u00a0Les \u00e9nonc\u00e9s prospectifs se reconnaissent \u00e0 l'utilisation de verbes comme \u00ab\u00a0devoir\u00a0\u00bb et \u00ab\u00a0pouvoir\u00a0\u00bb au futur et au conditionnel, de mots et d'expressions comme \u00ab\u00a0pr\u00e9voir\u00a0\u00bb, \u00ab\u00a0permettre\u00a0\u00bb, \u00ab\u00a0consolider\u00a0\u00bb, \u00ab\u00a0accro\u00eetre\u00a0\u00bb, \u00ab\u00a0favoriser\u00a0\u00bb, \u00ab\u00a0am\u00e9liorer\u00a0\u00bb, \u00ab\u00a0g\u00e9n\u00e9rer\u00a0\u00bb, \u00ab\u00a0cr\u00e9er\u00a0\u00bb, \u00ab\u00a0maximiser\u00a0\u00bb, \u00ab\u00a0demeurer\u00a0\u00bb et d'autres verbes, mots et expressions de sens similaire indiquant des \u00e9v\u00e9nements futurs \u00e9ventuels ou une incidence \u00e9ventuelle sur les\u00a0activit\u00e9s de R\u00e9solu ou sur ses actionnaires.\r\n\r\nLe lecteur est pri\u00e9 de prendre garde de ne pas se fier sans r\u00e9serve aux \u00e9nonc\u00e9s prospectifs, car ils ne sont pas garants de la performance future. Ces \u00e9nonc\u00e9s sont fond\u00e9s sur les hypoth\u00e8ses, les opinions et les attentes actuelles de la direction, qui sont toutes expos\u00e9es \u00e0 un certain nombre de risques et d'incertitudes sur le plan commercial en cons\u00e9quence desquels les r\u00e9sultats r\u00e9els pourraient diff\u00e9rer sensiblement de ceux qu'ils contiennent. Les risques et incertitudes \u00e9ventuels comprennent, notamment, tout retard dans l'obtention des approbations n\u00e9cessaires des autorit\u00e9s de r\u00e9glementation et du respect de certaines conditions de cl\u00f4ture, ce qui pourrait avoir une incidence d\u00e9favorable sur la r\u00e9alisation des op\u00e9rations propos\u00e9es, toute modification \u00e0 la m\u00e9thode de financement des op\u00e9rations propos\u00e9es, le risque de ne pas int\u00e9grer avec succ\u00e8s les activit\u00e9s ou les actifs acquis dans l'entreprise ou de ne pas r\u00e9aliser la totalit\u00e9 ou une partie des avantages pr\u00e9vus des op\u00e9rations, ce qui pourrait avoir une incidence d\u00e9favorable sur les r\u00e9sultats d'exploitation, la situation financi\u00e8re et les liquidit\u00e9s de R\u00e9solu, ainsi que les risques et incertitudes d\u00e9crits \u00e0 la partie\u00a0I, rubrique\u00a01A, \u00ab\u00a0Facteurs de risque\u00a0\u00bb, du rapport annuel sur formulaire\u00a010-K de R\u00e9solu pour l'exercice clos le 31\u00a0d\u00e9cembre 2020, d\u00e9pos\u00e9 aupr\u00e8s de la Securities and Exchange Commission (ou la \u00ab\u00a0SEC\u00a0\u00bb) des \u00c9tats-Unis le\u00a01<sup>er\u00a0<\/sup>mars\u00a02021, qui se sont amplifi\u00e9s en raison de la pand\u00e9mie de COVID-19, des mesures gouvernementales connexes et des cons\u00e9quences \u00e9conomiques de ces mesures, de la d\u00e9sorganisation des march\u00e9s et du changement des habitudes des consommateurs qui en d\u00e9coulent.\r\n\r\nTous les \u00e9nonc\u00e9s prospectifs sont faits express\u00e9ment sous r\u00e9serve des mises en garde contenues ou exprim\u00e9es dans le pr\u00e9sent communiqu\u00e9 de presse et dans les autres documents que d\u00e9pose R\u00e9solu aupr\u00e8s de la SEC et des autorit\u00e9s canadiennes en valeurs mobili\u00e8res. R\u00e9solu ne s'engage aucunement \u00e0 mettre \u00e0 jour ni \u00e0 r\u00e9viser les \u00e9nonc\u00e9s prospectifs, que ce soit \u00e0 la lumi\u00e8re de nouveaux renseignements ou d'\u00e9v\u00e9nements futurs ou autrement, sauf comme l'exige la loi.\r\n\r\n<b>\u00c0 propos de Produits forestiers R\u00e9solu<\/b>\r\n\r\nProduits forestiers R\u00e9solu est un chef de file mondial de l'industrie des produits forestiers offrant une grande vari\u00e9t\u00e9 de produits, notamment de la p\u00e2te commerciale, des mouchoirs, des produits du bois et du papier, qui sont commercialis\u00e9s dans plus de\u00a060\u00a0pays.\u00a0La Soci\u00e9t\u00e9 poss\u00e8de ou exploite quelque\u00a040\u00a0installations, ainsi que des actifs de production d'\u00e9lectricit\u00e9, aux \u00c9tats-Unis et au <span class=\"xn-location\">Canada<\/span>. De plus, la totalit\u00e9 des terrains forestiers sous sa gestion sont certifi\u00e9s conformes \u00e0 une norme internationale d'am\u00e9nagement forestier durable par des experts ind\u00e9pendants. Les actions de Produits forestiers R\u00e9solu sont n\u00e9goci\u00e9es sous le symbole RFP \u00e0 la Bourse de <span class=\"xn-location\">New York<\/span> et \u00e0 la Bourse de <span class=\"xn-location\">Toronto<\/span>.\r\n\r\nL'excellence et le leadership de R\u00e9solu en mati\u00e8re de responsabilit\u00e9 sociale et de d\u00e9veloppement durable, ainsi que ses pratiques commerciales, ont \u00e9t\u00e9 reconnus tant au niveau r\u00e9gional qu'en Am\u00e9rique du Nord et \u00e0 l'\u00e9chelle internationale.\u00a0Visitez le site <a href=\"https:\/\/c212.net\/c\/link\/?t=0&amp;l=fr&amp;o=3442479-1&amp;h=4186386198&amp;u=https%3A%2F%2Fwww.resolutefp.com%2F&amp;a=www.resolutefp.com\" target=\"_blank\" rel=\"nofollow noopener\">www.resolutefp.com<\/a>\u00a0pour obtenir plus de renseignements.\r\n\r\nSOURCE Produits forestiers R\u00e9solu Inc.\r\n\r\n<img style=\"border: 0px; width: 1px; height: 1px;\" src=\"https:\/\/rt.newswire.ca\/rt.gif?NewsItemId=C4124&amp;Transmission_Id=202202140700CANADANWCANADAPF_C4124&amp;DateId=20220214\" alt=\"\" \/>","contact":"Personnes-ressources: Investisseurs: Marianne Limoges, Tr\u00e9sori\u00e8re et vice-pr\u00e9sidente, Relations avec les investisseurs, 514 394-2217, ir@resolutefp.com; M\u00e9dias et autres: Louis Bouchard, Directeur principal, Affaires publiques et relations gouvernementales - Canada, 514 394-2261, louis.bouchard@resolutefp.com","summary":"Produits forestiers R\u00e9solu Inc. (NYSE: RFP) (TSX: RFP) a annonc\u00e9 aujourd'hui la conclusion de deux op\u00e9rations distinctes visant \u00e0 accro\u00eetre et \u00e0 am\u00e9liorer la comp\u00e9titivit\u00e9 de son secteur...","meta_title":"R\u00e9solu accro\u00eetra la comp\u00e9titivit\u00e9 de ses produits du bois en rachetant la participation de son partenaire sp\u00e9cialis\u00e9 en poutrelles en I et en acqu\u00e9rant une centrale de cog\u00e9n\u00e9ration strat\u00e9gique - Feb 14, 2022"},"yoast_head":"<!-- This site is optimized with the Yoast SEO Premium plugin v27.4 (Yoast SEO v27.4) - https:\/\/yoast.com\/product\/yoast-seo-premium-wordpress\/ -->\n<title>R\u00e9solu accro\u00eetra la comp\u00e9titivit\u00e9 de ses produits du bois en rachetant la participation de son partenaire sp\u00e9cialis\u00e9 en poutrelles en I et en acqu\u00e9rant une centrale de cog\u00e9n\u00e9ration strat\u00e9gique - Domtar<\/title>\n<meta name=\"robots\" content=\"index, follow, max-snippet:-1, max-image-preview:large, max-video-preview:-1\" \/>\n<link rel=\"canonical\" href=\"https:\/\/www.domtar.com\/fr\/press_releases\/resolu-accroitra-la-competitivite-de-ses-produits-du-bois-en-rachetant-la-participation-de-son-partenaire-specialise-en-poutrelles-en-i-et-en-acquerant-une-centrale-de-cogeneration-strategique\/\" \/>\n<meta property=\"og:locale\" content=\"fr_FR\" \/>\n<meta property=\"og:type\" content=\"article\" \/>\n<meta property=\"og:title\" content=\"R\u00e9solu accro\u00eetra la comp\u00e9titivit\u00e9 de ses produits du bois en rachetant la participation de son partenaire sp\u00e9cialis\u00e9 en poutrelles en I et en acqu\u00e9rant une centrale de cog\u00e9n\u00e9ration strat\u00e9gique\" \/>\n<meta property=\"og:description\" content=\"Produits forestiers R\u00e9solu Inc. (NYSE: RFP) (TSX: RFP) a annonc\u00e9 aujourd&#039;hui la conclusion de deux op\u00e9rations distinctes visant \u00e0 accro\u00eetre et \u00e0 am\u00e9liorer la comp\u00e9titivit\u00e9 de son secteur...\" \/>\n<meta property=\"og:url\" content=\"https:\/\/www.domtar.com\/fr\/press_releases\/resolu-accroitra-la-competitivite-de-ses-produits-du-bois-en-rachetant-la-participation-de-son-partenaire-specialise-en-poutrelles-en-i-et-en-acquerant-une-centrale-de-cogeneration-strategique\/\" \/>\n<meta property=\"og:site_name\" content=\"Domtar\" \/>\n<meta property=\"article:publisher\" content=\"https:\/\/www.facebook.com\/DomtarEveryday\/\" \/>\n<meta property=\"article:modified_time\" content=\"2025-12-21T00:17:58+00:00\" \/>\n<meta property=\"og:image\" content=\"https:\/\/rt.newswire.ca\/rt.gif?NewsItemId=C4124&amp;Transmission_Id=202202140700CANADANWCANADAPF_C4124&amp;DateId=20220214\" \/>\n<meta name=\"twitter:card\" content=\"summary_large_image\" \/>\n<meta name=\"twitter:site\" content=\"@DomtarEveryday\" \/>\n<meta name=\"twitter:label1\" content=\"Dur\u00e9e de lecture estim\u00e9e\" \/>\n\t<meta name=\"twitter:data1\" content=\"6 minutes\" \/>\n<script type=\"application\/ld+json\" class=\"yoast-schema-graph\">{\"@context\":\"https:\\\/\\\/schema.org\",\"@graph\":[{\"@type\":\"WebPage\",\"@id\":\"https:\\\/\\\/www.domtar.com\\\/fr\\\/press_releases\\\/resolu-accroitra-la-competitivite-de-ses-produits-du-bois-en-rachetant-la-participation-de-son-partenaire-specialise-en-poutrelles-en-i-et-en-acquerant-une-centrale-de-cogeneration-strategique\\\/\",\"url\":\"https:\\\/\\\/www.domtar.com\\\/fr\\\/press_releases\\\/resolu-accroitra-la-competitivite-de-ses-produits-du-bois-en-rachetant-la-participation-de-son-partenaire-specialise-en-poutrelles-en-i-et-en-acquerant-une-centrale-de-cogeneration-strategique\\\/\",\"name\":\"R\u00e9solu accro\u00eetra la comp\u00e9titivit\u00e9 de ses produits du bois en rachetant la participation de son partenaire sp\u00e9cialis\u00e9 en poutrelles en I et en acqu\u00e9rant une centrale de cog\u00e9n\u00e9ration strat\u00e9gique - Domtar\",\"isPartOf\":{\"@id\":\"https:\\\/\\\/www.domtar.com\\\/fr\\\/#website\"},\"primaryImageOfPage\":{\"@id\":\"https:\\\/\\\/www.domtar.com\\\/fr\\\/press_releases\\\/resolu-accroitra-la-competitivite-de-ses-produits-du-bois-en-rachetant-la-participation-de-son-partenaire-specialise-en-poutrelles-en-i-et-en-acquerant-une-centrale-de-cogeneration-strategique\\\/#primaryimage\"},\"image\":{\"@id\":\"https:\\\/\\\/www.domtar.com\\\/fr\\\/press_releases\\\/resolu-accroitra-la-competitivite-de-ses-produits-du-bois-en-rachetant-la-participation-de-son-partenaire-specialise-en-poutrelles-en-i-et-en-acquerant-une-centrale-de-cogeneration-strategique\\\/#primaryimage\"},\"thumbnailUrl\":\"https:\\\/\\\/rt.newswire.ca\\\/rt.gif?NewsItemId=C4124&amp;Transmission_Id=202202140700CANADANWCANADAPF_C4124&amp;DateId=20220214\",\"datePublished\":\"2022-02-14T12:00:00+00:00\",\"dateModified\":\"2025-12-21T00:17:58+00:00\",\"breadcrumb\":{\"@id\":\"https:\\\/\\\/www.domtar.com\\\/fr\\\/press_releases\\\/resolu-accroitra-la-competitivite-de-ses-produits-du-bois-en-rachetant-la-participation-de-son-partenaire-specialise-en-poutrelles-en-i-et-en-acquerant-une-centrale-de-cogeneration-strategique\\\/#breadcrumb\"},\"inLanguage\":\"fr-FR\",\"potentialAction\":[{\"@type\":\"ReadAction\",\"target\":[\"https:\\\/\\\/www.domtar.com\\\/fr\\\/press_releases\\\/resolu-accroitra-la-competitivite-de-ses-produits-du-bois-en-rachetant-la-participation-de-son-partenaire-specialise-en-poutrelles-en-i-et-en-acquerant-une-centrale-de-cogeneration-strategique\\\/\"]}]},{\"@type\":\"ImageObject\",\"inLanguage\":\"fr-FR\",\"@id\":\"https:\\\/\\\/www.domtar.com\\\/fr\\\/press_releases\\\/resolu-accroitra-la-competitivite-de-ses-produits-du-bois-en-rachetant-la-participation-de-son-partenaire-specialise-en-poutrelles-en-i-et-en-acquerant-une-centrale-de-cogeneration-strategique\\\/#primaryimage\",\"url\":\"https:\\\/\\\/rt.newswire.ca\\\/rt.gif?NewsItemId=C4124&amp;Transmission_Id=202202140700CANADANWCANADAPF_C4124&amp;DateId=20220214\",\"contentUrl\":\"https:\\\/\\\/rt.newswire.ca\\\/rt.gif?NewsItemId=C4124&amp;Transmission_Id=202202140700CANADANWCANADAPF_C4124&amp;DateId=20220214\"},{\"@type\":\"BreadcrumbList\",\"@id\":\"https:\\\/\\\/www.domtar.com\\\/fr\\\/press_releases\\\/resolu-accroitra-la-competitivite-de-ses-produits-du-bois-en-rachetant-la-participation-de-son-partenaire-specialise-en-poutrelles-en-i-et-en-acquerant-une-centrale-de-cogeneration-strategique\\\/#breadcrumb\",\"itemListElement\":[{\"@type\":\"ListItem\",\"position\":1,\"name\":\"Home\",\"item\":\"https:\\\/\\\/www.domtar.com\\\/fr\\\/\"},{\"@type\":\"ListItem\",\"position\":2,\"name\":\"R\u00e9solu accro\u00eetra la comp\u00e9titivit\u00e9 de ses produits du bois en rachetant la participation de son partenaire sp\u00e9cialis\u00e9 en poutrelles en I et en acqu\u00e9rant une centrale de cog\u00e9n\u00e9ration strat\u00e9gique\"}]},{\"@type\":\"WebSite\",\"@id\":\"https:\\\/\\\/www.domtar.com\\\/fr\\\/#website\",\"url\":\"https:\\\/\\\/www.domtar.com\\\/fr\\\/\",\"name\":\"Domtar | The Fiber for the Future\",\"description\":\"The Sustainable Paper, Pulp and Packaging Company\",\"publisher\":{\"@id\":\"https:\\\/\\\/www.domtar.com\\\/fr\\\/#organization\"},\"alternateName\":\"Domtar\",\"potentialAction\":[{\"@type\":\"SearchAction\",\"target\":{\"@type\":\"EntryPoint\",\"urlTemplate\":\"https:\\\/\\\/www.domtar.com\\\/fr\\\/?s={search_term_string}\"},\"query-input\":{\"@type\":\"PropertyValueSpecification\",\"valueRequired\":true,\"valueName\":\"search_term_string\"}}],\"inLanguage\":\"fr-FR\"},{\"@type\":\"Organization\",\"@id\":\"https:\\\/\\\/www.domtar.com\\\/fr\\\/#organization\",\"name\":\"Domtar\",\"url\":\"https:\\\/\\\/www.domtar.com\\\/fr\\\/\",\"logo\":{\"@type\":\"ImageObject\",\"inLanguage\":\"fr-FR\",\"@id\":\"https:\\\/\\\/www.domtar.com\\\/fr\\\/#\\\/schema\\\/logo\\\/image\\\/\",\"url\":\"https:\\\/\\\/www.domtar.com\\\/wp-content\\\/uploads\\\/2023\\\/03\\\/domtar_logo_rgb_green.png\",\"contentUrl\":\"https:\\\/\\\/www.domtar.com\\\/wp-content\\\/uploads\\\/2023\\\/03\\\/domtar_logo_rgb_green.png\",\"width\":1153,\"height\":263,\"caption\":\"Domtar\"},\"image\":{\"@id\":\"https:\\\/\\\/www.domtar.com\\\/fr\\\/#\\\/schema\\\/logo\\\/image\\\/\"},\"sameAs\":[\"https:\\\/\\\/www.facebook.com\\\/DomtarEveryday\\\/\",\"https:\\\/\\\/x.com\\\/DomtarEveryday\",\"https:\\\/\\\/www.linkedin.com\\\/company\\\/domtar\\\/\",\"https:\\\/\\\/www.youtube.com\\\/channel\\\/UCh8Zhq2Rmxhl5Km0krrGoYw\"],\"ethicsPolicy\":\"https:\\\/\\\/www.domtar.com\\\/fr\\\/notre-entreprise\\\/ethique-et-conformite\\\/\"}]}<\/script>\n<!-- \/ Yoast SEO Premium plugin. -->","yoast_head_json":{"title":"R\u00e9solu accro\u00eetra la comp\u00e9titivit\u00e9 de ses produits du bois en rachetant la participation de son partenaire sp\u00e9cialis\u00e9 en poutrelles en I et en acqu\u00e9rant une centrale de cog\u00e9n\u00e9ration strat\u00e9gique - Domtar","robots":{"index":"index","follow":"follow","max-snippet":"max-snippet:-1","max-image-preview":"max-image-preview:large","max-video-preview":"max-video-preview:-1"},"canonical":"https:\/\/www.domtar.com\/fr\/press_releases\/resolu-accroitra-la-competitivite-de-ses-produits-du-bois-en-rachetant-la-participation-de-son-partenaire-specialise-en-poutrelles-en-i-et-en-acquerant-une-centrale-de-cogeneration-strategique\/","og_locale":"fr_FR","og_type":"article","og_title":"R\u00e9solu accro\u00eetra la comp\u00e9titivit\u00e9 de ses produits du bois en rachetant la participation de son partenaire sp\u00e9cialis\u00e9 en poutrelles en I et en acqu\u00e9rant une centrale de cog\u00e9n\u00e9ration strat\u00e9gique","og_description":"Produits forestiers R\u00e9solu Inc. (NYSE: RFP) (TSX: RFP) a annonc\u00e9 aujourd'hui la conclusion de deux op\u00e9rations distinctes visant \u00e0 accro\u00eetre et \u00e0 am\u00e9liorer la comp\u00e9titivit\u00e9 de son secteur...","og_url":"https:\/\/www.domtar.com\/fr\/press_releases\/resolu-accroitra-la-competitivite-de-ses-produits-du-bois-en-rachetant-la-participation-de-son-partenaire-specialise-en-poutrelles-en-i-et-en-acquerant-une-centrale-de-cogeneration-strategique\/","og_site_name":"Domtar","article_publisher":"https:\/\/www.facebook.com\/DomtarEveryday\/","article_modified_time":"2025-12-21T00:17:58+00:00","og_image":[{"url":"https:\/\/rt.newswire.ca\/rt.gif?NewsItemId=C4124&amp;Transmission_Id=202202140700CANADANWCANADAPF_C4124&amp;DateId=20220214","type":"","width":"","height":""}],"twitter_card":"summary_large_image","twitter_site":"@DomtarEveryday","twitter_misc":{"Dur\u00e9e de lecture estim\u00e9e":"6 minutes"},"schema":{"@context":"https:\/\/schema.org","@graph":[{"@type":"WebPage","@id":"https:\/\/www.domtar.com\/fr\/press_releases\/resolu-accroitra-la-competitivite-de-ses-produits-du-bois-en-rachetant-la-participation-de-son-partenaire-specialise-en-poutrelles-en-i-et-en-acquerant-une-centrale-de-cogeneration-strategique\/","url":"https:\/\/www.domtar.com\/fr\/press_releases\/resolu-accroitra-la-competitivite-de-ses-produits-du-bois-en-rachetant-la-participation-de-son-partenaire-specialise-en-poutrelles-en-i-et-en-acquerant-une-centrale-de-cogeneration-strategique\/","name":"R\u00e9solu accro\u00eetra la comp\u00e9titivit\u00e9 de ses produits du bois en rachetant la participation de son partenaire sp\u00e9cialis\u00e9 en poutrelles en I et en acqu\u00e9rant une centrale de cog\u00e9n\u00e9ration strat\u00e9gique - Domtar","isPartOf":{"@id":"https:\/\/www.domtar.com\/fr\/#website"},"primaryImageOfPage":{"@id":"https:\/\/www.domtar.com\/fr\/press_releases\/resolu-accroitra-la-competitivite-de-ses-produits-du-bois-en-rachetant-la-participation-de-son-partenaire-specialise-en-poutrelles-en-i-et-en-acquerant-une-centrale-de-cogeneration-strategique\/#primaryimage"},"image":{"@id":"https:\/\/www.domtar.com\/fr\/press_releases\/resolu-accroitra-la-competitivite-de-ses-produits-du-bois-en-rachetant-la-participation-de-son-partenaire-specialise-en-poutrelles-en-i-et-en-acquerant-une-centrale-de-cogeneration-strategique\/#primaryimage"},"thumbnailUrl":"https:\/\/rt.newswire.ca\/rt.gif?NewsItemId=C4124&amp;Transmission_Id=202202140700CANADANWCANADAPF_C4124&amp;DateId=20220214","datePublished":"2022-02-14T12:00:00+00:00","dateModified":"2025-12-21T00:17:58+00:00","breadcrumb":{"@id":"https:\/\/www.domtar.com\/fr\/press_releases\/resolu-accroitra-la-competitivite-de-ses-produits-du-bois-en-rachetant-la-participation-de-son-partenaire-specialise-en-poutrelles-en-i-et-en-acquerant-une-centrale-de-cogeneration-strategique\/#breadcrumb"},"inLanguage":"fr-FR","potentialAction":[{"@type":"ReadAction","target":["https:\/\/www.domtar.com\/fr\/press_releases\/resolu-accroitra-la-competitivite-de-ses-produits-du-bois-en-rachetant-la-participation-de-son-partenaire-specialise-en-poutrelles-en-i-et-en-acquerant-une-centrale-de-cogeneration-strategique\/"]}]},{"@type":"ImageObject","inLanguage":"fr-FR","@id":"https:\/\/www.domtar.com\/fr\/press_releases\/resolu-accroitra-la-competitivite-de-ses-produits-du-bois-en-rachetant-la-participation-de-son-partenaire-specialise-en-poutrelles-en-i-et-en-acquerant-une-centrale-de-cogeneration-strategique\/#primaryimage","url":"https:\/\/rt.newswire.ca\/rt.gif?NewsItemId=C4124&amp;Transmission_Id=202202140700CANADANWCANADAPF_C4124&amp;DateId=20220214","contentUrl":"https:\/\/rt.newswire.ca\/rt.gif?NewsItemId=C4124&amp;Transmission_Id=202202140700CANADANWCANADAPF_C4124&amp;DateId=20220214"},{"@type":"BreadcrumbList","@id":"https:\/\/www.domtar.com\/fr\/press_releases\/resolu-accroitra-la-competitivite-de-ses-produits-du-bois-en-rachetant-la-participation-de-son-partenaire-specialise-en-poutrelles-en-i-et-en-acquerant-une-centrale-de-cogeneration-strategique\/#breadcrumb","itemListElement":[{"@type":"ListItem","position":1,"name":"Home","item":"https:\/\/www.domtar.com\/fr\/"},{"@type":"ListItem","position":2,"name":"R\u00e9solu accro\u00eetra la comp\u00e9titivit\u00e9 de ses produits du bois en rachetant la participation de son partenaire sp\u00e9cialis\u00e9 en poutrelles en I et en acqu\u00e9rant une centrale de cog\u00e9n\u00e9ration strat\u00e9gique"}]},{"@type":"WebSite","@id":"https:\/\/www.domtar.com\/fr\/#website","url":"https:\/\/www.domtar.com\/fr\/","name":"Domtar | The Fiber for the Future","description":"The Sustainable Paper, Pulp and Packaging Company","publisher":{"@id":"https:\/\/www.domtar.com\/fr\/#organization"},"alternateName":"Domtar","potentialAction":[{"@type":"SearchAction","target":{"@type":"EntryPoint","urlTemplate":"https:\/\/www.domtar.com\/fr\/?s={search_term_string}"},"query-input":{"@type":"PropertyValueSpecification","valueRequired":true,"valueName":"search_term_string"}}],"inLanguage":"fr-FR"},{"@type":"Organization","@id":"https:\/\/www.domtar.com\/fr\/#organization","name":"Domtar","url":"https:\/\/www.domtar.com\/fr\/","logo":{"@type":"ImageObject","inLanguage":"fr-FR","@id":"https:\/\/www.domtar.com\/fr\/#\/schema\/logo\/image\/","url":"https:\/\/www.domtar.com\/wp-content\/uploads\/2023\/03\/domtar_logo_rgb_green.png","contentUrl":"https:\/\/www.domtar.com\/wp-content\/uploads\/2023\/03\/domtar_logo_rgb_green.png","width":1153,"height":263,"caption":"Domtar"},"image":{"@id":"https:\/\/www.domtar.com\/fr\/#\/schema\/logo\/image\/"},"sameAs":["https:\/\/www.facebook.com\/DomtarEveryday\/","https:\/\/x.com\/DomtarEveryday","https:\/\/www.linkedin.com\/company\/domtar\/","https:\/\/www.youtube.com\/channel\/UCh8Zhq2Rmxhl5Km0krrGoYw"],"ethicsPolicy":"https:\/\/www.domtar.com\/fr\/notre-entreprise\/ethique-et-conformite\/"}]}},"_links":{"self":[{"href":"https:\/\/www.domtar.com\/fr\/wp-json\/wp\/v2\/press_releases\/46129","targetHints":{"allow":["GET"]}}],"collection":[{"href":"https:\/\/www.domtar.com\/fr\/wp-json\/wp\/v2\/press_releases"}],"about":[{"href":"https:\/\/www.domtar.com\/fr\/wp-json\/wp\/v2\/types\/press_releases"}],"author":[{"embeddable":true,"href":"https:\/\/www.domtar.com\/fr\/wp-json\/wp\/v2\/users\/1"}],"version-history":[{"count":0,"href":"https:\/\/www.domtar.com\/fr\/wp-json\/wp\/v2\/press_releases\/46129\/revisions"}],"wp:attachment":[{"href":"https:\/\/www.domtar.com\/fr\/wp-json\/wp\/v2\/media?parent=46129"}],"wp:term":[{"taxonomy":"press_release","embeddable":true,"href":"https:\/\/www.domtar.com\/fr\/wp-json\/wp\/v2\/press_release?post=46129"}],"curies":[{"name":"wp","href":"https:\/\/api.w.org\/{rel}","templated":true}]}}