{"id":46101,"date":"2020-12-17T23:00:00","date_gmt":"2020-12-17T23:00:00","guid":{"rendered":"https:\/\/www.domtar.com\/press_releases\/resolu-annonce-la-nomination-de-hugues-simon-a-titre-de-president-produits-du-bois\/"},"modified":"2025-12-21T01:15:48","modified_gmt":"2025-12-21T01:15:48","slug":"resolu-annonce-la-nomination-de-hugues-simon-a-titre-de-president-produits-du-bois","status":"publish","type":"press_releases","link":"https:\/\/www.domtar.com\/fr\/press_releases\/resolu-annonce-la-nomination-de-hugues-simon-a-titre-de-president-produits-du-bois\/","title":{"rendered":"R\u00e9solu annonce la nomination de Hugues Simon \u00e0 titre de pr\u00e9sident, Produits du bois"},"content":{"rendered":"MONTR\u00c9AL, le 17 d\u00e9c. 2020 \/CNW\/ &#8211;\u00a0Produits forestiers R\u00e9solu Inc. (NYSE: RFP) (TSX: RFP) a annonc\u00e9 aujourd&rsquo;hui que <span class=\"xn-person\">Hugues Simon<\/span> se joindra \u00e0 la Soci\u00e9t\u00e9 et sera nomm\u00e9 pr\u00e9sident de la division des produits du bois \u00e0 compter du 1<sup>er<\/sup> mars 2021. Son mandat commencera \u00e0 la date \u00e0 laquelle R\u00e9mi G. Lalonde, actuellement chef des services financiers de R\u00e9solu, entrera en fonction \u00e0 titre de pr\u00e9sident et chef de la direction. M. Simon rel\u00e8vera de M.\u00a0Lalonde.\r\n\r\nNatif du Qu\u00e9bec, M.\u00a0Simon agissait r\u00e9cemment \u00e0 titre de pr\u00e9sident de BarretteWood,\u00a0Inc., un producteur de produits du bois \u00e0 valeur ajout\u00e9e exer\u00e7ant des activit\u00e9s au <span class=\"xn-location\">Canada<\/span> et aux \u00c9tats-Unis. Auparavant, M.\u00a0Simon a travaill\u00e9 aupr\u00e8s de R\u00e9solu et des soci\u00e9t\u00e9s qu&rsquo;elle a remplac\u00e9es pendant sept ann\u00e9es \u00e0 des postes au si\u00e8ge social et dans les divisions. Plus t\u00f4t dans sa carri\u00e8re, il a travaill\u00e9 pour un certain nombre d&rsquo;autres soci\u00e9t\u00e9s de produits forestiers. M.\u00a0Simon est dipl\u00f4m\u00e9 de l&rsquo;Universit\u00e9 de <span class=\"xn-location\">Sherbrooke<\/span> et est comptable professionnel agr\u00e9\u00e9.\r\n\r\n\u00ab\u00a0Je suis heureux du retour de Hugues chez R\u00e9solu. C&rsquo;est un leader solide et dynamique, dot\u00e9 d&rsquo;une exp\u00e9rience approfondie dans le secteur des produits du bois et d&rsquo;un bilan de r\u00e9sultats sup\u00e9rieurs, a d\u00e9clar\u00e9 M.\u00a0Lalonde. Le secteur des produits du bois de R\u00e9solu, d\u00e9j\u00e0 le plus important \u00e0 l&rsquo;est des Rocheuses canadiennes, continuera d&rsquo;\u00eatre un p\u00f4le de croissance, et Hugues poss\u00e8de les comp\u00e9tences et le dynamisme n\u00e9cessaires pour faire avancer l&rsquo;entreprise.\u00a0\u00bb\r\n\r\n<b>Mise en garde concernant l&rsquo;information prospective<\/b>\r\n\r\nLes informations contenues dans le pr\u00e9sent communiqu\u00e9 de presse qui ne sont pas des r\u00e9sultats financiers ou d&rsquo;autres informations historiques sont des \u00ab \u00e9nonc\u00e9s de nature prospective \u00bb au sens de la loi am\u00e9ricaine intitul\u00e9e <i>Private Securities Litigation Reform Act of 1995<\/i>. Ceux-ci incluent notamment les \u00e9nonc\u00e9s concernant les r\u00e9sultats financiers futurs et la strat\u00e9gie de transformation de la Soci\u00e9t\u00e9. Ces \u00e9nonc\u00e9s de nature prospective se reconnaissent \u00e0 l&rsquo;utilisation de termes prospectifs comme \u00ab commencera \u00bb, \u00ab rel\u00e8vera \u00bb, \u00ab continuera \u00bb, \u00ab devrait\u00a0\u00bb, \u00ab\u00a0pr\u00e9vu \u00bb, \u00ab sera \u00bb, \u00ab seront \u00bb, \u00ab s&rsquo;attend \u00bb ou d&rsquo;autres termes ayant un sens similaire indiquant des \u00e9v\u00e9nements \u00e9ventuels ou une incidence \u00e9ventuelle sur nos activit\u00e9s ou sur nos actionnaires.\r\n\r\nLe lecteur est mis en garde de ne pas se fier ind\u00fbment \u00e0 ces \u00e9nonc\u00e9s de nature prospective, car ces \u00e9nonc\u00e9s ne constituent pas une garantie de la performance future. Ils sont fond\u00e9s sur les hypoth\u00e8ses, opinions et attentes actuelles de la direction de R\u00e9solu qui sont toutes expos\u00e9es \u00e0 un certain nombre de risques et d&rsquo;incertitudes sur le plan commercial en cons\u00e9quence desquels les r\u00e9sultats r\u00e9els pourraient diff\u00e9rer sensiblement. Les risques et incertitudes potentiels qui pourraient faire en sorte que la situation financi\u00e8re, les r\u00e9sultats d&rsquo;exploitation et le rendement futurs r\u00e9els diff\u00e8rent sensiblement de ceux explicitement ou implicitement \u00e9nonc\u00e9s dans le pr\u00e9sent communiqu\u00e9 de presse comprennent, sans s&rsquo;y limiter, les risques et incertitudes potentiels d\u00e9crits \u00e0 la rubrique 1A, intitul\u00e9e \u00ab Facteurs de risque\u00a0\u00bb, de la premi\u00e8re partie du rapport annuel sur Formulaire\u00a010-K de R\u00e9solu pour l&rsquo;exercice clos le 31\u00a0d\u00e9cembre 2019, qui se sont amplifi\u00e9s en raison de la pand\u00e9mie de COVID-19, des mesures gouvernementales connexes et des cons\u00e9quences \u00e9conomiques de ces mesures, de la d\u00e9sorganisation des march\u00e9s et du changement des habitudes des consommateurs et qui doivent \u00eatre lus en parall\u00e8le avec la mise \u00e0 jour du facteur de risque associ\u00e9 \u00e0 la pand\u00e9mie de COVID-19 qui figure \u00e0 la partie II, rubrique\u00a01A, \u00ab\u00a0Facteurs de risque\u00a0\u00bb, du rapport trimestriel sur formulaire\u00a010-Q de la Soci\u00e9t\u00e9 pour le trimestre clos le 30 septembre 2020.\r\n\r\nTous les \u00e9nonc\u00e9s prospectifs contenus dans le pr\u00e9sent communiqu\u00e9 sont faits express\u00e9ment sous r\u00e9serve de la mise en garde concernant les \u00e9nonc\u00e9s de nature prospective mentionn\u00e9e pr\u00e9c\u00e9demment et dans les documents d\u00e9pos\u00e9s par R\u00e9solu aupr\u00e8s de la Securities and Exchange Commission des \u00c9tats-Unis et des autorit\u00e9s r\u00e9glementaires canadiennes en mati\u00e8re de valeurs mobili\u00e8res. R\u00e9solu ne reconna\u00eet aucune obligation de mettre \u00e0 jour ces \u00e9nonc\u00e9s de nature prospective ou de les r\u00e9viser, que ce soit \u00e0 la suite de nouvelles informations ou d&rsquo;\u00e9v\u00e9nements futurs, sauf si cela est requis par la loi.\r\n\r\n<b>Produits forestiers R\u00e9solu en bref<\/b>\r\n\r\nProduits forestiers R\u00e9solu est un chef de file mondial de l&rsquo;industrie des produits forestiers offrant une grande vari\u00e9t\u00e9 de produits, notamment de la p\u00e2te commerciale, des papiers tissus, des produits du bois et des papiers, qu&rsquo;elle commercialise dans pr\u00e8s de 70\u00a0pays. La Soci\u00e9t\u00e9 poss\u00e8de ou exploite quelque 40 installations ainsi que des actifs de production d&rsquo;\u00e9lectricit\u00e9 aux \u00c9tats-Unis et au <span class=\"xn-location\">Canada<\/span>. La totalit\u00e9 des terrains forestiers sous la gestion de R\u00e9solu ont \u00e9t\u00e9 certifi\u00e9s conformes, par des experts ind\u00e9pendants, \u00e0 des normes d&rsquo;am\u00e9nagement forestier durable reconnues mondialement. Les actions de Produits forestiers R\u00e9solu se n\u00e9gocient sous le symbole RFP \u00e0 la Bourse de <span class=\"xn-location\">New York<\/span> et \u00e0 la Bourse de <span class=\"xn-location\">Toronto<\/span>.\r\n\r\nR\u00e9solu a re\u00e7u des prix de reconnaissance, \u00e0 l&rsquo;\u00e9chelle r\u00e9gionale, nord-am\u00e9ricaine et mondiale, pour son leadership en mati\u00e8re de responsabilit\u00e9 sociale et de d\u00e9veloppement durable ainsi que pour ses pratiques commerciales. Vous trouverez un compl\u00e9ment d&rsquo;information sur <a href=\"https:\/\/c212.net\/c\/link\/?t=0&amp;l=fr&amp;o=3017597-1&amp;h=1364055995&amp;u=http%3A%2F%2Fwww.resolutefp.com%2F&amp;a=www.resolutefp.com\" target=\"_blank\" rel=\"nofollow noopener\">www.resolutefp.com<\/a>.\r\n\r\nSOURCE Produits forestiers R\u00e9solu Inc.\r\n\r\n<img decoding=\"async\" style=\"border: 0px; width: 1px; height: 1px;\" src=\"https:\/\/rt.newswire.ca\/rt.gif?NewsItemId=C4348&amp;Transmission_Id=202012171800CANADANWCANADAPF_C4348&amp;DateId=20201217\" alt=\"\" \/>","protected":false},"excerpt":{"rendered":"<p>Produits forestiers R\u00e9solu Inc. (NYSE: RFP) (TSX: RFP) a annonc\u00e9 aujourd&rsquo;hui que Hugues Simon se joindra \u00e0 la Soci\u00e9t\u00e9 et sera nomm\u00e9 pr\u00e9sident de la division des produits du bois \u00e0 compter&#8230;<\/p>\n","protected":false},"author":1,"featured_media":0,"template":"","meta":{"_acf_changed":false,"_genesis_block_theme_hide_title":false,"footnotes":""},"press_release":[],"class_list":["post-46101","press_releases","type-press_releases","status-publish","hentry","post","without-featured-image"],"acf":{"attachment":null,"origin":"feed","language":"fr","headline":"R\u00e9solu annonce la nomination de Hugues Simon \u00e0 titre de pr\u00e9sident, Produits du bois","body":"MONTR\u00c9AL, le 17 d\u00e9c. 2020 \/CNW\/ -\u00a0Produits forestiers R\u00e9solu Inc. (NYSE: RFP) (TSX: RFP) a annonc\u00e9 aujourd'hui que <span class=\"xn-person\">Hugues Simon<\/span> se joindra \u00e0 la Soci\u00e9t\u00e9 et sera nomm\u00e9 pr\u00e9sident de la division des produits du bois \u00e0 compter du 1<sup>er<\/sup> mars 2021. Son mandat commencera \u00e0 la date \u00e0 laquelle R\u00e9mi G. Lalonde, actuellement chef des services financiers de R\u00e9solu, entrera en fonction \u00e0 titre de pr\u00e9sident et chef de la direction. M. Simon rel\u00e8vera de M.\u00a0Lalonde.\r\n\r\nNatif du Qu\u00e9bec, M.\u00a0Simon agissait r\u00e9cemment \u00e0 titre de pr\u00e9sident de BarretteWood,\u00a0Inc., un producteur de produits du bois \u00e0 valeur ajout\u00e9e exer\u00e7ant des activit\u00e9s au <span class=\"xn-location\">Canada<\/span> et aux \u00c9tats-Unis. Auparavant, M.\u00a0Simon a travaill\u00e9 aupr\u00e8s de R\u00e9solu et des soci\u00e9t\u00e9s qu'elle a remplac\u00e9es pendant sept ann\u00e9es \u00e0 des postes au si\u00e8ge social et dans les divisions. Plus t\u00f4t dans sa carri\u00e8re, il a travaill\u00e9 pour un certain nombre d'autres soci\u00e9t\u00e9s de produits forestiers. M.\u00a0Simon est dipl\u00f4m\u00e9 de l'Universit\u00e9 de <span class=\"xn-location\">Sherbrooke<\/span> et est comptable professionnel agr\u00e9\u00e9.\r\n\r\n\u00ab\u00a0Je suis heureux du retour de Hugues chez R\u00e9solu. C'est un leader solide et dynamique, dot\u00e9 d'une exp\u00e9rience approfondie dans le secteur des produits du bois et d'un bilan de r\u00e9sultats sup\u00e9rieurs, a d\u00e9clar\u00e9 M.\u00a0Lalonde. Le secteur des produits du bois de R\u00e9solu, d\u00e9j\u00e0 le plus important \u00e0 l'est des Rocheuses canadiennes, continuera d'\u00eatre un p\u00f4le de croissance, et Hugues poss\u00e8de les comp\u00e9tences et le dynamisme n\u00e9cessaires pour faire avancer l'entreprise.\u00a0\u00bb\r\n\r\n<b>Mise en garde concernant l'information prospective<\/b>\r\n\r\nLes informations contenues dans le pr\u00e9sent communiqu\u00e9 de presse qui ne sont pas des r\u00e9sultats financiers ou d'autres informations historiques sont des \u00ab \u00e9nonc\u00e9s de nature prospective \u00bb au sens de la loi am\u00e9ricaine intitul\u00e9e <i>Private Securities Litigation Reform Act of 1995<\/i>. Ceux-ci incluent notamment les \u00e9nonc\u00e9s concernant les r\u00e9sultats financiers futurs et la strat\u00e9gie de transformation de la Soci\u00e9t\u00e9. Ces \u00e9nonc\u00e9s de nature prospective se reconnaissent \u00e0 l'utilisation de termes prospectifs comme \u00ab commencera \u00bb, \u00ab rel\u00e8vera \u00bb, \u00ab continuera \u00bb, \u00ab devrait\u00a0\u00bb, \u00ab\u00a0pr\u00e9vu \u00bb, \u00ab sera \u00bb, \u00ab seront \u00bb, \u00ab s'attend \u00bb ou d'autres termes ayant un sens similaire indiquant des \u00e9v\u00e9nements \u00e9ventuels ou une incidence \u00e9ventuelle sur nos activit\u00e9s ou sur nos actionnaires.\r\n\r\nLe lecteur est mis en garde de ne pas se fier ind\u00fbment \u00e0 ces \u00e9nonc\u00e9s de nature prospective, car ces \u00e9nonc\u00e9s ne constituent pas une garantie de la performance future. Ils sont fond\u00e9s sur les hypoth\u00e8ses, opinions et attentes actuelles de la direction de R\u00e9solu qui sont toutes expos\u00e9es \u00e0 un certain nombre de risques et d'incertitudes sur le plan commercial en cons\u00e9quence desquels les r\u00e9sultats r\u00e9els pourraient diff\u00e9rer sensiblement. Les risques et incertitudes potentiels qui pourraient faire en sorte que la situation financi\u00e8re, les r\u00e9sultats d'exploitation et le rendement futurs r\u00e9els diff\u00e8rent sensiblement de ceux explicitement ou implicitement \u00e9nonc\u00e9s dans le pr\u00e9sent communiqu\u00e9 de presse comprennent, sans s'y limiter, les risques et incertitudes potentiels d\u00e9crits \u00e0 la rubrique 1A, intitul\u00e9e \u00ab Facteurs de risque\u00a0\u00bb, de la premi\u00e8re partie du rapport annuel sur Formulaire\u00a010-K de R\u00e9solu pour l'exercice clos le 31\u00a0d\u00e9cembre 2019, qui se sont amplifi\u00e9s en raison de la pand\u00e9mie de COVID-19, des mesures gouvernementales connexes et des cons\u00e9quences \u00e9conomiques de ces mesures, de la d\u00e9sorganisation des march\u00e9s et du changement des habitudes des consommateurs et qui doivent \u00eatre lus en parall\u00e8le avec la mise \u00e0 jour du facteur de risque associ\u00e9 \u00e0 la pand\u00e9mie de COVID-19 qui figure \u00e0 la partie II, rubrique\u00a01A, \u00ab\u00a0Facteurs de risque\u00a0\u00bb, du rapport trimestriel sur formulaire\u00a010-Q de la Soci\u00e9t\u00e9 pour le trimestre clos le 30 septembre 2020.\r\n\r\nTous les \u00e9nonc\u00e9s prospectifs contenus dans le pr\u00e9sent communiqu\u00e9 sont faits express\u00e9ment sous r\u00e9serve de la mise en garde concernant les \u00e9nonc\u00e9s de nature prospective mentionn\u00e9e pr\u00e9c\u00e9demment et dans les documents d\u00e9pos\u00e9s par R\u00e9solu aupr\u00e8s de la Securities and Exchange Commission des \u00c9tats-Unis et des autorit\u00e9s r\u00e9glementaires canadiennes en mati\u00e8re de valeurs mobili\u00e8res. R\u00e9solu ne reconna\u00eet aucune obligation de mettre \u00e0 jour ces \u00e9nonc\u00e9s de nature prospective ou de les r\u00e9viser, que ce soit \u00e0 la suite de nouvelles informations ou d'\u00e9v\u00e9nements futurs, sauf si cela est requis par la loi.\r\n\r\n<b>Produits forestiers R\u00e9solu en bref<\/b>\r\n\r\nProduits forestiers R\u00e9solu est un chef de file mondial de l'industrie des produits forestiers offrant une grande vari\u00e9t\u00e9 de produits, notamment de la p\u00e2te commerciale, des papiers tissus, des produits du bois et des papiers, qu'elle commercialise dans pr\u00e8s de 70\u00a0pays. La Soci\u00e9t\u00e9 poss\u00e8de ou exploite quelque 40 installations ainsi que des actifs de production d'\u00e9lectricit\u00e9 aux \u00c9tats-Unis et au <span class=\"xn-location\">Canada<\/span>. La totalit\u00e9 des terrains forestiers sous la gestion de R\u00e9solu ont \u00e9t\u00e9 certifi\u00e9s conformes, par des experts ind\u00e9pendants, \u00e0 des normes d'am\u00e9nagement forestier durable reconnues mondialement. Les actions de Produits forestiers R\u00e9solu se n\u00e9gocient sous le symbole RFP \u00e0 la Bourse de <span class=\"xn-location\">New York<\/span> et \u00e0 la Bourse de <span class=\"xn-location\">Toronto<\/span>.\r\n\r\nR\u00e9solu a re\u00e7u des prix de reconnaissance, \u00e0 l'\u00e9chelle r\u00e9gionale, nord-am\u00e9ricaine et mondiale, pour son leadership en mati\u00e8re de responsabilit\u00e9 sociale et de d\u00e9veloppement durable ainsi que pour ses pratiques commerciales. Vous trouverez un compl\u00e9ment d'information sur <a href=\"https:\/\/c212.net\/c\/link\/?t=0&amp;l=fr&amp;o=3017597-1&amp;h=1364055995&amp;u=http%3A%2F%2Fwww.resolutefp.com%2F&amp;a=www.resolutefp.com\" target=\"_blank\" rel=\"nofollow noopener\">www.resolutefp.com<\/a>.\r\n\r\nSOURCE Produits forestiers R\u00e9solu Inc.\r\n\r\n<img style=\"border: 0px; width: 1px; height: 1px;\" src=\"https:\/\/rt.newswire.ca\/rt.gif?NewsItemId=C4348&amp;Transmission_Id=202012171800CANADANWCANADAPF_C4348&amp;DateId=20201217\" alt=\"\" \/>","contact":"Personnes-ressources: Investisseurs: Marianne Limoges, Tr\u00e9sori\u00e8re et vice-pr\u00e9sidente, Relations avec les investisseurs, 514 394-2217, ir@resolutefp.com; M\u00e9dias et autres: Louis Bouchard, Directeur principal, Affaires publiques et relations gouvernementales - Canada, 514 394-2261, louis.bouchard@resolutefp.com","summary":"Produits forestiers R\u00e9solu Inc. (NYSE: RFP) (TSX: RFP) a annonc\u00e9 aujourd'hui que Hugues Simon se joindra \u00e0 la Soci\u00e9t\u00e9 et sera nomm\u00e9 pr\u00e9sident de la division des produits du bois \u00e0 compter...","meta_title":"R\u00e9solu annonce la nomination de Hugues Simon \u00e0 titre de pr\u00e9sident, Produits du bois - Dec 17, 2020"},"yoast_head":"<!-- This site is optimized with the Yoast SEO Premium plugin v27.4 (Yoast SEO v27.5) - https:\/\/yoast.com\/product\/yoast-seo-premium-wordpress\/ -->\n<title>R\u00e9solu annonce la nomination de Hugues Simon \u00e0 titre de pr\u00e9sident, Produits du bois - Domtar<\/title>\n<meta name=\"robots\" content=\"index, follow, max-snippet:-1, max-image-preview:large, max-video-preview:-1\" \/>\n<link rel=\"canonical\" href=\"https:\/\/www.domtar.com\/fr\/press_releases\/resolu-annonce-la-nomination-de-hugues-simon-a-titre-de-president-produits-du-bois\/\" \/>\n<meta property=\"og:locale\" content=\"fr_FR\" \/>\n<meta property=\"og:type\" content=\"article\" \/>\n<meta property=\"og:title\" content=\"R\u00e9solu annonce la nomination de Hugues Simon \u00e0 titre de pr\u00e9sident, Produits du bois\" \/>\n<meta property=\"og:description\" content=\"Produits forestiers R\u00e9solu Inc. (NYSE: RFP) (TSX: RFP) a annonc\u00e9 aujourd&#039;hui que Hugues Simon se joindra \u00e0 la Soci\u00e9t\u00e9 et sera nomm\u00e9 pr\u00e9sident de la division des produits du bois \u00e0 compter...\" \/>\n<meta property=\"og:url\" content=\"https:\/\/www.domtar.com\/fr\/press_releases\/resolu-annonce-la-nomination-de-hugues-simon-a-titre-de-president-produits-du-bois\/\" \/>\n<meta property=\"og:site_name\" content=\"Domtar\" \/>\n<meta property=\"article:publisher\" content=\"https:\/\/www.facebook.com\/DomtarEveryday\/\" \/>\n<meta property=\"article:modified_time\" content=\"2025-12-21T01:15:48+00:00\" \/>\n<meta property=\"og:image\" content=\"https:\/\/rt.newswire.ca\/rt.gif?NewsItemId=C4348&amp;Transmission_Id=202012171800CANADANWCANADAPF_C4348&amp;DateId=20201217\" \/>\n<meta name=\"twitter:card\" content=\"summary_large_image\" \/>\n<meta name=\"twitter:site\" content=\"@DomtarEveryday\" \/>\n<meta name=\"twitter:label1\" content=\"Dur\u00e9e de lecture estim\u00e9e\" \/>\n\t<meta name=\"twitter:data1\" content=\"4 minutes\" \/>\n<script type=\"application\/ld+json\" class=\"yoast-schema-graph\">{\"@context\":\"https:\\\/\\\/schema.org\",\"@graph\":[{\"@type\":\"WebPage\",\"@id\":\"https:\\\/\\\/www.domtar.com\\\/fr\\\/press_releases\\\/resolu-annonce-la-nomination-de-hugues-simon-a-titre-de-president-produits-du-bois\\\/\",\"url\":\"https:\\\/\\\/www.domtar.com\\\/fr\\\/press_releases\\\/resolu-annonce-la-nomination-de-hugues-simon-a-titre-de-president-produits-du-bois\\\/\",\"name\":\"R\u00e9solu annonce la nomination de Hugues Simon \u00e0 titre de pr\u00e9sident, Produits du bois - Domtar\",\"isPartOf\":{\"@id\":\"https:\\\/\\\/www.domtar.com\\\/fr\\\/#website\"},\"primaryImageOfPage\":{\"@id\":\"https:\\\/\\\/www.domtar.com\\\/fr\\\/press_releases\\\/resolu-annonce-la-nomination-de-hugues-simon-a-titre-de-president-produits-du-bois\\\/#primaryimage\"},\"image\":{\"@id\":\"https:\\\/\\\/www.domtar.com\\\/fr\\\/press_releases\\\/resolu-annonce-la-nomination-de-hugues-simon-a-titre-de-president-produits-du-bois\\\/#primaryimage\"},\"thumbnailUrl\":\"https:\\\/\\\/rt.newswire.ca\\\/rt.gif?NewsItemId=C4348&amp;Transmission_Id=202012171800CANADANWCANADAPF_C4348&amp;DateId=20201217\",\"datePublished\":\"2020-12-17T23:00:00+00:00\",\"dateModified\":\"2025-12-21T01:15:48+00:00\",\"breadcrumb\":{\"@id\":\"https:\\\/\\\/www.domtar.com\\\/fr\\\/press_releases\\\/resolu-annonce-la-nomination-de-hugues-simon-a-titre-de-president-produits-du-bois\\\/#breadcrumb\"},\"inLanguage\":\"fr-FR\",\"potentialAction\":[{\"@type\":\"ReadAction\",\"target\":[\"https:\\\/\\\/www.domtar.com\\\/fr\\\/press_releases\\\/resolu-annonce-la-nomination-de-hugues-simon-a-titre-de-president-produits-du-bois\\\/\"]}]},{\"@type\":\"ImageObject\",\"inLanguage\":\"fr-FR\",\"@id\":\"https:\\\/\\\/www.domtar.com\\\/fr\\\/press_releases\\\/resolu-annonce-la-nomination-de-hugues-simon-a-titre-de-president-produits-du-bois\\\/#primaryimage\",\"url\":\"https:\\\/\\\/rt.newswire.ca\\\/rt.gif?NewsItemId=C4348&amp;Transmission_Id=202012171800CANADANWCANADAPF_C4348&amp;DateId=20201217\",\"contentUrl\":\"https:\\\/\\\/rt.newswire.ca\\\/rt.gif?NewsItemId=C4348&amp;Transmission_Id=202012171800CANADANWCANADAPF_C4348&amp;DateId=20201217\"},{\"@type\":\"BreadcrumbList\",\"@id\":\"https:\\\/\\\/www.domtar.com\\\/fr\\\/press_releases\\\/resolu-annonce-la-nomination-de-hugues-simon-a-titre-de-president-produits-du-bois\\\/#breadcrumb\",\"itemListElement\":[{\"@type\":\"ListItem\",\"position\":1,\"name\":\"Home\",\"item\":\"https:\\\/\\\/www.domtar.com\\\/fr\\\/\"},{\"@type\":\"ListItem\",\"position\":2,\"name\":\"R\u00e9solu annonce la nomination de Hugues Simon \u00e0 titre de pr\u00e9sident, Produits du bois\"}]},{\"@type\":\"WebSite\",\"@id\":\"https:\\\/\\\/www.domtar.com\\\/fr\\\/#website\",\"url\":\"https:\\\/\\\/www.domtar.com\\\/fr\\\/\",\"name\":\"Domtar | The Fiber for the Future\",\"description\":\"The Sustainable Paper, Pulp and Packaging Company\",\"publisher\":{\"@id\":\"https:\\\/\\\/www.domtar.com\\\/fr\\\/#organization\"},\"alternateName\":\"Domtar\",\"potentialAction\":[{\"@type\":\"SearchAction\",\"target\":{\"@type\":\"EntryPoint\",\"urlTemplate\":\"https:\\\/\\\/www.domtar.com\\\/fr\\\/?s={search_term_string}\"},\"query-input\":{\"@type\":\"PropertyValueSpecification\",\"valueRequired\":true,\"valueName\":\"search_term_string\"}}],\"inLanguage\":\"fr-FR\"},{\"@type\":\"Organization\",\"@id\":\"https:\\\/\\\/www.domtar.com\\\/fr\\\/#organization\",\"name\":\"Domtar\",\"url\":\"https:\\\/\\\/www.domtar.com\\\/fr\\\/\",\"logo\":{\"@type\":\"ImageObject\",\"inLanguage\":\"fr-FR\",\"@id\":\"https:\\\/\\\/www.domtar.com\\\/fr\\\/#\\\/schema\\\/logo\\\/image\\\/\",\"url\":\"https:\\\/\\\/www.domtar.com\\\/wp-content\\\/uploads\\\/2023\\\/03\\\/domtar_logo_rgb_green.png\",\"contentUrl\":\"https:\\\/\\\/www.domtar.com\\\/wp-content\\\/uploads\\\/2023\\\/03\\\/domtar_logo_rgb_green.png\",\"width\":1153,\"height\":263,\"caption\":\"Domtar\"},\"image\":{\"@id\":\"https:\\\/\\\/www.domtar.com\\\/fr\\\/#\\\/schema\\\/logo\\\/image\\\/\"},\"sameAs\":[\"https:\\\/\\\/www.facebook.com\\\/DomtarEveryday\\\/\",\"https:\\\/\\\/x.com\\\/DomtarEveryday\",\"https:\\\/\\\/www.linkedin.com\\\/company\\\/domtar\\\/\",\"https:\\\/\\\/www.youtube.com\\\/channel\\\/UCh8Zhq2Rmxhl5Km0krrGoYw\"],\"ethicsPolicy\":\"https:\\\/\\\/www.domtar.com\\\/fr\\\/notre-entreprise\\\/ethique-et-conformite\\\/\"}]}<\/script>\n<!-- \/ Yoast SEO Premium plugin. -->","yoast_head_json":{"title":"R\u00e9solu annonce la nomination de Hugues Simon \u00e0 titre de pr\u00e9sident, Produits du bois - Domtar","robots":{"index":"index","follow":"follow","max-snippet":"max-snippet:-1","max-image-preview":"max-image-preview:large","max-video-preview":"max-video-preview:-1"},"canonical":"https:\/\/www.domtar.com\/fr\/press_releases\/resolu-annonce-la-nomination-de-hugues-simon-a-titre-de-president-produits-du-bois\/","og_locale":"fr_FR","og_type":"article","og_title":"R\u00e9solu annonce la nomination de Hugues Simon \u00e0 titre de pr\u00e9sident, Produits du bois","og_description":"Produits forestiers R\u00e9solu Inc. (NYSE: RFP) (TSX: RFP) a annonc\u00e9 aujourd'hui que Hugues Simon se joindra \u00e0 la Soci\u00e9t\u00e9 et sera nomm\u00e9 pr\u00e9sident de la division des produits du bois \u00e0 compter...","og_url":"https:\/\/www.domtar.com\/fr\/press_releases\/resolu-annonce-la-nomination-de-hugues-simon-a-titre-de-president-produits-du-bois\/","og_site_name":"Domtar","article_publisher":"https:\/\/www.facebook.com\/DomtarEveryday\/","article_modified_time":"2025-12-21T01:15:48+00:00","og_image":[{"url":"https:\/\/rt.newswire.ca\/rt.gif?NewsItemId=C4348&amp;Transmission_Id=202012171800CANADANWCANADAPF_C4348&amp;DateId=20201217","type":"","width":"","height":""}],"twitter_card":"summary_large_image","twitter_site":"@DomtarEveryday","twitter_misc":{"Dur\u00e9e de lecture estim\u00e9e":"4 minutes"},"schema":{"@context":"https:\/\/schema.org","@graph":[{"@type":"WebPage","@id":"https:\/\/www.domtar.com\/fr\/press_releases\/resolu-annonce-la-nomination-de-hugues-simon-a-titre-de-president-produits-du-bois\/","url":"https:\/\/www.domtar.com\/fr\/press_releases\/resolu-annonce-la-nomination-de-hugues-simon-a-titre-de-president-produits-du-bois\/","name":"R\u00e9solu annonce la nomination de Hugues Simon \u00e0 titre de pr\u00e9sident, Produits du bois - Domtar","isPartOf":{"@id":"https:\/\/www.domtar.com\/fr\/#website"},"primaryImageOfPage":{"@id":"https:\/\/www.domtar.com\/fr\/press_releases\/resolu-annonce-la-nomination-de-hugues-simon-a-titre-de-president-produits-du-bois\/#primaryimage"},"image":{"@id":"https:\/\/www.domtar.com\/fr\/press_releases\/resolu-annonce-la-nomination-de-hugues-simon-a-titre-de-president-produits-du-bois\/#primaryimage"},"thumbnailUrl":"https:\/\/rt.newswire.ca\/rt.gif?NewsItemId=C4348&amp;Transmission_Id=202012171800CANADANWCANADAPF_C4348&amp;DateId=20201217","datePublished":"2020-12-17T23:00:00+00:00","dateModified":"2025-12-21T01:15:48+00:00","breadcrumb":{"@id":"https:\/\/www.domtar.com\/fr\/press_releases\/resolu-annonce-la-nomination-de-hugues-simon-a-titre-de-president-produits-du-bois\/#breadcrumb"},"inLanguage":"fr-FR","potentialAction":[{"@type":"ReadAction","target":["https:\/\/www.domtar.com\/fr\/press_releases\/resolu-annonce-la-nomination-de-hugues-simon-a-titre-de-president-produits-du-bois\/"]}]},{"@type":"ImageObject","inLanguage":"fr-FR","@id":"https:\/\/www.domtar.com\/fr\/press_releases\/resolu-annonce-la-nomination-de-hugues-simon-a-titre-de-president-produits-du-bois\/#primaryimage","url":"https:\/\/rt.newswire.ca\/rt.gif?NewsItemId=C4348&amp;Transmission_Id=202012171800CANADANWCANADAPF_C4348&amp;DateId=20201217","contentUrl":"https:\/\/rt.newswire.ca\/rt.gif?NewsItemId=C4348&amp;Transmission_Id=202012171800CANADANWCANADAPF_C4348&amp;DateId=20201217"},{"@type":"BreadcrumbList","@id":"https:\/\/www.domtar.com\/fr\/press_releases\/resolu-annonce-la-nomination-de-hugues-simon-a-titre-de-president-produits-du-bois\/#breadcrumb","itemListElement":[{"@type":"ListItem","position":1,"name":"Home","item":"https:\/\/www.domtar.com\/fr\/"},{"@type":"ListItem","position":2,"name":"R\u00e9solu annonce la nomination de Hugues Simon \u00e0 titre de pr\u00e9sident, Produits du bois"}]},{"@type":"WebSite","@id":"https:\/\/www.domtar.com\/fr\/#website","url":"https:\/\/www.domtar.com\/fr\/","name":"Domtar | The Fiber for the Future","description":"The Sustainable Paper, Pulp and Packaging Company","publisher":{"@id":"https:\/\/www.domtar.com\/fr\/#organization"},"alternateName":"Domtar","potentialAction":[{"@type":"SearchAction","target":{"@type":"EntryPoint","urlTemplate":"https:\/\/www.domtar.com\/fr\/?s={search_term_string}"},"query-input":{"@type":"PropertyValueSpecification","valueRequired":true,"valueName":"search_term_string"}}],"inLanguage":"fr-FR"},{"@type":"Organization","@id":"https:\/\/www.domtar.com\/fr\/#organization","name":"Domtar","url":"https:\/\/www.domtar.com\/fr\/","logo":{"@type":"ImageObject","inLanguage":"fr-FR","@id":"https:\/\/www.domtar.com\/fr\/#\/schema\/logo\/image\/","url":"https:\/\/www.domtar.com\/wp-content\/uploads\/2023\/03\/domtar_logo_rgb_green.png","contentUrl":"https:\/\/www.domtar.com\/wp-content\/uploads\/2023\/03\/domtar_logo_rgb_green.png","width":1153,"height":263,"caption":"Domtar"},"image":{"@id":"https:\/\/www.domtar.com\/fr\/#\/schema\/logo\/image\/"},"sameAs":["https:\/\/www.facebook.com\/DomtarEveryday\/","https:\/\/x.com\/DomtarEveryday","https:\/\/www.linkedin.com\/company\/domtar\/","https:\/\/www.youtube.com\/channel\/UCh8Zhq2Rmxhl5Km0krrGoYw"],"ethicsPolicy":"https:\/\/www.domtar.com\/fr\/notre-entreprise\/ethique-et-conformite\/"}]}},"_links":{"self":[{"href":"https:\/\/www.domtar.com\/fr\/wp-json\/wp\/v2\/press_releases\/46101","targetHints":{"allow":["GET"]}}],"collection":[{"href":"https:\/\/www.domtar.com\/fr\/wp-json\/wp\/v2\/press_releases"}],"about":[{"href":"https:\/\/www.domtar.com\/fr\/wp-json\/wp\/v2\/types\/press_releases"}],"author":[{"embeddable":true,"href":"https:\/\/www.domtar.com\/fr\/wp-json\/wp\/v2\/users\/1"}],"version-history":[{"count":0,"href":"https:\/\/www.domtar.com\/fr\/wp-json\/wp\/v2\/press_releases\/46101\/revisions"}],"wp:attachment":[{"href":"https:\/\/www.domtar.com\/fr\/wp-json\/wp\/v2\/media?parent=46101"}],"wp:term":[{"taxonomy":"press_release","embeddable":true,"href":"https:\/\/www.domtar.com\/fr\/wp-json\/wp\/v2\/press_release?post=46101"}],"curies":[{"name":"wp","href":"https:\/\/api.w.org\/{rel}","templated":true}]}}