{"id":50860,"date":"2026-04-02T13:10:43","date_gmt":"2026-04-02T13:10:43","guid":{"rendered":"https:\/\/www.domtar.com\/?p=50860"},"modified":"2026-04-02T13:16:49","modified_gmt":"2026-04-02T13:16:49","slug":"fr-domtar-mise-a-jour-du-t1-2026-sur-la-strategie-de-developpement-durable","status":"publish","type":"post","link":"https:\/\/www.domtar.com\/fr\/fr-domtar-mise-a-jour-du-t1-2026-sur-la-strategie-de-developpement-durable\/","title":{"rendered":"Traduire la strat\u00e9gie en action\u202f: mise \u00e0 jour du T1 2026 sur la strat\u00e9gie de d\u00e9veloppement durable"},"content":{"rendered":"<span data-contrast=\"none\">Dans cette\u00a0mise \u00e0 jour du T1 2026 sur la strat\u00e9gie de d\u00e9veloppement durable, nous mettons l\u2019accent sur les mesures que nous prenons pour\u00a0faire des progr\u00e8s\u00a0\u00e0 l\u2019\u00e9gard de la\u00a0<\/span><a href=\"https:\/\/www.domtar.com\/fr\/responsabilite\/sustainability-strategy\/\" target=\"_blank\" rel=\"noopener\"><span data-contrast=\"none\">strat\u00e9gie de d\u00e9veloppement durable 2030 de Domtar<\/span><\/a><span data-contrast=\"none\">, que nous avons lanc\u00e9e au T2 2025.\u00a0<\/span><span data-ccp-props=\"{&quot;134245417&quot;:false}\">\u00a0<\/span>\r\n\r\n<span data-contrast=\"none\">Apr\u00e8s le lancement, nous avons commenc\u00e9\u00a0\u00e0 fournir des mises \u00e0 jour trimestrielles sur nos progr\u00e8s \u00e0 l\u2019\u00e9gard des trois piliers de la strat\u00e9gie de d\u00e9veloppement durable de\u00a0Domtar\u202f: I<\/span><span data-contrast=\"none\">ntendance environnementale<\/span><span data-contrast=\"none\">, N<\/span><span data-contrast=\"none\">os gens et nos collectivit\u00e9s<\/span><span data-contrast=\"none\">\u00a0et\u00a0E<\/span><span data-contrast=\"none\">ntreprise responsable<\/span><span data-contrast=\"none\">.\u00a0<\/span><span data-ccp-props=\"{&quot;134245417&quot;:false}\">\u00a0<\/span>\r\n<h2>Mise \u00e0 jour du Q1 2026 sur la strat\u00e9gie de d\u00e9veloppement durable de Domtar<\/h2>\r\n<span data-contrast=\"none\">Sous le pilier\u00a0<\/span><a href=\"https:\/\/www.domtar.com\/fr\/strategie-de-developpement-durable-lntendance-environnementale\/\" target=\"_blank\" rel=\"noopener\"><b><span data-contrast=\"none\">I<\/span><\/b><b><span data-contrast=\"none\">ntendance environnementale<\/span><\/b><\/a><b><span data-contrast=\"auto\">\u00a0<\/span><\/b><span data-contrast=\"auto\">de\u00a0Domtar, nous avons\u00a0<\/span><span data-contrast=\"none\">\u00e9tabli plusieurs objectifs li\u00e9s \u00e0 notre gestion des ressources de la plan\u00e8te. Au T1 2026, nous avons\u202f:<\/span><span data-ccp-props=\"{&quot;134245417&quot;:false}\">\u00a0<\/span>\r\n<ul>\r\n \t<li aria-setsize=\"-1\" data-leveltext=\"\uf0b7\" data-font=\"Symbol\" data-listid=\"2\" data-list-defn-props=\"{&quot;335552541&quot;:1,&quot;335559685&quot;:360,&quot;335559991&quot;:360,&quot;469769226&quot;:&quot;Symbol&quot;,&quot;469769242&quot;:[8226],&quot;469777803&quot;:&quot;left&quot;,&quot;469777804&quot;:&quot;\uf0b7&quot;,&quot;469777815&quot;:&quot;multilevel&quot;}\" data-aria-posinset=\"1\" data-aria-level=\"1\"><span data-contrast=\"none\">maintenu\u00a0la certification ind\u00e9pendante de la totalit\u00e9 de nos installations de fabrication et de nos op\u00e9rations foresti\u00e8res. Nous avons aussi achev\u00e9 un plan de travail visant \u00e0 \u00e9laborer des politiques \u00e0 l&rsquo;\u00e9chelle de l&rsquo;entreprise en mati\u00e8re d&rsquo;approvisionnement en fibre de bois et d\u2019am\u00e9nagement forestier responsables. Ce plan s&rsquo;appuie sur nos cadres de r\u00e9f\u00e9rence \u00e9tablis de longue date, tels que\u00a0<a href=\"https:\/\/www.domtar.com\/wp-content\/uploads\/2023\/06\/Fiber-Use-and-Sourcing-Policy-FRE-Elise-Grose.pdf\" target=\"_blank\" rel=\"noopener\">la\u00a0<\/a><\/span><span data-contrast=\"none\">politique sur l\u2019utilisation et l\u2019approvisionnement en fibre de Domtar<\/span><span data-contrast=\"none\">;<\/span><span data-ccp-props=\"{&quot;134245417&quot;:false}\">\u00a0<\/span><\/li>\r\n<\/ul>\r\n<ul>\r\n \t<li aria-setsize=\"-1\" data-leveltext=\"\uf0b7\" data-font=\"Symbol\" data-listid=\"2\" data-list-defn-props=\"{&quot;335552541&quot;:1,&quot;335559685&quot;:360,&quot;335559991&quot;:360,&quot;469769226&quot;:&quot;Symbol&quot;,&quot;469769242&quot;:[8226],&quot;469777803&quot;:&quot;left&quot;,&quot;469777804&quot;:&quot;\uf0b7&quot;,&quot;469777815&quot;:&quot;multilevel&quot;}\" data-aria-posinset=\"2\" data-aria-level=\"1\"><span data-contrast=\"none\">enrichi\u00a0notre ensemble de donn\u00e9es afin d&rsquo;\u00e9valuer les sc\u00e9narios op\u00e9rationnels visant \u00e0 d\u00e9carboner nos activit\u00e9s, nos produits et notre cha\u00eene de valeur, y compris les donn\u00e9es qui aident \u00e0 d\u00e9finir le niveau de r\u00e9f\u00e9rence des \u00e9missions de gaz \u00e0 effet de serre\u00a0(GES)\u00a0de\u00a0Domtar. Il s&rsquo;agit l\u00e0 d&rsquo;un \u00e9l\u00e9ment crucial qui nous permettra de fixer notre\u00a0cible\u00a0de r\u00e9duction\u00a0des\u00a0\u00e9missions de GES\u00a0fond\u00e9e\u00a0sur\u00a0la science pour\u00a02026;<\/span><span data-ccp-props=\"{&quot;134245417&quot;:false}\">\u00a0<\/span><\/li>\r\n<\/ul>\r\n<ul>\r\n \t<li aria-setsize=\"-1\" data-leveltext=\"\uf0b7\" data-font=\"Symbol\" data-listid=\"2\" data-list-defn-props=\"{&quot;335552541&quot;:1,&quot;335559685&quot;:360,&quot;335559991&quot;:360,&quot;469769226&quot;:&quot;Symbol&quot;,&quot;469769242&quot;:[8226],&quot;469777803&quot;:&quot;left&quot;,&quot;469777804&quot;:&quot;\uf0b7&quot;,&quot;469777815&quot;:&quot;multilevel&quot;}\" data-aria-posinset=\"3\" data-aria-level=\"1\"><span data-contrast=\"none\">\u00e9tabli\u00a0une base de\u00a0r\u00e9f\u00e9rence pour 2025 afin d&rsquo;\u00e9valuer\u00a0de mani\u00e8re globale\u00a0les risques li\u00e9s\u00a0\u00e0\u00a0l\u2019eau\u00a0dans\u00a0toutes les\u00a0installations de fabrication, conform\u00e9ment au\u00a0<\/span><a href=\"https:\/\/www.domtar.com\/fr\/scores-domtar-cdp-2025\/\" target=\"_blank\" rel=\"noopener\"><span data-contrast=\"none\">rapport soumis au CDP<\/span><\/a><span data-contrast=\"auto\">\u00a0(en\u00a0anglais)<\/span><span data-contrast=\"none\">. Des experts internes se serviront de cette information pour mener des \u00e9valuations des risques li\u00e9s \u00e0 l\u2019eau,\u00a0\u00e0 l\u2019aide d\u2019outils tiers\u00a0comme le\u00a0<\/span><a href=\"https:\/\/www.wri.org\/applications\/aqueduct\/water-risk-atlas\/\" target=\"_blank\" rel=\"noopener\"><span data-contrast=\"none\">World Resources Institute Aqueduct Water Risk Atlas<\/span><\/a><span data-contrast=\"auto\">\u00a0(en\u00a0anglais)<\/span><span data-contrast=\"none\">, afin d\u2019atteindre notre cible visant \u00e0 ce que chaque \u00e9tablissement dispose d&rsquo;un plan d&rsquo;att\u00e9nuation des risques li\u00e9s \u00e0 l&rsquo;eau.<\/span><span data-ccp-props=\"{&quot;134245417&quot;:false,&quot;201341983&quot;:0,&quot;335559740&quot;:259}\">\u00a0<\/span><\/li>\r\n<\/ul>\r\n<span data-contrast=\"none\">Pour le pilier\u00a0<strong><a href=\"https:\/\/www.domtar.com\/fr\/strategie-de-developpement-durable-nos-gens-et-nos-collectivites\/\" target=\"_blank\" rel=\"noopener\"><span class=\"TextRun Underlined SCXW119420684 BCX8\" lang=\"FR-CA\" xml:lang=\"FR-CA\" data-contrast=\"none\"><span class=\"NormalTextRun SCXW119420684 BCX8\" data-ccp-charstyle=\"Lien Internet\" data-ccp-charstyle-defn=\"{&quot;ObjectId&quot;:&quot;54bde075-8a50-5ec7-ad7d-d0e6fc6b3563|1&quot;,&quot;ClassId&quot;:1073872969,&quot;Properties&quot;:[469777841,&quot;Times New Roman&quot;,469777842,&quot;Times New Roman&quot;,469777843,&quot;Times New Roman&quot;,469777844,&quot;Times New Roman&quot;,469769226,&quot;Times New Roman&quot;,469775450,&quot;Lien Internet&quot;,201340122,&quot;1&quot;,134233614,&quot;true&quot;,469778129,&quot;LienInternet&quot;,335572020,&quot;99&quot;,134234073,&quot;true&quot;,134224902,&quot;true&quot;,201334293,&quot;0&quot;,335551500,&quot;16711680&quot;,469778324,&quot;Default Paragraph Font&quot;]}\">N<\/span><\/span><span class=\"TextRun Underlined SCXW119420684 BCX8\" lang=\"FR-CA\" xml:lang=\"FR-CA\" data-contrast=\"none\"><span class=\"NormalTextRun SCXW119420684 BCX8\" data-ccp-charstyle=\"Hyperlink\">os gens et nos collectivit\u00e9s<\/span><\/span><\/a><\/strong><a class=\"Hyperlink SCXW119420684 BCX8\" href=\"https:\/\/www.domtar.com\/fr\/strategie-de-developpement-durable-nos-gens-et-nos-collectivites\/\" target=\"_blank\" rel=\"noreferrer noopener\"><span class=\"TextRun Underlined SCXW119420684 BCX8\" lang=\"FR-CA\" xml:lang=\"FR-CA\" data-contrast=\"none\"><span class=\"NormalTextRun SCXW119420684 BCX8\" data-ccp-charstyle=\"Hyperlink\">,<\/span><\/span><\/a><\/span><span data-contrast=\"none\">\u00a0nous avons aussi\u00a0fait des progr\u00e8s\u00a0vers l\u2019atteinte de nos\u00a0<\/span><span data-contrast=\"none\">cibles dans les domaines de la\u00a0sant\u00e9 et\u00a0s\u00e9curit\u00e9 du personnel, des partenariats avec les Autochtones, des relations avec la collectivit\u00e9, du d\u00e9veloppement de talents et de l\u2019exp\u00e9rience du personnel. Pour cette\u00a0mise \u00e0 jour du T1 2026 sur la strat\u00e9gie de d\u00e9veloppement durable, nous avons\u202f:<\/span><span data-ccp-props=\"{&quot;134245417&quot;:false,&quot;201341983&quot;:0,&quot;335559740&quot;:259}\">\u00a0<\/span>\r\n<ul>\r\n \t<li aria-setsize=\"-1\" data-leveltext=\"\uf0b7\" data-font=\"Symbol\" data-listid=\"2\" data-list-defn-props=\"{&quot;335552541&quot;:1,&quot;335559685&quot;:360,&quot;335559991&quot;:360,&quot;469769226&quot;:&quot;Symbol&quot;,&quot;469769242&quot;:[8226],&quot;469777803&quot;:&quot;left&quot;,&quot;469777804&quot;:&quot;\uf0b7&quot;,&quot;469777815&quot;:&quot;multilevel&quot;}\" data-aria-posinset=\"4\" data-aria-level=\"1\"><span data-contrast=\"none\">lanc\u00e9\u00a0la\u00a0<\/span><a href=\"https:\/\/www.domtar.com\/wp-content\/uploads\/2026\/02\/Politique-en-matiere-de-sante-et-de-securite-de-Domtar.pdf\" target=\"_blank\" rel=\"noopener\"><span data-contrast=\"none\">Politique\u00a0en mati\u00e8re\u00a0de\u00a0sant\u00e9 et\u00a0de\u00a0s\u00e9curit\u00e9<\/span><\/a><span data-contrast=\"none\">, qui s\u2019applique \u00e0 l\u2019ensemble de l\u2019organisation et constitue un cadre qui favorise notre approche proactive en mati\u00e8re de gestion des risques en alliant un leadership en mati\u00e8re de s\u00e9curit\u00e9 avec la responsabilit\u00e9 individuelle. Par la suite, nous d\u00e9finirons des objectifs de s\u00e9curit\u00e9 annuels qui favoriseront des actions et des comportements positifs et seront \u00e9valu\u00e9s \u00e0 l&rsquo;aide d&rsquo;indicateurs cl\u00e9s de performance dont la liste sera communiqu\u00e9e au cours de l&rsquo;ann\u00e9e;\u00a0<\/span><span data-ccp-props=\"{&quot;134245417&quot;:false}\">\u00a0<\/span><\/li>\r\n<\/ul>\r\n<ul>\r\n \t<li aria-setsize=\"-1\" data-leveltext=\"\uf0b7\" data-font=\"Symbol\" data-listid=\"2\" data-list-defn-props=\"{&quot;335552541&quot;:1,&quot;335559685&quot;:360,&quot;335559991&quot;:360,&quot;469769226&quot;:&quot;Symbol&quot;,&quot;469769242&quot;:[8226],&quot;469777803&quot;:&quot;left&quot;,&quot;469777804&quot;:&quot;\uf0b7&quot;,&quot;469777815&quot;:&quot;multilevel&quot;}\" data-aria-posinset=\"5\" data-aria-level=\"1\"><span data-contrast=\"none\">fait\u00a0une entrevue avec\u00a0<\/span><a href=\"https:\/\/www.domtar.com\/fr\/jp-gladu-partenariats-autochtones\/\" target=\"_blank\" rel=\"noopener\"><span data-contrast=\"none\">JP Gladu<\/span><\/a><span data-contrast=\"none\">, un leader Anishinaabek et un homme d\u2019affaires qui cumule 35\u202fann\u00e9es d\u2019exp\u00e9rience dans le secteur des ressources naturelles. Il fournit des conseils strat\u00e9giques \u00e0\u00a0Domtar\u00a0en tant qu\u2019un des trois membres du\u00a0<\/span><a href=\"https:\/\/www.domtar.com\/fr\/domtar-forme-un-comite-consultatif-externe-sur-le-developpement-durable\/\" target=\"_blank\" rel=\"noopener\"><span data-contrast=\"none\">comit\u00e9 consultatif externe sur le d\u00e9veloppement durable<\/span><\/a><span data-contrast=\"none\">. Nous publierons ensuite le profil des deux autres membres, soit\u00a0Tensie\u00a0Whelan et H\u00e9l\u00e8ne V. Gagnon;\u00a0<\/span><span data-ccp-props=\"{&quot;134245417&quot;:false}\">\u00a0<\/span><\/li>\r\n<\/ul>\r\n<ul>\r\n \t<li aria-setsize=\"-1\" data-leveltext=\"\uf0b7\" data-font=\"Symbol\" data-listid=\"2\" data-list-defn-props=\"{&quot;335552541&quot;:1,&quot;335559685&quot;:360,&quot;335559991&quot;:360,&quot;469769226&quot;:&quot;Symbol&quot;,&quot;469769242&quot;:[8226],&quot;469777803&quot;:&quot;left&quot;,&quot;469777804&quot;:&quot;\uf0b7&quot;,&quot;469777815&quot;:&quot;multilevel&quot;}\" data-aria-posinset=\"6\" data-aria-level=\"1\"><span data-contrast=\"none\">fait\u00a0des progr\u00e8s \u00e0 l\u2019\u00e9gard de notre objectif en mati\u00e8re de b\u00e9n\u00e9volat pour 2030 en recensant les heures de b\u00e9n\u00e9volat effectu\u00e9es en 2025 afin de disposer d&rsquo;un point de r\u00e9f\u00e9rence pour les ann\u00e9es \u00e0 venir, renfor\u00e7ant ainsi notre engagement en mati\u00e8re de relations avec la collectivit\u00e9.\u00a0<\/span><span data-ccp-props=\"{&quot;134245417&quot;:false}\">\u00a0<\/span><\/li>\r\n<\/ul>\r\n<span data-contrast=\"none\">Notre pilier<\/span><span data-contrast=\"none\">\u00a0<\/span><a href=\"https:\/\/www.domtar.com\/fr\/sustainability-strategy-responsible-business\/\" target=\"_blank\" rel=\"noopener\"><b><span data-contrast=\"none\">Entreprise responsable<\/span><\/b><\/a><b><span data-contrast=\"auto\">\u00a0<\/span><\/b><span data-contrast=\"none\">constitue le fondement de notre engagement envers notre client\u00e8le, nos partenaires commerciaux et nos autres parties prenantes, dans le respect des principes d&rsquo;\u00e9thique, de transparence et de d\u00e9veloppement durable. Pour cette\u00a0mise \u00e0 jour du T1 2026 sur la strat\u00e9gie de d\u00e9veloppement durable, nous avons\u202f:<\/span><span data-ccp-props=\"{&quot;134245417&quot;:false,&quot;201341983&quot;:0,&quot;335559739&quot;:150,&quot;335559740&quot;:388}\">\u00a0<\/span>\r\n<ul>\r\n \t<li aria-setsize=\"-1\" data-leveltext=\"\uf0b7\" data-font=\"Symbol\" data-listid=\"2\" data-list-defn-props=\"{&quot;335552541&quot;:1,&quot;335559685&quot;:360,&quot;335559991&quot;:360,&quot;469769226&quot;:&quot;Symbol&quot;,&quot;469769242&quot;:[8226],&quot;469777803&quot;:&quot;left&quot;,&quot;469777804&quot;:&quot;\uf0b7&quot;,&quot;469777815&quot;:&quot;multilevel&quot;}\" data-aria-posinset=\"7\" data-aria-level=\"1\"><span data-contrast=\"none\">confirm\u00e9\u00a0que 100\u202f% des membres de notre personnel ont particip\u00e9 \u00e0 notre formation annuelle sur le\u00a0Code d\u2019\u00e9thique et de conduite des affaires en\u00a02025. La formation de 2026 est pr\u00e9vue pour le T2 et le T3 de 2026. De plus, nous pr\u00e9voyons tenir une formation sur\u00a0la\u00a0<\/span><a href=\"https:\/\/www.domtar.com\/wp-content\/uploads\/2025\/11\/GLOBAL-SUSTAINABILITY-POLICY-FRENCH-NOV-5-2025-FINAL.pdf\" target=\"_blank\" rel=\"noopener\"><span data-contrast=\"none\">Politique mondiale sur le d\u00e9veloppement durable<\/span><\/a><span data-contrast=\"none\">\u00a0de\u00a0Domtar\u00a0et sur les engagements qu\u2019elle renferme;<\/span><span data-ccp-props=\"{&quot;134245417&quot;:false,&quot;201341983&quot;:0,&quot;335559740&quot;:259}\">\u00a0<\/span><\/li>\r\n<\/ul>\r\n<ul>\r\n \t<li aria-setsize=\"-1\" data-leveltext=\"\uf0b7\" data-font=\"Symbol\" data-listid=\"2\" data-list-defn-props=\"{&quot;335552541&quot;:1,&quot;335559685&quot;:360,&quot;335559991&quot;:360,&quot;469769226&quot;:&quot;Symbol&quot;,&quot;469769242&quot;:[8226],&quot;469777803&quot;:&quot;left&quot;,&quot;469777804&quot;:&quot;\uf0b7&quot;,&quot;469777815&quot;:&quot;multilevel&quot;}\" data-aria-posinset=\"8\" data-aria-level=\"1\"><span data-contrast=\"none\">analys\u00e9\u00a0les demandes relatives au d\u00e9veloppement durable qui ont \u00e9t\u00e9 pr\u00e9sent\u00e9es par notre client\u00e8le en 2025 afin de comprendre les tendances et de traduire les donn\u00e9es en informations utiles. Nous avons trouv\u00e9 des occasions de soutenir nos objectifs communs et de prendre des d\u00e9cisions ax\u00e9es sur les priorit\u00e9s de notre client\u00e8le.\u00a0<\/span><span data-ccp-props=\"{&quot;134245417&quot;:false,&quot;201341983&quot;:0,&quot;335559740&quot;:259}\">\u00a0<\/span><\/li>\r\n<\/ul>\r\n<div class=\"wp-block-image\">\r\n<div class=\"mceTemp\">\r\n\r\n<img fetchpriority=\"high\" decoding=\"async\" class=\"wpa-warning wpa-image-missing-alt wp-image-50858 size-medium aligncenter\" src=\"https:\/\/www.domtar.com\/wp-content\/uploads\/2026\/04\/Domtars-Q1-2026-Sustainability-Strategy-Update--450x235.png\" alt=\"Pie chart with 350 customer requests in 2025 as part of the Q1 2026 Sustainability Strategy update \" width=\"450\" height=\"235\" data-warning=\"Missing alt text\" srcset=\"https:\/\/www.domtar.com\/wp-content\/uploads\/2026\/04\/Domtars-Q1-2026-Sustainability-Strategy-Update--450x235.png 450w, https:\/\/www.domtar.com\/wp-content\/uploads\/2026\/04\/Domtars-Q1-2026-Sustainability-Strategy-Update--768x400.png 768w, https:\/\/www.domtar.com\/wp-content\/uploads\/2026\/04\/Domtars-Q1-2026-Sustainability-Strategy-Update--300x156.png 300w, https:\/\/www.domtar.com\/wp-content\/uploads\/2026\/04\/Domtars-Q1-2026-Sustainability-Strategy-Update-.png 779w\" sizes=\"(max-width: 450px) 100vw, 450px\" \/>\r\n\r\n<\/div>\r\n<\/div>\r\n<h6 style=\"text-align: center;\">Cotes et divulgation d\u2019information &#8211; 3,2 %<\/h6>\r\n<h6 style=\"text-align: center;\">Sant\u00e9 et s\u00e9curit\u00e9 \u2013 10,8 %<\/h6>\r\n<h6 style=\"text-align: center;\">Environnement op\u00e9rationnel \u2013 12,2 %<\/h6>\r\n<h6 style=\"text-align: center;\">Approvisionnement en bois\/fibre\/RDUE 53,4 %<\/h6>\r\n<h6 style=\"text-align: center;\">Climat\/carbone \u2013 20,7 %<\/h6>\r\n<h6 style=\"text-align: center;\">Certification \u2013 21,6\u202f%<\/h6>\r\n<h6><\/h6>\r\n<h6>Nous avons re\u00e7u plus de 350 demandes en 2025. Les questions les plus souvent pos\u00e9es par la client\u00e8le portaient sur l&rsquo;approvisionnement en bois et en fibre, tandis que les demandes relatives au climat et au carbone continuent de gagner en importance et constituent d\u00e9sormais une priorit\u00e9 en forte progression.<\/h6>\r\n&nbsp;\r\n\r\nChez Domtar, le d\u00e9veloppement durable signifie s&rsquo;engager \u00e0 g\u00e9rer les ressources de la plan\u00e8te de fa\u00e7on responsable, soutenir les membres de notre personnel et nos collectivit\u00e9s et entretenir de bonnes relations avec eux, et exercer nos activit\u00e9s en tant qu&rsquo;entreprise responsable. C&rsquo;est le fondement des trois piliers de notre strat\u00e9gie de d\u00e9veloppement durable, qui nous guide vers 2030 avec des objectifs mesurables. Nous suivons les progr\u00e8s de notre strat\u00e9gie de d\u00e9veloppement durable \u00e0 l\u2019interne, nous les faisons v\u00e9rifier \u00e0 l\u2019externe et nous les communiquons de mani\u00e8re transparente sur Domtar.com.\r\n<h3>Pour en savoir plus sur Domtar au-del\u00e0 de notre mise \u00e0 jour du T1 2026 sur la strat\u00e9gie de d\u00e9veloppement durable\u202f:<\/h3>\r\n<ul>\r\n \t<li aria-setsize=\"-1\" data-leveltext=\"\uf0b7\" data-font=\"Symbol\" data-listid=\"1\" data-list-defn-props=\"{&quot;335552541&quot;:1,&quot;335559685&quot;:720,&quot;335559991&quot;:360,&quot;469769226&quot;:&quot;Symbol&quot;,&quot;469769242&quot;:[8226],&quot;469777803&quot;:&quot;left&quot;,&quot;469777804&quot;:&quot;\uf0b7&quot;,&quot;469777815&quot;:&quot;multilevel&quot;}\" data-aria-posinset=\"1\" data-aria-level=\"1\"><span data-contrast=\"none\">Relire la\u00a0<\/span><a href=\"https:\/\/www.domtar.com\/fr\/domtar-mise-a-jour-du-t4-2025-sur-la-strategie-de-developpement-durable\/\" target=\"_blank\" rel=\"noopener\"><span data-contrast=\"none\">mise \u00e0 jour du T4 2025 sur la strat\u00e9gie de d\u00e9veloppement durable<\/span><\/a><span data-contrast=\"auto\">,<\/span><span data-contrast=\"none\">\u00a0et\u00a0<\/span><a href=\"https:\/\/www.domtar.com\/fr\/responsabilite\/sustainability-strategy\/\" target=\"_blank\" rel=\"noopener\"><span data-contrast=\"none\">consulter toutes les mises \u00e0 jour trimestrielles<\/span><\/a><span data-contrast=\"none\">.<\/span><span data-ccp-props=\"{&quot;134245417&quot;:false,&quot;201341983&quot;:0,&quot;335559685&quot;:300,&quot;335559740&quot;:388}\">\u00a0<\/span><\/li>\r\n<\/ul>\r\n<ul>\r\n \t<li aria-setsize=\"-1\" data-leveltext=\"\uf0b7\" data-font=\"Symbol\" data-listid=\"1\" data-list-defn-props=\"{&quot;335552541&quot;:1,&quot;335559685&quot;:720,&quot;335559991&quot;:360,&quot;469769226&quot;:&quot;Symbol&quot;,&quot;469769242&quot;:[8226],&quot;469777803&quot;:&quot;left&quot;,&quot;469777804&quot;:&quot;\uf0b7&quot;,&quot;469777815&quot;:&quot;multilevel&quot;}\" data-aria-posinset=\"2\" data-aria-level=\"1\"><span data-contrast=\"none\">Consulter le plus r\u00e9cent\u00a0<\/span><a href=\"https:\/\/www.domtar.com\/wp-content\/uploads\/2025\/10\/Domtar_Sustainability2025_FR-5.pdf\" target=\"_blank\" rel=\"noopener\"><span data-contrast=\"none\">rapport sur le d\u00e9veloppement durable<\/span><\/a><span data-contrast=\"auto\">\u00a0de\u00a0Domtar\u00a0pour en savoir davantage sur\u00a0<\/span><a href=\"https:\/\/www.domtar.com\/fr\/responsabilite\/durabilite\/home\/\" target=\"_blank\" rel=\"noopener\"><span data-contrast=\"none\">notre engagement envers le d\u00e9veloppement durable<\/span><\/a><span data-contrast=\"auto\">.\u00a0<\/span><span data-contrast=\"none\">Notre rapport de 2025 sera publi\u00e9 cet \u00e9t\u00e9.<\/span><span data-ccp-props=\"{&quot;134245417&quot;:false,&quot;201341983&quot;:0,&quot;335559685&quot;:300,&quot;335559740&quot;:388}\">\u00a0<\/span><\/li>\r\n<\/ul>\r\n<ul>\r\n \t<li aria-setsize=\"-1\" data-leveltext=\"\uf0b7\" data-font=\"Symbol\" data-listid=\"1\" data-list-defn-props=\"{&quot;335552541&quot;:1,&quot;335559685&quot;:720,&quot;335559991&quot;:360,&quot;469769226&quot;:&quot;Symbol&quot;,&quot;469769242&quot;:[8226],&quot;469777803&quot;:&quot;left&quot;,&quot;469777804&quot;:&quot;\uf0b7&quot;,&quot;469777815&quot;:&quot;multilevel&quot;}\" data-aria-posinset=\"3\" data-aria-level=\"1\"><span data-contrast=\"none\">Soumettre des commentaires ou des questions \u00e0<\/span><span data-contrast=\"none\">\u00a0<\/span><a href=\"mailto:durabilite@domtar.com\" target=\"_blank\" rel=\"noopener\"><span data-contrast=\"none\">durabilite@domtar.com<\/span><\/a><span data-contrast=\"auto\">.<\/span><span data-ccp-props=\"{&quot;134245417&quot;:false,&quot;201341983&quot;:0,&quot;335559685&quot;:300,&quot;335559740&quot;:388}\">\u00a0<\/span><\/li>\r\n<\/ul>","protected":false},"excerpt":{"rendered":"<p>Notre mise \u00e0 jour du T1 2026 sur la strat\u00e9gie de d\u00e9veloppement durable d\u00e9crit les progr\u00e8s que nous avons r\u00e9alis\u00e9s vers l\u2019atteinte des objectifs contenus dans la strat\u00e9gie de d\u00e9veloppement durable 2030 de Domtar. Lisez la suite pour savoir ce que nous avons accompli.<\/p>\n","protected":false},"author":37,"featured_media":48933,"comment_status":"closed","ping_status":"closed","sticky":false,"template":"","format":"standard","meta":{"_acf_changed":false,"_genesis_block_theme_hide_title":false,"footnotes":""},"categories":[1684,974,1677,985],"tags":[412,1685,1506],"class_list":{"0":"post-50860","1":"post","2":"type-post","3":"status-publish","4":"format-standard","5":"has-post-thumbnail","6":"hentry","7":"category-environment","8":"category-newsroom-featured-fr","9":"category-responsibility","10":"category-sustainability-fr","11":"tag-durabilite","12":"tag-q1-2026","13":"tag-sustainability-strategy-fr","15":"with-featured-image"},"acf":[],"yoast_head":"<!-- This site is optimized with the Yoast SEO Premium plugin v27.4 (Yoast SEO v27.5) - https:\/\/yoast.com\/product\/yoast-seo-premium-wordpress\/ -->\n<title>Traduire la strat\u00e9gie en action\u202f: mise \u00e0 jour du T1 2026 sur la strat\u00e9gie de d\u00e9veloppement durable - Domtar<\/title>\n<meta name=\"description\" content=\"Notre mise \u00e0 jour du T1 2026 sur la strat\u00e9gie de d\u00e9veloppement durable d\u00e9crit les progr\u00e8s que nous avons r\u00e9alis\u00e9s vers l\u2019atteinte des objectifs contenus dans la strat\u00e9gie de d\u00e9veloppement durable 2030 de Domtar. Lisez la suite.\" \/>\n<meta name=\"robots\" content=\"index, follow, max-snippet:-1, max-image-preview:large, max-video-preview:-1\" \/>\n<link rel=\"canonical\" href=\"https:\/\/www.domtar.com\/fr\/fr-domtar-mise-a-jour-du-t1-2026-sur-la-strategie-de-developpement-durable\/\" \/>\n<meta property=\"og:locale\" content=\"fr_FR\" \/>\n<meta property=\"og:type\" content=\"article\" \/>\n<meta property=\"og:title\" content=\"Traduire la strat\u00e9gie en action\u202f: mise \u00e0 jour du T1 2026 sur la strat\u00e9gie de d\u00e9veloppement durable\" \/>\n<meta property=\"og:description\" content=\"Notre mise \u00e0 jour du T1 2026 sur la strat\u00e9gie de d\u00e9veloppement durable d\u00e9crit les progr\u00e8s que nous avons r\u00e9alis\u00e9s vers l\u2019atteinte des objectifs contenus dans la strat\u00e9gie de d\u00e9veloppement durable 2030 de Domtar. Lisez la suite.\" \/>\n<meta property=\"og:url\" content=\"https:\/\/www.domtar.com\/fr\/fr-domtar-mise-a-jour-du-t1-2026-sur-la-strategie-de-developpement-durable\/\" \/>\n<meta property=\"og:site_name\" content=\"Domtar\" \/>\n<meta property=\"article:publisher\" content=\"https:\/\/www.facebook.com\/DomtarEveryday\/\" \/>\n<meta property=\"article:published_time\" content=\"2026-04-02T13:10:43+00:00\" \/>\n<meta property=\"article:modified_time\" content=\"2026-04-02T13:16:49+00:00\" \/>\n<meta property=\"og:image\" content=\"https:\/\/www.domtar.com\/wp-content\/uploads\/2026\/02\/Newsroom_Quarterly-Sustainability-Strategy-Update_2025_FRE-1.jpg\" \/>\n\t<meta property=\"og:image:width\" content=\"1800\" \/>\n\t<meta property=\"og:image:height\" content=\"1120\" \/>\n\t<meta property=\"og:image:type\" content=\"image\/jpeg\" \/>\n<meta name=\"author\" content=\"Lauren Fisher\" \/>\n<meta name=\"twitter:card\" content=\"summary_large_image\" \/>\n<meta name=\"twitter:creator\" content=\"@DomtarEveryday\" \/>\n<meta name=\"twitter:site\" content=\"@DomtarEveryday\" \/>\n<meta name=\"twitter:label1\" content=\"\u00c9crit par\" \/>\n\t<meta name=\"twitter:data1\" content=\"Lauren Fisher\" \/>\n\t<meta name=\"twitter:label2\" content=\"Dur\u00e9e de lecture estim\u00e9e\" \/>\n\t<meta name=\"twitter:data2\" content=\"5 minutes\" \/>\n<script type=\"application\/ld+json\" class=\"yoast-schema-graph\">{\"@context\":\"https:\\\/\\\/schema.org\",\"@graph\":[{\"@type\":\"Article\",\"@id\":\"https:\\\/\\\/www.domtar.com\\\/fr\\\/fr-domtar-mise-a-jour-du-t1-2026-sur-la-strategie-de-developpement-durable\\\/#article\",\"isPartOf\":{\"@id\":\"https:\\\/\\\/www.domtar.com\\\/fr\\\/fr-domtar-mise-a-jour-du-t1-2026-sur-la-strategie-de-developpement-durable\\\/\"},\"author\":{\"name\":\"Lauren Fisher\",\"@id\":\"https:\\\/\\\/www.domtar.com\\\/fr\\\/#\\\/schema\\\/person\\\/9772745d13094979a941fa29238f1fc6\"},\"headline\":\"Traduire la strat\u00e9gie en action\u202f: mise \u00e0 jour du T1 2026 sur la strat\u00e9gie de d\u00e9veloppement durable\",\"datePublished\":\"2026-04-02T13:10:43+00:00\",\"dateModified\":\"2026-04-02T13:16:49+00:00\",\"mainEntityOfPage\":{\"@id\":\"https:\\\/\\\/www.domtar.com\\\/fr\\\/fr-domtar-mise-a-jour-du-t1-2026-sur-la-strategie-de-developpement-durable\\\/\"},\"wordCount\":1132,\"publisher\":{\"@id\":\"https:\\\/\\\/www.domtar.com\\\/fr\\\/#organization\"},\"image\":{\"@id\":\"https:\\\/\\\/www.domtar.com\\\/fr\\\/fr-domtar-mise-a-jour-du-t1-2026-sur-la-strategie-de-developpement-durable\\\/#primaryimage\"},\"thumbnailUrl\":\"https:\\\/\\\/www.domtar.com\\\/wp-content\\\/uploads\\\/2026\\\/02\\\/Newsroom_Quarterly-Sustainability-Strategy-Update_2025_FRE-1.jpg\",\"keywords\":[\"Durabilit\u00e9\",\"Q1 2026\",\"sustainability strategy\"],\"articleSection\":[\"Environment\",\"Newsroom Featured\",\"Responsibility\",\"Sustainability\"],\"inLanguage\":\"fr-FR\"},{\"@type\":\"WebPage\",\"@id\":\"https:\\\/\\\/www.domtar.com\\\/fr\\\/fr-domtar-mise-a-jour-du-t1-2026-sur-la-strategie-de-developpement-durable\\\/\",\"url\":\"https:\\\/\\\/www.domtar.com\\\/fr\\\/fr-domtar-mise-a-jour-du-t1-2026-sur-la-strategie-de-developpement-durable\\\/\",\"name\":\"Traduire la strat\u00e9gie en action\u202f: mise \u00e0 jour du T1 2026 sur la strat\u00e9gie de d\u00e9veloppement durable - Domtar\",\"isPartOf\":{\"@id\":\"https:\\\/\\\/www.domtar.com\\\/fr\\\/#website\"},\"primaryImageOfPage\":{\"@id\":\"https:\\\/\\\/www.domtar.com\\\/fr\\\/fr-domtar-mise-a-jour-du-t1-2026-sur-la-strategie-de-developpement-durable\\\/#primaryimage\"},\"image\":{\"@id\":\"https:\\\/\\\/www.domtar.com\\\/fr\\\/fr-domtar-mise-a-jour-du-t1-2026-sur-la-strategie-de-developpement-durable\\\/#primaryimage\"},\"thumbnailUrl\":\"https:\\\/\\\/www.domtar.com\\\/wp-content\\\/uploads\\\/2026\\\/02\\\/Newsroom_Quarterly-Sustainability-Strategy-Update_2025_FRE-1.jpg\",\"datePublished\":\"2026-04-02T13:10:43+00:00\",\"dateModified\":\"2026-04-02T13:16:49+00:00\",\"description\":\"Notre mise \u00e0 jour du T1 2026 sur la strat\u00e9gie de d\u00e9veloppement durable d\u00e9crit les progr\u00e8s que nous avons r\u00e9alis\u00e9s vers l\u2019atteinte des objectifs contenus dans la strat\u00e9gie de d\u00e9veloppement durable 2030 de Domtar. Lisez la suite.\",\"breadcrumb\":{\"@id\":\"https:\\\/\\\/www.domtar.com\\\/fr\\\/fr-domtar-mise-a-jour-du-t1-2026-sur-la-strategie-de-developpement-durable\\\/#breadcrumb\"},\"inLanguage\":\"fr-FR\",\"potentialAction\":[{\"@type\":\"ReadAction\",\"target\":[\"https:\\\/\\\/www.domtar.com\\\/fr\\\/fr-domtar-mise-a-jour-du-t1-2026-sur-la-strategie-de-developpement-durable\\\/\"]}]},{\"@type\":\"ImageObject\",\"inLanguage\":\"fr-FR\",\"@id\":\"https:\\\/\\\/www.domtar.com\\\/fr\\\/fr-domtar-mise-a-jour-du-t1-2026-sur-la-strategie-de-developpement-durable\\\/#primaryimage\",\"url\":\"https:\\\/\\\/www.domtar.com\\\/wp-content\\\/uploads\\\/2026\\\/02\\\/Newsroom_Quarterly-Sustainability-Strategy-Update_2025_FRE-1.jpg\",\"contentUrl\":\"https:\\\/\\\/www.domtar.com\\\/wp-content\\\/uploads\\\/2026\\\/02\\\/Newsroom_Quarterly-Sustainability-Strategy-Update_2025_FRE-1.jpg\",\"width\":1800,\"height\":1120,\"caption\":\"Notre mise \u00e0 jour du T4 2025 sur la strat\u00e9gie de d\u00e9veloppement durable d\u00e9crit les progr\u00e8s que nous avons r\u00e9alis\u00e9s vers l\u2019atteinte des objectifs contenus dans la strat\u00e9gie de d\u00e9veloppement durable 2030 de Domtar. Lisez la suite pour savoir ce que nous avons accompli.\"},{\"@type\":\"BreadcrumbList\",\"@id\":\"https:\\\/\\\/www.domtar.com\\\/fr\\\/fr-domtar-mise-a-jour-du-t1-2026-sur-la-strategie-de-developpement-durable\\\/#breadcrumb\",\"itemListElement\":[{\"@type\":\"ListItem\",\"position\":1,\"name\":\"Home\",\"item\":\"https:\\\/\\\/www.domtar.com\\\/fr\\\/\"},{\"@type\":\"ListItem\",\"position\":2,\"name\":\"Traduire la strat\u00e9gie en action\u202f: mise \u00e0 jour du T1 2026 sur la strat\u00e9gie de d\u00e9veloppement durable\"}]},{\"@type\":\"WebSite\",\"@id\":\"https:\\\/\\\/www.domtar.com\\\/fr\\\/#website\",\"url\":\"https:\\\/\\\/www.domtar.com\\\/fr\\\/\",\"name\":\"Domtar | The Fiber for the Future\",\"description\":\"The Sustainable Paper, Pulp and Packaging Company\",\"publisher\":{\"@id\":\"https:\\\/\\\/www.domtar.com\\\/fr\\\/#organization\"},\"alternateName\":\"Domtar\",\"potentialAction\":[{\"@type\":\"SearchAction\",\"target\":{\"@type\":\"EntryPoint\",\"urlTemplate\":\"https:\\\/\\\/www.domtar.com\\\/fr\\\/?s={search_term_string}\"},\"query-input\":{\"@type\":\"PropertyValueSpecification\",\"valueRequired\":true,\"valueName\":\"search_term_string\"}}],\"inLanguage\":\"fr-FR\"},{\"@type\":\"Organization\",\"@id\":\"https:\\\/\\\/www.domtar.com\\\/fr\\\/#organization\",\"name\":\"Domtar\",\"url\":\"https:\\\/\\\/www.domtar.com\\\/fr\\\/\",\"logo\":{\"@type\":\"ImageObject\",\"inLanguage\":\"fr-FR\",\"@id\":\"https:\\\/\\\/www.domtar.com\\\/fr\\\/#\\\/schema\\\/logo\\\/image\\\/\",\"url\":\"https:\\\/\\\/www.domtar.com\\\/wp-content\\\/uploads\\\/2023\\\/03\\\/domtar_logo_rgb_green.png\",\"contentUrl\":\"https:\\\/\\\/www.domtar.com\\\/wp-content\\\/uploads\\\/2023\\\/03\\\/domtar_logo_rgb_green.png\",\"width\":1153,\"height\":263,\"caption\":\"Domtar\"},\"image\":{\"@id\":\"https:\\\/\\\/www.domtar.com\\\/fr\\\/#\\\/schema\\\/logo\\\/image\\\/\"},\"sameAs\":[\"https:\\\/\\\/www.facebook.com\\\/DomtarEveryday\\\/\",\"https:\\\/\\\/x.com\\\/DomtarEveryday\",\"https:\\\/\\\/www.linkedin.com\\\/company\\\/domtar\\\/\",\"https:\\\/\\\/www.youtube.com\\\/channel\\\/UCh8Zhq2Rmxhl5Km0krrGoYw\"],\"ethicsPolicy\":\"https:\\\/\\\/www.domtar.com\\\/fr\\\/notre-entreprise\\\/ethique-et-conformite\\\/\"},{\"@type\":\"Person\",\"@id\":\"https:\\\/\\\/www.domtar.com\\\/fr\\\/#\\\/schema\\\/person\\\/9772745d13094979a941fa29238f1fc6\",\"name\":\"Lauren Fisher\",\"image\":{\"@type\":\"ImageObject\",\"inLanguage\":\"fr-FR\",\"@id\":\"https:\\\/\\\/secure.gravatar.com\\\/avatar\\\/9b8527eb551cb2d35f2dc65c1108116c73940985441f79882c98413def50a798?s=96&d=mm&r=g\",\"url\":\"https:\\\/\\\/secure.gravatar.com\\\/avatar\\\/9b8527eb551cb2d35f2dc65c1108116c73940985441f79882c98413def50a798?s=96&d=mm&r=g\",\"contentUrl\":\"https:\\\/\\\/secure.gravatar.com\\\/avatar\\\/9b8527eb551cb2d35f2dc65c1108116c73940985441f79882c98413def50a798?s=96&d=mm&r=g\",\"caption\":\"Lauren Fisher\"}}]}<\/script>\n<!-- \/ Yoast SEO Premium plugin. -->","yoast_head_json":{"title":"Traduire la strat\u00e9gie en action\u202f: mise \u00e0 jour du T1 2026 sur la strat\u00e9gie de d\u00e9veloppement durable - Domtar","description":"Notre mise \u00e0 jour du T1 2026 sur la strat\u00e9gie de d\u00e9veloppement durable d\u00e9crit les progr\u00e8s que nous avons r\u00e9alis\u00e9s vers l\u2019atteinte des objectifs contenus dans la strat\u00e9gie de d\u00e9veloppement durable 2030 de Domtar. Lisez la suite.","robots":{"index":"index","follow":"follow","max-snippet":"max-snippet:-1","max-image-preview":"max-image-preview:large","max-video-preview":"max-video-preview:-1"},"canonical":"https:\/\/www.domtar.com\/fr\/fr-domtar-mise-a-jour-du-t1-2026-sur-la-strategie-de-developpement-durable\/","og_locale":"fr_FR","og_type":"article","og_title":"Traduire la strat\u00e9gie en action\u202f: mise \u00e0 jour du T1 2026 sur la strat\u00e9gie de d\u00e9veloppement durable","og_description":"Notre mise \u00e0 jour du T1 2026 sur la strat\u00e9gie de d\u00e9veloppement durable d\u00e9crit les progr\u00e8s que nous avons r\u00e9alis\u00e9s vers l\u2019atteinte des objectifs contenus dans la strat\u00e9gie de d\u00e9veloppement durable 2030 de Domtar. Lisez la suite.","og_url":"https:\/\/www.domtar.com\/fr\/fr-domtar-mise-a-jour-du-t1-2026-sur-la-strategie-de-developpement-durable\/","og_site_name":"Domtar","article_publisher":"https:\/\/www.facebook.com\/DomtarEveryday\/","article_published_time":"2026-04-02T13:10:43+00:00","article_modified_time":"2026-04-02T13:16:49+00:00","og_image":[{"width":1800,"height":1120,"url":"https:\/\/www.domtar.com\/wp-content\/uploads\/2026\/02\/Newsroom_Quarterly-Sustainability-Strategy-Update_2025_FRE-1.jpg","type":"image\/jpeg"}],"author":"Lauren Fisher","twitter_card":"summary_large_image","twitter_creator":"@DomtarEveryday","twitter_site":"@DomtarEveryday","twitter_misc":{"\u00c9crit par":"Lauren Fisher","Dur\u00e9e de lecture estim\u00e9e":"5 minutes"},"schema":{"@context":"https:\/\/schema.org","@graph":[{"@type":"Article","@id":"https:\/\/www.domtar.com\/fr\/fr-domtar-mise-a-jour-du-t1-2026-sur-la-strategie-de-developpement-durable\/#article","isPartOf":{"@id":"https:\/\/www.domtar.com\/fr\/fr-domtar-mise-a-jour-du-t1-2026-sur-la-strategie-de-developpement-durable\/"},"author":{"name":"Lauren Fisher","@id":"https:\/\/www.domtar.com\/fr\/#\/schema\/person\/9772745d13094979a941fa29238f1fc6"},"headline":"Traduire la strat\u00e9gie en action\u202f: mise \u00e0 jour du T1 2026 sur la strat\u00e9gie de d\u00e9veloppement durable","datePublished":"2026-04-02T13:10:43+00:00","dateModified":"2026-04-02T13:16:49+00:00","mainEntityOfPage":{"@id":"https:\/\/www.domtar.com\/fr\/fr-domtar-mise-a-jour-du-t1-2026-sur-la-strategie-de-developpement-durable\/"},"wordCount":1132,"publisher":{"@id":"https:\/\/www.domtar.com\/fr\/#organization"},"image":{"@id":"https:\/\/www.domtar.com\/fr\/fr-domtar-mise-a-jour-du-t1-2026-sur-la-strategie-de-developpement-durable\/#primaryimage"},"thumbnailUrl":"https:\/\/www.domtar.com\/wp-content\/uploads\/2026\/02\/Newsroom_Quarterly-Sustainability-Strategy-Update_2025_FRE-1.jpg","keywords":["Durabilit\u00e9","Q1 2026","sustainability strategy"],"articleSection":["Environment","Newsroom Featured","Responsibility","Sustainability"],"inLanguage":"fr-FR"},{"@type":"WebPage","@id":"https:\/\/www.domtar.com\/fr\/fr-domtar-mise-a-jour-du-t1-2026-sur-la-strategie-de-developpement-durable\/","url":"https:\/\/www.domtar.com\/fr\/fr-domtar-mise-a-jour-du-t1-2026-sur-la-strategie-de-developpement-durable\/","name":"Traduire la strat\u00e9gie en action\u202f: mise \u00e0 jour du T1 2026 sur la strat\u00e9gie de d\u00e9veloppement durable - Domtar","isPartOf":{"@id":"https:\/\/www.domtar.com\/fr\/#website"},"primaryImageOfPage":{"@id":"https:\/\/www.domtar.com\/fr\/fr-domtar-mise-a-jour-du-t1-2026-sur-la-strategie-de-developpement-durable\/#primaryimage"},"image":{"@id":"https:\/\/www.domtar.com\/fr\/fr-domtar-mise-a-jour-du-t1-2026-sur-la-strategie-de-developpement-durable\/#primaryimage"},"thumbnailUrl":"https:\/\/www.domtar.com\/wp-content\/uploads\/2026\/02\/Newsroom_Quarterly-Sustainability-Strategy-Update_2025_FRE-1.jpg","datePublished":"2026-04-02T13:10:43+00:00","dateModified":"2026-04-02T13:16:49+00:00","description":"Notre mise \u00e0 jour du T1 2026 sur la strat\u00e9gie de d\u00e9veloppement durable d\u00e9crit les progr\u00e8s que nous avons r\u00e9alis\u00e9s vers l\u2019atteinte des objectifs contenus dans la strat\u00e9gie de d\u00e9veloppement durable 2030 de Domtar. Lisez la suite.","breadcrumb":{"@id":"https:\/\/www.domtar.com\/fr\/fr-domtar-mise-a-jour-du-t1-2026-sur-la-strategie-de-developpement-durable\/#breadcrumb"},"inLanguage":"fr-FR","potentialAction":[{"@type":"ReadAction","target":["https:\/\/www.domtar.com\/fr\/fr-domtar-mise-a-jour-du-t1-2026-sur-la-strategie-de-developpement-durable\/"]}]},{"@type":"ImageObject","inLanguage":"fr-FR","@id":"https:\/\/www.domtar.com\/fr\/fr-domtar-mise-a-jour-du-t1-2026-sur-la-strategie-de-developpement-durable\/#primaryimage","url":"https:\/\/www.domtar.com\/wp-content\/uploads\/2026\/02\/Newsroom_Quarterly-Sustainability-Strategy-Update_2025_FRE-1.jpg","contentUrl":"https:\/\/www.domtar.com\/wp-content\/uploads\/2026\/02\/Newsroom_Quarterly-Sustainability-Strategy-Update_2025_FRE-1.jpg","width":1800,"height":1120,"caption":"Notre mise \u00e0 jour du T4 2025 sur la strat\u00e9gie de d\u00e9veloppement durable d\u00e9crit les progr\u00e8s que nous avons r\u00e9alis\u00e9s vers l\u2019atteinte des objectifs contenus dans la strat\u00e9gie de d\u00e9veloppement durable 2030 de Domtar. Lisez la suite pour savoir ce que nous avons accompli."},{"@type":"BreadcrumbList","@id":"https:\/\/www.domtar.com\/fr\/fr-domtar-mise-a-jour-du-t1-2026-sur-la-strategie-de-developpement-durable\/#breadcrumb","itemListElement":[{"@type":"ListItem","position":1,"name":"Home","item":"https:\/\/www.domtar.com\/fr\/"},{"@type":"ListItem","position":2,"name":"Traduire la strat\u00e9gie en action\u202f: mise \u00e0 jour du T1 2026 sur la strat\u00e9gie de d\u00e9veloppement durable"}]},{"@type":"WebSite","@id":"https:\/\/www.domtar.com\/fr\/#website","url":"https:\/\/www.domtar.com\/fr\/","name":"Domtar | The Fiber for the Future","description":"The Sustainable Paper, Pulp and Packaging Company","publisher":{"@id":"https:\/\/www.domtar.com\/fr\/#organization"},"alternateName":"Domtar","potentialAction":[{"@type":"SearchAction","target":{"@type":"EntryPoint","urlTemplate":"https:\/\/www.domtar.com\/fr\/?s={search_term_string}"},"query-input":{"@type":"PropertyValueSpecification","valueRequired":true,"valueName":"search_term_string"}}],"inLanguage":"fr-FR"},{"@type":"Organization","@id":"https:\/\/www.domtar.com\/fr\/#organization","name":"Domtar","url":"https:\/\/www.domtar.com\/fr\/","logo":{"@type":"ImageObject","inLanguage":"fr-FR","@id":"https:\/\/www.domtar.com\/fr\/#\/schema\/logo\/image\/","url":"https:\/\/www.domtar.com\/wp-content\/uploads\/2023\/03\/domtar_logo_rgb_green.png","contentUrl":"https:\/\/www.domtar.com\/wp-content\/uploads\/2023\/03\/domtar_logo_rgb_green.png","width":1153,"height":263,"caption":"Domtar"},"image":{"@id":"https:\/\/www.domtar.com\/fr\/#\/schema\/logo\/image\/"},"sameAs":["https:\/\/www.facebook.com\/DomtarEveryday\/","https:\/\/x.com\/DomtarEveryday","https:\/\/www.linkedin.com\/company\/domtar\/","https:\/\/www.youtube.com\/channel\/UCh8Zhq2Rmxhl5Km0krrGoYw"],"ethicsPolicy":"https:\/\/www.domtar.com\/fr\/notre-entreprise\/ethique-et-conformite\/"},{"@type":"Person","@id":"https:\/\/www.domtar.com\/fr\/#\/schema\/person\/9772745d13094979a941fa29238f1fc6","name":"Lauren Fisher","image":{"@type":"ImageObject","inLanguage":"fr-FR","@id":"https:\/\/secure.gravatar.com\/avatar\/9b8527eb551cb2d35f2dc65c1108116c73940985441f79882c98413def50a798?s=96&d=mm&r=g","url":"https:\/\/secure.gravatar.com\/avatar\/9b8527eb551cb2d35f2dc65c1108116c73940985441f79882c98413def50a798?s=96&d=mm&r=g","contentUrl":"https:\/\/secure.gravatar.com\/avatar\/9b8527eb551cb2d35f2dc65c1108116c73940985441f79882c98413def50a798?s=96&d=mm&r=g","caption":"Lauren Fisher"}}]}},"_links":{"self":[{"href":"https:\/\/www.domtar.com\/fr\/wp-json\/wp\/v2\/posts\/50860","targetHints":{"allow":["GET"]}}],"collection":[{"href":"https:\/\/www.domtar.com\/fr\/wp-json\/wp\/v2\/posts"}],"about":[{"href":"https:\/\/www.domtar.com\/fr\/wp-json\/wp\/v2\/types\/post"}],"author":[{"embeddable":true,"href":"https:\/\/www.domtar.com\/fr\/wp-json\/wp\/v2\/users\/37"}],"replies":[{"embeddable":true,"href":"https:\/\/www.domtar.com\/fr\/wp-json\/wp\/v2\/comments?post=50860"}],"version-history":[{"count":0,"href":"https:\/\/www.domtar.com\/fr\/wp-json\/wp\/v2\/posts\/50860\/revisions"}],"wp:featuredmedia":[{"embeddable":true,"href":"https:\/\/www.domtar.com\/fr\/wp-json\/wp\/v2\/media\/48933"}],"wp:attachment":[{"href":"https:\/\/www.domtar.com\/fr\/wp-json\/wp\/v2\/media?parent=50860"}],"wp:term":[{"taxonomy":"category","embeddable":true,"href":"https:\/\/www.domtar.com\/fr\/wp-json\/wp\/v2\/categories?post=50860"},{"taxonomy":"post_tag","embeddable":true,"href":"https:\/\/www.domtar.com\/fr\/wp-json\/wp\/v2\/tags?post=50860"}],"curies":[{"name":"wp","href":"https:\/\/api.w.org\/{rel}","templated":true}]}}