{"id":42267,"date":"2025-10-03T18:04:34","date_gmt":"2025-10-03T18:04:34","guid":{"rendered":"https:\/\/www.domtar.com\/?p=42267"},"modified":"2025-10-03T18:04:01","modified_gmt":"2025-10-03T18:04:01","slug":"q3-2025-sustainability-strategy-update","status":"publish","type":"post","link":"https:\/\/www.domtar.com\/fr\/q3-2025-sustainability-strategy-update\/","title":{"rendered":"R\u00e9aliser la Strat\u00e9gie : Mise \u00e0 Jour de la Strat\u00e9gie de D\u00e9veloppement Durable du T3 2025"},"content":{"rendered":"Domtar a lanc\u00e9 sa <a href=\"https:\/\/www.youtube.com\/watch?v=FNNbNddvXdI&amp;list=PL16TNtE9gwZXtMOHnw1MhQkqYKvmHdA7U&amp;index=3\" target=\"_blank\" rel=\"noopener\">strat\u00e9gie de d\u00e9veloppement durable<\/a>\u00a02030 en mai\u00a02025, \u00e0 laquelle travaillent actuellement avec ardeur toutes nos unit\u00e9s commerciales. C\u2019est gr\u00e2ce \u00e0 ce cadre que nous pouvons nous assurer d\u2019atteindre nos objectifs de 2026. Nous travaillons \u00e0 la r\u00e9alisation des objectifs que nous comptons atteindre d\u2019ici 2030, y compris \u00e0 une feuille de route pour le suivi syst\u00e9matique des progr\u00e8s des trois piliers au c\u0153ur de cette strat\u00e9gie. Cette mise \u00e0 jour de la strat\u00e9gie de d\u00e9veloppement durable du T3\u00a02025 et les mises \u00e0 jour trimestrielles \u00e0 venir d\u00e9tailleront nos progr\u00e8s par pilier.\r\n\r\nDans le cadre de notre pilier <a href=\"https:\/\/www.domtar.com\/fr\/strategie-de-developpement-durable-lntendance-environnementale\/\" target=\"_blank\" rel=\"noopener\"><strong>intendance environnementale<\/strong><\/a>, nous avons d\u00e9fini plusieurs objectifs cl\u00e9s li\u00e9s \u00e0 la mani\u00e8re dont nous g\u00e9rons les ressources de notre plan\u00e8te. Voici au T3\u00a02025 l\u2019\u00e9tat de nos progr\u00e8s vers l\u2019atteinte de ces objectifs\u00a0:\r\n<ul>\r\n \t<li>Lancement de notre nouvelle <a href=\"https:\/\/www.domtar.com\/wp-content\/uploads\/2025\/07\/Domtar-Environmental-Policy_FINAL-FR-1.pdf\" target=\"_blank\" rel=\"noopener\">politique environnementale<\/a> harmonis\u00e9e, qui remplace les politiques de longue date de l\u2019ancienne entreprise.<\/li>\r\n \t<li>Affiner notre inventaire des \u00e9missions de gaz \u00e0 effet de serre (GES) du champ d\u2019application\u00a03, soit celles provenant de notre cha\u00eene d\u2019approvisionnement plut\u00f4t que de nos exploitations et de nos achats d\u2019\u00e9nergie, y compris l\u2019int\u00e9gration de nos inventaires du champ d\u2019application\u00a03 provenant d\u2019anciennes entreprises. Nous \u00e9laborons aussi un plan d\u2019action interentreprises pour d\u00e9finir un objectif global de r\u00e9duction des \u00e9missions de GES d\u2019ici\u00a02026.<\/li>\r\n \t<li>Cr\u00e9er une feuille de route pour valider notre base de r\u00e9f\u00e9rence\u00a02020 pour la consommation d\u2019eau dans les exploitations de papier et d\u2019emballage et pour d\u00e9terminer un portefeuille de projets pour l\u2019atteinte de la cible de r\u00e9duction de 20\u00a0% d\u2019ici\u00a02030.<\/li>\r\n<\/ul>\r\nEn ce qui concerne la fa\u00e7on dont nous interagissons avec <a href=\"https:\/\/www.domtar.com\/fr\/strategie-de-developpement-durable-nos-gens-et-nos-collectivites\/\" target=\"_blank\" rel=\"noopener\"><strong>nos gens et nos collectivit\u00e9s<\/strong><\/a>, nous avons r\u00e9alis\u00e9 de bons progr\u00e8s vers l\u2019atteinte de nos objectifs \u00e0 long terme en s\u00e9curit\u00e9 des employ\u00e9s, aux partenariats avec les Autochtones, \u00e0 l\u2019engagement communautaire, \u00e0 l\u2019exp\u00e9rience des employ\u00e9s et au d\u00e9veloppement des talents. Pour notre mise \u00e0 jour de la strat\u00e9gie de d\u00e9veloppement durable du T3\u00a02025, nous avons\u00a0:\r\n<ul>\r\n \t<li>publi\u00e9 une nouvelle <a href=\"https:\/\/www.domtar.com\/fr\/responsabilite\/indigenous-relations\/\" target=\"_blank\" rel=\"noopener\">Politique mondiale en mati\u00e8re de relations avec les peuples autochtones<\/a> int\u00e9gr\u00e9e;<\/li>\r\n \t<li>continu\u00e9 \u00e0 soutenir l\u2019initiative <a href=\"https:\/\/www.domtar.com\/fr\/indigenous-led-conservation\/\" target=\"_blank\" rel=\"noopener\">First\u00a030&#215;30 Canada<\/a>, qui aide \u00e0 d\u00e9finir des occasions d\u2019affaires ax\u00e9es sur la conservation pour les aires prot\u00e9g\u00e9es et conserv\u00e9es autochtones\u00a0(APCA);<\/li>\r\n \t<li>am\u00e9lior\u00e9 notre cadre d\u2019engagement communautaire avec <a href=\"https:\/\/www.domtar.com\/fr\/responsabilite\/domtar-nous-unit\/\"><em>Domtar nous unit<\/em><\/a>;<\/li>\r\n \t<li>mis sur pied notre comit\u00e9 directeur strat\u00e9gique de la s\u00e9curit\u00e9 pour poursuivre l\u2019int\u00e9gration de <a href=\"https:\/\/www.domtar.com\/fr\/domtar-celebre-une-annee-de-jalons-et-de-prix-dans-le-domaine-de-la-securite\/\" target=\"_blank\" rel=\"noopener\">pratiques exemplaires de s\u00e9curit\u00e9<\/a> dans l\u2019ensemble de Domtar.<\/li>\r\n<\/ul>\r\nNotre pilier <a href=\"https:\/\/www.domtar.com\/fr\/sustainability-strategy-responsible-business\/\" target=\"_blank\" rel=\"noopener\"><strong>entreprise responsable<\/strong><\/a> est la base de notre fa\u00e7on de prendre contact avec les consommateurs, les partenaires commerciaux et d\u2019autres intervenants de mani\u00e8re \u00e9thique, transparente et durable. Dans cette mise \u00e0 jour de la strat\u00e9gie de d\u00e9veloppement durable du T3\u00a02025, nous avons la fiert\u00e9 de vous communiquer que nous avons\u00a0:\r\n<ul>\r\n \t<li>prepar\u00e9 notre tout premier rapport sur le d\u00e9veloppement durable en tant que nouvelle Domtar en misant sur les exigences de l\u2019<a href=\"https:\/\/www.globalreporting.org\/\" target=\"_blank\" rel=\"noopener\">initiative mondiale sur la pr\u00e9sentation de rapports<\/a> et le <a href=\"https:\/\/sasb.ifrs.org\/\" target=\"_blank\" rel=\"noopener\">Sustainability Accounting Standards Board<\/a>. Le rapport devrait \u00eatre publi\u00e9 le 7\u00a0octobre;<\/li>\r\n \t<li>soumis notre premi\u00e8re divulgation <a href=\"https:\/\/www.cdp.net\/en\" target=\"_blank\" rel=\"noopener\">CDP<\/a> sur le carbone en tant que nouvelle Domtar, y compris les donn\u00e9es sur les \u00e9missions du champ d\u2019application\u00a03 et les \u00e9valuations de l\u2019eau;<\/li>\r\n \t<li>s\u00e9lectionn\u00e9 une solution logicielle pour aider \u00e0 d\u00e9velopper un syst\u00e8me de gestion des donn\u00e9es \u00e0 l\u2019\u00e9chelle de l\u2019entreprise, ce qui est un \u00e9l\u00e9ment cl\u00e9 de la pr\u00e9paration \u00e0 la conformit\u00e9 aux nouvelles normes internationales en mati\u00e8re de pr\u00e9sentation de rapports sur le d\u00e9veloppement durable.<\/li>\r\n<\/ul>\r\nNous continuons \u00e9galement \u00e0 r\u00e9aliser des vid\u00e9os et d\u2019autres supports pr\u00e9sentant notre strat\u00e9gie, et nous concevons de nouvelles initiatives pour soutenir le perfectionnement professionnel, la collaboration et l\u2019engagement du personnel en d\u00e9veloppement durable.\r\n\r\nNotre strat\u00e9gie de d\u00e9veloppement durable, <a href=\"https:\/\/www.domtar.com\/fr\/lancement-de-la-strategie-de-developpement-durable-de-domtar\/\" target=\"_blank\" rel=\"noopener\">ambitieuse, rigoureuse et transparente<\/a>, est assortie d\u2019objectifs de performance cibl\u00e9s et mesurables. Nous continuerons \u00e0 publier des mises \u00e0 jour sur nos progr\u00e8s dans nos rapports trimestriels comme cette mise \u00e0 jour de la strat\u00e9gie de d\u00e9veloppement durable du T3\u00a02025.\r\n<h2><strong>Consultez notre premier rapport int\u00e9gr\u00e9 sur le d\u00e9veloppement durable le 7\u00a0octobre. Pour en savoir plus\u00a0:<\/strong><\/h2>\r\n<strong>\u00a0<\/strong>Lisez le <a href=\"https:\/\/www.domtar.com\/wp-content\/uploads\/2025\/05\/Domtar_Sustainability-Strategy_4-Page-Brochure_2025_FINAL-2.pdf\">r\u00e9sum\u00e9<\/a> de notre strat\u00e9gie de d\u00e9veloppement durable.\r\n<ul>\r\n \t<li>Regardez des vid\u00e9os sur chacun de nos trois piliers\u00a0:\r\n<ul>\r\n \t<li><a href=\"https:\/\/www.domtar.com\/fr\/strategie-de-developpement-durable-lntendance-environnementale\/\" target=\"_blank\" rel=\"noopener\"><strong>Intendance environnementale<\/strong><\/a><\/li>\r\n \t<li><a href=\"https:\/\/www.domtar.com\/fr\/strategie-de-developpement-durable-nos-gens-et-nos-collectivites\/\" target=\"_blank\" rel=\"noopener\"><strong>Nos gens et nos collectivit\u00e9s<\/strong><\/a><\/li>\r\n \t<li><a href=\"https:\/\/www.domtar.com\/fr\/sustainability-strategy-responsible-business\/\" target=\"_blank\" rel=\"noopener\"><strong>Entreprise responsable<\/strong><\/a><\/li>\r\n<\/ul>\r\n<\/li>\r\n \t<li>Visionnez l\u2019enregistrement de l\u2019\u00e9v\u00e9nement de <a href=\"https:\/\/youtu.be\/82kl1WW0fzw?si=FaUe_T3Gvn97wObn\" target=\"_blank\" rel=\"noopener\">lancement de la strat\u00e9gie de d\u00e9veloppement durable<\/a>.<\/li>\r\n \t<li>Envoyez vos commentaires et questions \u00e0 <a href=\"mailto:sustainability@domtar.com\" target=\"_blank\" rel=\"noopener\">sustainability@domtar.com<\/a><u>.<\/u><\/li>\r\n<\/ul>\r\n&nbsp;","protected":false},"excerpt":{"rendered":"<p>Mise \u00e0 jour de la strat\u00e9gie de d\u00e9veloppement durable du T3 2025 sur la r\u00e9alisation des objectifs de la strat\u00e9gie de d\u00e9veloppement durable 2030 de Domtar lanc\u00e9e en mai. Lisez la suite pour voir ce que nous avons accompli.<\/p>\n","protected":false},"author":24,"featured_media":42264,"comment_status":"closed","ping_status":"closed","sticky":false,"template":"","format":"standard","meta":{"_acf_changed":false,"_genesis_block_theme_hide_title":false,"footnotes":""},"categories":[1600,974,985],"tags":[412,1599,1507,1506],"class_list":{"0":"post-42267","1":"post","2":"type-post","3":"status-publish","4":"format-standard","5":"has-post-thumbnail","6":"hentry","7":"category-developpement-durable","8":"category-newsroom-featured-fr","9":"category-sustainability-fr","10":"tag-durabilite","11":"tag-q3-fr","12":"tag-strategie-de-developpement-durable","13":"tag-sustainability-strategy-fr","15":"with-featured-image"},"acf":[],"yoast_head":"<!-- This site is optimized with the Yoast SEO Premium plugin v27.4 (Yoast SEO v27.5) - https:\/\/yoast.com\/product\/yoast-seo-premium-wordpress\/ -->\n<title>R\u00e9aliser la Strat\u00e9gie : Mise \u00e0 Jour de la Strat\u00e9gie de D\u00e9veloppement Durable du T3 2025 - Domtar<\/title>\n<meta name=\"description\" content=\"Mise \u00e0 jour de la strat\u00e9gie de d\u00e9veloppement durable du T3 2025 sur la r\u00e9alisation des objectifs de la strat\u00e9gie de d\u00e9veloppement durable 2030 de Domtar. En savoir plus.\" \/>\n<meta name=\"robots\" content=\"index, follow, max-snippet:-1, max-image-preview:large, max-video-preview:-1\" \/>\n<link rel=\"canonical\" href=\"https:\/\/www.domtar.com\/fr\/q3-2025-sustainability-strategy-update\/\" \/>\n<meta property=\"og:locale\" content=\"fr_FR\" \/>\n<meta property=\"og:type\" content=\"article\" \/>\n<meta property=\"og:title\" content=\"R\u00e9aliser la Strat\u00e9gie : Mise \u00e0 Jour de la Strat\u00e9gie de D\u00e9veloppement Durable du T3 2025\" \/>\n<meta property=\"og:description\" content=\"Mise \u00e0 jour de la strat\u00e9gie de d\u00e9veloppement durable du T3 2025 sur la r\u00e9alisation des objectifs de la strat\u00e9gie de d\u00e9veloppement durable 2030 de Domtar. En savoir plus.\" \/>\n<meta property=\"og:url\" content=\"https:\/\/www.domtar.com\/fr\/q3-2025-sustainability-strategy-update\/\" \/>\n<meta property=\"og:site_name\" content=\"Domtar\" \/>\n<meta property=\"article:publisher\" content=\"https:\/\/www.facebook.com\/DomtarEveryday\/\" \/>\n<meta property=\"article:published_time\" content=\"2025-10-03T18:04:34+00:00\" \/>\n<meta property=\"og:image\" content=\"https:\/\/www.domtar.com\/wp-content\/uploads\/2025\/10\/Newsroom_Quarterly-Sustainability-Strategy-Update_2025_FRE.jpg\" \/>\n\t<meta property=\"og:image:width\" content=\"1800\" \/>\n\t<meta property=\"og:image:height\" content=\"1120\" \/>\n\t<meta property=\"og:image:type\" content=\"image\/jpeg\" \/>\n<meta name=\"author\" content=\"Colleen Marble\" \/>\n<meta name=\"twitter:card\" content=\"summary_large_image\" \/>\n<meta name=\"twitter:creator\" content=\"@DomtarEveryday\" \/>\n<meta name=\"twitter:site\" content=\"@DomtarEveryday\" \/>\n<meta name=\"twitter:label1\" content=\"\u00c9crit par\" \/>\n\t<meta name=\"twitter:data1\" content=\"Colleen Marble\" \/>\n\t<meta name=\"twitter:label2\" content=\"Dur\u00e9e de lecture estim\u00e9e\" \/>\n\t<meta name=\"twitter:data2\" content=\"4 minutes\" \/>\n<script type=\"application\/ld+json\" class=\"yoast-schema-graph\">{\"@context\":\"https:\\\/\\\/schema.org\",\"@graph\":[{\"@type\":\"Article\",\"@id\":\"https:\\\/\\\/www.domtar.com\\\/fr\\\/q3-2025-sustainability-strategy-update\\\/#article\",\"isPartOf\":{\"@id\":\"https:\\\/\\\/www.domtar.com\\\/fr\\\/q3-2025-sustainability-strategy-update\\\/\"},\"author\":{\"name\":\"Colleen Marble\",\"@id\":\"https:\\\/\\\/www.domtar.com\\\/fr\\\/#\\\/schema\\\/person\\\/8d72e6cb00fb5e298ff8481bd38f11d0\"},\"headline\":\"R\u00e9aliser la Strat\u00e9gie : Mise \u00e0 Jour de la Strat\u00e9gie de D\u00e9veloppement Durable du T3 2025\",\"datePublished\":\"2025-10-03T18:04:34+00:00\",\"mainEntityOfPage\":{\"@id\":\"https:\\\/\\\/www.domtar.com\\\/fr\\\/q3-2025-sustainability-strategy-update\\\/\"},\"wordCount\":812,\"publisher\":{\"@id\":\"https:\\\/\\\/www.domtar.com\\\/fr\\\/#organization\"},\"image\":{\"@id\":\"https:\\\/\\\/www.domtar.com\\\/fr\\\/q3-2025-sustainability-strategy-update\\\/#primaryimage\"},\"thumbnailUrl\":\"https:\\\/\\\/www.domtar.com\\\/wp-content\\\/uploads\\\/2025\\\/10\\\/Newsroom_Quarterly-Sustainability-Strategy-Update_2025_FRE.jpg\",\"keywords\":[\"Durabilit\u00e9\",\"Q3\",\"strat\u00e9gie de d\u00e9veloppement durable\",\"sustainability strategy\"],\"articleSection\":[\"D\u00e9veloppement durable\",\"Newsroom Featured\",\"Sustainability\"],\"inLanguage\":\"fr-FR\"},{\"@type\":\"WebPage\",\"@id\":\"https:\\\/\\\/www.domtar.com\\\/fr\\\/q3-2025-sustainability-strategy-update\\\/\",\"url\":\"https:\\\/\\\/www.domtar.com\\\/fr\\\/q3-2025-sustainability-strategy-update\\\/\",\"name\":\"R\u00e9aliser la Strat\u00e9gie : Mise \u00e0 Jour de la Strat\u00e9gie de D\u00e9veloppement Durable du T3 2025 - Domtar\",\"isPartOf\":{\"@id\":\"https:\\\/\\\/www.domtar.com\\\/fr\\\/#website\"},\"primaryImageOfPage\":{\"@id\":\"https:\\\/\\\/www.domtar.com\\\/fr\\\/q3-2025-sustainability-strategy-update\\\/#primaryimage\"},\"image\":{\"@id\":\"https:\\\/\\\/www.domtar.com\\\/fr\\\/q3-2025-sustainability-strategy-update\\\/#primaryimage\"},\"thumbnailUrl\":\"https:\\\/\\\/www.domtar.com\\\/wp-content\\\/uploads\\\/2025\\\/10\\\/Newsroom_Quarterly-Sustainability-Strategy-Update_2025_FRE.jpg\",\"datePublished\":\"2025-10-03T18:04:34+00:00\",\"description\":\"Mise \u00e0 jour de la strat\u00e9gie de d\u00e9veloppement durable du T3 2025 sur la r\u00e9alisation des objectifs de la strat\u00e9gie de d\u00e9veloppement durable 2030 de Domtar. En savoir plus.\",\"breadcrumb\":{\"@id\":\"https:\\\/\\\/www.domtar.com\\\/fr\\\/q3-2025-sustainability-strategy-update\\\/#breadcrumb\"},\"inLanguage\":\"fr-FR\",\"potentialAction\":[{\"@type\":\"ReadAction\",\"target\":[\"https:\\\/\\\/www.domtar.com\\\/fr\\\/q3-2025-sustainability-strategy-update\\\/\"]}]},{\"@type\":\"ImageObject\",\"inLanguage\":\"fr-FR\",\"@id\":\"https:\\\/\\\/www.domtar.com\\\/fr\\\/q3-2025-sustainability-strategy-update\\\/#primaryimage\",\"url\":\"https:\\\/\\\/www.domtar.com\\\/wp-content\\\/uploads\\\/2025\\\/10\\\/Newsroom_Quarterly-Sustainability-Strategy-Update_2025_FRE.jpg\",\"contentUrl\":\"https:\\\/\\\/www.domtar.com\\\/wp-content\\\/uploads\\\/2025\\\/10\\\/Newsroom_Quarterly-Sustainability-Strategy-Update_2025_FRE.jpg\",\"width\":1800,\"height\":1120},{\"@type\":\"BreadcrumbList\",\"@id\":\"https:\\\/\\\/www.domtar.com\\\/fr\\\/q3-2025-sustainability-strategy-update\\\/#breadcrumb\",\"itemListElement\":[{\"@type\":\"ListItem\",\"position\":1,\"name\":\"Home\",\"item\":\"https:\\\/\\\/www.domtar.com\\\/fr\\\/\"},{\"@type\":\"ListItem\",\"position\":2,\"name\":\"R\u00e9aliser la Strat\u00e9gie : Mise \u00e0 Jour de la Strat\u00e9gie de D\u00e9veloppement Durable du T3 2025\"}]},{\"@type\":\"WebSite\",\"@id\":\"https:\\\/\\\/www.domtar.com\\\/fr\\\/#website\",\"url\":\"https:\\\/\\\/www.domtar.com\\\/fr\\\/\",\"name\":\"Domtar | The Fiber for the Future\",\"description\":\"The Sustainable Paper, Pulp and Packaging Company\",\"publisher\":{\"@id\":\"https:\\\/\\\/www.domtar.com\\\/fr\\\/#organization\"},\"alternateName\":\"Domtar\",\"potentialAction\":[{\"@type\":\"SearchAction\",\"target\":{\"@type\":\"EntryPoint\",\"urlTemplate\":\"https:\\\/\\\/www.domtar.com\\\/fr\\\/?s={search_term_string}\"},\"query-input\":{\"@type\":\"PropertyValueSpecification\",\"valueRequired\":true,\"valueName\":\"search_term_string\"}}],\"inLanguage\":\"fr-FR\"},{\"@type\":\"Organization\",\"@id\":\"https:\\\/\\\/www.domtar.com\\\/fr\\\/#organization\",\"name\":\"Domtar\",\"url\":\"https:\\\/\\\/www.domtar.com\\\/fr\\\/\",\"logo\":{\"@type\":\"ImageObject\",\"inLanguage\":\"fr-FR\",\"@id\":\"https:\\\/\\\/www.domtar.com\\\/fr\\\/#\\\/schema\\\/logo\\\/image\\\/\",\"url\":\"https:\\\/\\\/www.domtar.com\\\/wp-content\\\/uploads\\\/2023\\\/03\\\/domtar_logo_rgb_green.png\",\"contentUrl\":\"https:\\\/\\\/www.domtar.com\\\/wp-content\\\/uploads\\\/2023\\\/03\\\/domtar_logo_rgb_green.png\",\"width\":1153,\"height\":263,\"caption\":\"Domtar\"},\"image\":{\"@id\":\"https:\\\/\\\/www.domtar.com\\\/fr\\\/#\\\/schema\\\/logo\\\/image\\\/\"},\"sameAs\":[\"https:\\\/\\\/www.facebook.com\\\/DomtarEveryday\\\/\",\"https:\\\/\\\/x.com\\\/DomtarEveryday\",\"https:\\\/\\\/www.linkedin.com\\\/company\\\/domtar\\\/\",\"https:\\\/\\\/www.youtube.com\\\/channel\\\/UCh8Zhq2Rmxhl5Km0krrGoYw\"],\"ethicsPolicy\":\"https:\\\/\\\/www.domtar.com\\\/fr\\\/notre-entreprise\\\/ethique-et-conformite\\\/\"},{\"@type\":\"Person\",\"@id\":\"https:\\\/\\\/www.domtar.com\\\/fr\\\/#\\\/schema\\\/person\\\/8d72e6cb00fb5e298ff8481bd38f11d0\",\"name\":\"Colleen Marble\",\"image\":{\"@type\":\"ImageObject\",\"inLanguage\":\"fr-FR\",\"@id\":\"https:\\\/\\\/secure.gravatar.com\\\/avatar\\\/fb3ea83adac183e52b27d25f605c0e4fe3cbcc79fbe2f0d4e20d5386483640c2?s=96&d=mm&r=g\",\"url\":\"https:\\\/\\\/secure.gravatar.com\\\/avatar\\\/fb3ea83adac183e52b27d25f605c0e4fe3cbcc79fbe2f0d4e20d5386483640c2?s=96&d=mm&r=g\",\"contentUrl\":\"https:\\\/\\\/secure.gravatar.com\\\/avatar\\\/fb3ea83adac183e52b27d25f605c0e4fe3cbcc79fbe2f0d4e20d5386483640c2?s=96&d=mm&r=g\",\"caption\":\"Colleen Marble\"}}]}<\/script>\n<!-- \/ Yoast SEO Premium plugin. -->","yoast_head_json":{"title":"R\u00e9aliser la Strat\u00e9gie : Mise \u00e0 Jour de la Strat\u00e9gie de D\u00e9veloppement Durable du T3 2025 - Domtar","description":"Mise \u00e0 jour de la strat\u00e9gie de d\u00e9veloppement durable du T3 2025 sur la r\u00e9alisation des objectifs de la strat\u00e9gie de d\u00e9veloppement durable 2030 de Domtar. En savoir plus.","robots":{"index":"index","follow":"follow","max-snippet":"max-snippet:-1","max-image-preview":"max-image-preview:large","max-video-preview":"max-video-preview:-1"},"canonical":"https:\/\/www.domtar.com\/fr\/q3-2025-sustainability-strategy-update\/","og_locale":"fr_FR","og_type":"article","og_title":"R\u00e9aliser la Strat\u00e9gie : Mise \u00e0 Jour de la Strat\u00e9gie de D\u00e9veloppement Durable du T3 2025","og_description":"Mise \u00e0 jour de la strat\u00e9gie de d\u00e9veloppement durable du T3 2025 sur la r\u00e9alisation des objectifs de la strat\u00e9gie de d\u00e9veloppement durable 2030 de Domtar. En savoir plus.","og_url":"https:\/\/www.domtar.com\/fr\/q3-2025-sustainability-strategy-update\/","og_site_name":"Domtar","article_publisher":"https:\/\/www.facebook.com\/DomtarEveryday\/","article_published_time":"2025-10-03T18:04:34+00:00","og_image":[{"width":1800,"height":1120,"url":"https:\/\/www.domtar.com\/wp-content\/uploads\/2025\/10\/Newsroom_Quarterly-Sustainability-Strategy-Update_2025_FRE.jpg","type":"image\/jpeg"}],"author":"Colleen Marble","twitter_card":"summary_large_image","twitter_creator":"@DomtarEveryday","twitter_site":"@DomtarEveryday","twitter_misc":{"\u00c9crit par":"Colleen Marble","Dur\u00e9e de lecture estim\u00e9e":"4 minutes"},"schema":{"@context":"https:\/\/schema.org","@graph":[{"@type":"Article","@id":"https:\/\/www.domtar.com\/fr\/q3-2025-sustainability-strategy-update\/#article","isPartOf":{"@id":"https:\/\/www.domtar.com\/fr\/q3-2025-sustainability-strategy-update\/"},"author":{"name":"Colleen Marble","@id":"https:\/\/www.domtar.com\/fr\/#\/schema\/person\/8d72e6cb00fb5e298ff8481bd38f11d0"},"headline":"R\u00e9aliser la Strat\u00e9gie : Mise \u00e0 Jour de la Strat\u00e9gie de D\u00e9veloppement Durable du T3 2025","datePublished":"2025-10-03T18:04:34+00:00","mainEntityOfPage":{"@id":"https:\/\/www.domtar.com\/fr\/q3-2025-sustainability-strategy-update\/"},"wordCount":812,"publisher":{"@id":"https:\/\/www.domtar.com\/fr\/#organization"},"image":{"@id":"https:\/\/www.domtar.com\/fr\/q3-2025-sustainability-strategy-update\/#primaryimage"},"thumbnailUrl":"https:\/\/www.domtar.com\/wp-content\/uploads\/2025\/10\/Newsroom_Quarterly-Sustainability-Strategy-Update_2025_FRE.jpg","keywords":["Durabilit\u00e9","Q3","strat\u00e9gie de d\u00e9veloppement durable","sustainability strategy"],"articleSection":["D\u00e9veloppement durable","Newsroom Featured","Sustainability"],"inLanguage":"fr-FR"},{"@type":"WebPage","@id":"https:\/\/www.domtar.com\/fr\/q3-2025-sustainability-strategy-update\/","url":"https:\/\/www.domtar.com\/fr\/q3-2025-sustainability-strategy-update\/","name":"R\u00e9aliser la Strat\u00e9gie : Mise \u00e0 Jour de la Strat\u00e9gie de D\u00e9veloppement Durable du T3 2025 - Domtar","isPartOf":{"@id":"https:\/\/www.domtar.com\/fr\/#website"},"primaryImageOfPage":{"@id":"https:\/\/www.domtar.com\/fr\/q3-2025-sustainability-strategy-update\/#primaryimage"},"image":{"@id":"https:\/\/www.domtar.com\/fr\/q3-2025-sustainability-strategy-update\/#primaryimage"},"thumbnailUrl":"https:\/\/www.domtar.com\/wp-content\/uploads\/2025\/10\/Newsroom_Quarterly-Sustainability-Strategy-Update_2025_FRE.jpg","datePublished":"2025-10-03T18:04:34+00:00","description":"Mise \u00e0 jour de la strat\u00e9gie de d\u00e9veloppement durable du T3 2025 sur la r\u00e9alisation des objectifs de la strat\u00e9gie de d\u00e9veloppement durable 2030 de Domtar. En savoir plus.","breadcrumb":{"@id":"https:\/\/www.domtar.com\/fr\/q3-2025-sustainability-strategy-update\/#breadcrumb"},"inLanguage":"fr-FR","potentialAction":[{"@type":"ReadAction","target":["https:\/\/www.domtar.com\/fr\/q3-2025-sustainability-strategy-update\/"]}]},{"@type":"ImageObject","inLanguage":"fr-FR","@id":"https:\/\/www.domtar.com\/fr\/q3-2025-sustainability-strategy-update\/#primaryimage","url":"https:\/\/www.domtar.com\/wp-content\/uploads\/2025\/10\/Newsroom_Quarterly-Sustainability-Strategy-Update_2025_FRE.jpg","contentUrl":"https:\/\/www.domtar.com\/wp-content\/uploads\/2025\/10\/Newsroom_Quarterly-Sustainability-Strategy-Update_2025_FRE.jpg","width":1800,"height":1120},{"@type":"BreadcrumbList","@id":"https:\/\/www.domtar.com\/fr\/q3-2025-sustainability-strategy-update\/#breadcrumb","itemListElement":[{"@type":"ListItem","position":1,"name":"Home","item":"https:\/\/www.domtar.com\/fr\/"},{"@type":"ListItem","position":2,"name":"R\u00e9aliser la Strat\u00e9gie : Mise \u00e0 Jour de la Strat\u00e9gie de D\u00e9veloppement Durable du T3 2025"}]},{"@type":"WebSite","@id":"https:\/\/www.domtar.com\/fr\/#website","url":"https:\/\/www.domtar.com\/fr\/","name":"Domtar | The Fiber for the Future","description":"The Sustainable Paper, Pulp and Packaging Company","publisher":{"@id":"https:\/\/www.domtar.com\/fr\/#organization"},"alternateName":"Domtar","potentialAction":[{"@type":"SearchAction","target":{"@type":"EntryPoint","urlTemplate":"https:\/\/www.domtar.com\/fr\/?s={search_term_string}"},"query-input":{"@type":"PropertyValueSpecification","valueRequired":true,"valueName":"search_term_string"}}],"inLanguage":"fr-FR"},{"@type":"Organization","@id":"https:\/\/www.domtar.com\/fr\/#organization","name":"Domtar","url":"https:\/\/www.domtar.com\/fr\/","logo":{"@type":"ImageObject","inLanguage":"fr-FR","@id":"https:\/\/www.domtar.com\/fr\/#\/schema\/logo\/image\/","url":"https:\/\/www.domtar.com\/wp-content\/uploads\/2023\/03\/domtar_logo_rgb_green.png","contentUrl":"https:\/\/www.domtar.com\/wp-content\/uploads\/2023\/03\/domtar_logo_rgb_green.png","width":1153,"height":263,"caption":"Domtar"},"image":{"@id":"https:\/\/www.domtar.com\/fr\/#\/schema\/logo\/image\/"},"sameAs":["https:\/\/www.facebook.com\/DomtarEveryday\/","https:\/\/x.com\/DomtarEveryday","https:\/\/www.linkedin.com\/company\/domtar\/","https:\/\/www.youtube.com\/channel\/UCh8Zhq2Rmxhl5Km0krrGoYw"],"ethicsPolicy":"https:\/\/www.domtar.com\/fr\/notre-entreprise\/ethique-et-conformite\/"},{"@type":"Person","@id":"https:\/\/www.domtar.com\/fr\/#\/schema\/person\/8d72e6cb00fb5e298ff8481bd38f11d0","name":"Colleen Marble","image":{"@type":"ImageObject","inLanguage":"fr-FR","@id":"https:\/\/secure.gravatar.com\/avatar\/fb3ea83adac183e52b27d25f605c0e4fe3cbcc79fbe2f0d4e20d5386483640c2?s=96&d=mm&r=g","url":"https:\/\/secure.gravatar.com\/avatar\/fb3ea83adac183e52b27d25f605c0e4fe3cbcc79fbe2f0d4e20d5386483640c2?s=96&d=mm&r=g","contentUrl":"https:\/\/secure.gravatar.com\/avatar\/fb3ea83adac183e52b27d25f605c0e4fe3cbcc79fbe2f0d4e20d5386483640c2?s=96&d=mm&r=g","caption":"Colleen Marble"}}]}},"_links":{"self":[{"href":"https:\/\/www.domtar.com\/fr\/wp-json\/wp\/v2\/posts\/42267","targetHints":{"allow":["GET"]}}],"collection":[{"href":"https:\/\/www.domtar.com\/fr\/wp-json\/wp\/v2\/posts"}],"about":[{"href":"https:\/\/www.domtar.com\/fr\/wp-json\/wp\/v2\/types\/post"}],"author":[{"embeddable":true,"href":"https:\/\/www.domtar.com\/fr\/wp-json\/wp\/v2\/users\/24"}],"replies":[{"embeddable":true,"href":"https:\/\/www.domtar.com\/fr\/wp-json\/wp\/v2\/comments?post=42267"}],"version-history":[{"count":0,"href":"https:\/\/www.domtar.com\/fr\/wp-json\/wp\/v2\/posts\/42267\/revisions"}],"wp:featuredmedia":[{"embeddable":true,"href":"https:\/\/www.domtar.com\/fr\/wp-json\/wp\/v2\/media\/42264"}],"wp:attachment":[{"href":"https:\/\/www.domtar.com\/fr\/wp-json\/wp\/v2\/media?parent=42267"}],"wp:term":[{"taxonomy":"category","embeddable":true,"href":"https:\/\/www.domtar.com\/fr\/wp-json\/wp\/v2\/categories?post=42267"},{"taxonomy":"post_tag","embeddable":true,"href":"https:\/\/www.domtar.com\/fr\/wp-json\/wp\/v2\/tags?post=42267"}],"curies":[{"name":"wp","href":"https:\/\/api.w.org\/{rel}","templated":true}]}}