{"id":42108,"date":"2025-09-25T18:19:35","date_gmt":"2025-09-25T18:19:35","guid":{"rendered":"https:\/\/www.domtar.com\/?p=42108"},"modified":"2025-09-26T20:02:54","modified_gmt":"2025-09-26T20:02:54","slug":"ingenieurs-forestiers-domtar","status":"publish","type":"post","link":"https:\/\/www.domtar.com\/fr\/ingenieurs-forestiers-domtar\/","title":{"rendered":"Une journ\u00e9e dans la vie des ing\u00e9nieurs forestiers de Domtar"},"content":{"rendered":"C\u2019est la Semaine des for\u00eats, un moment pour rendre hommage aux personnes qui consacrent leur carri\u00e8re \u00e0 la protection de nos for\u00eats et r\u00e9fl\u00e9chissent au r\u00f4le essentiel que jouent les for\u00eats dans notre environnement, notre \u00e9conomie et notre vie quotidienne. Les for\u00eats pr\u00e9servent la biodiversit\u00e9, elles fournissent des ressources renouvelables et elles soutiennent des milliers d\u2019emplois, y compris ceux de nos forestiers et ing\u00e9nieurs forestiers.\r\n\r\nChez Domtar, nos ing\u00e9nieurs forestiers sont au c\u0153ur de l\u2019am\u00e9nagement forestier durable. De la planification de r\u00e9coltes responsables \u00e0 la protection des habitats sauvages, ils contribuent \u00e0 garantir que nos for\u00eats restent saines et productives pour les g\u00e9n\u00e9rations futures.\r\n\r\nNous avons rencontr\u00e9 des membres de notre \u00e9quipe de la foresterie pour une s\u00e9ance de questions et de r\u00e9ponses \u00e0 l\u2019occasion de la Semaine des for\u00eats. Ils ont racont\u00e9 \u00e0 quoi ressemble vraiment une journ\u00e9e dans le bois. Ils ont aussi parl\u00e9 des d\u00e9fis et des r\u00e9compenses li\u00e9s \u00e0 leur travail et de ce qui alimente leur passion pour la foresterie.\r\n\r\n<strong><em>\u00a0<\/em><\/strong>\r\n\r\n<strong><em>Jonathan Perron, Ing. F.<\/em><\/strong>\r\n\r\n<strong><em>Directeur principal de la foresterie, op\u00e9rations foresti\u00e8res du Lac-Saint-Jean, de la Mauricie et de la C\u00f4te Nord <\/em><\/strong>\r\n\r\n<strong><em>\u00a0<\/em><\/strong><strong>Pouvez-vous nous d\u00e9crire ce <\/strong><strong>\u00e0 quoi ressemble une journ\u00e9e type pour vous en tant qu\u2019ing\u00e9nieur forestier?<\/strong>\r\n\r\n<strong><em>\u00a0<\/em><\/strong>\u00ab\u00a0Heureusement, il n\u2019y a pas de journ\u00e9e type dans mon travail. Chaque journ\u00e9e apporte son lot de nouveaux d\u00e9fis, qu\u2019il s\u2019agisse de planifier la r\u00e9colte, de m\u2019assurer que les op\u00e9rations foresti\u00e8res respectent les normes, de travailler avec le gouvernement, de collaborer avec d\u2019autres titulaires de droits forestiers ou d\u2019entretenir des relations avec les Premi\u00e8res Nations et d\u2019autres parties prenantes. Certains probl\u00e8mes peuvent \u00eatre r\u00e9solus en seulement quelques minutes, mais d\u2019autres \u00e9voluent vers des projets d\u2019envergure qui exigent un engagement fort de la part de nos partenaires.\u00a0\u00bb\r\n\r\n<strong>Quelle valeur unique les ing\u00e9nieurs forestiers apportent-ils \u00e0 l\u2019industrie de la foresterie?<\/strong>\r\n\r\n<strong>\u00a0<\/strong>\u00ab\u00a0Il s&rsquo;agit clairement de notre capacit\u00e9 \u00e0 g\u00e9rer tous les aspects du travail, \u00e0 partir de l&rsquo;arbre lui-m\u00eame jusqu\u2019aux objectifs sociaux plus larges de l&rsquo;am\u00e9nagement forestier. Il arrive parfois que nous devions prendre des d\u00e9cisions qui n\u00e9cessitent des connaissances en biologie et d&rsquo;autres fois, nous pouvons mener une consultation publique afin de recueillir les commentaires de la collectivit\u00e9 sur un projet que nous souhaitons r\u00e9aliser.\u00a0\u00bb\r\n\r\n<strong>\u00a0<\/strong><strong>Quels sont les aspects les plus valorisants et les plus difficiles de votre travail?<\/strong>\r\n\r\n<strong>\u00a0<\/strong>\u00ab\u00a0Il arrive parfois que les positions au sujet de l\u2019am\u00e9nagement forestier semblent tr\u00e8s oppos\u00e9es et difficiles \u00e0 r\u00e9concilier, ce qui nous oblige \u00e0 d\u00e9ployer beaucoup d\u2019efforts pour atteindre nos objectifs. Par contre, quand nous parvenons \u00e0 cr\u00e9er un processus o\u00f9 chaque personne trouve une valeur et s\u2019engage dans le projet, cela devient l&rsquo;un des r\u00e9sultats les plus gratifiants qui soient.\u00a0\u00bb\r\n\r\n&nbsp;\r\n\r\n<strong><em>Laurence Caron, Ing. F.<\/em><\/strong>\r\n\r\n<strong><em>Ing\u00e9nieure foresti\u00e8re, op\u00e9rations foresti\u00e8res du Lac-Saint-Jean <\/em><\/strong>\r\n\r\n<strong><em>\u00a0<\/em><\/strong><strong>Comment les ing\u00e9nieurs forestiers contribuent-ils au d\u00e9veloppement durable et \u00e0 l\u2019am\u00e9nagement forestier responsable?<\/strong>\r\n\r\n<strong><em>\u00a0<\/em><\/strong>\u00ab\u00a0Chaque ing\u00e9nieur forestier contribue \u00e0 sa propre mani\u00e8re au d\u00e9veloppement durable et \u00e0 l\u2019am\u00e9nagement forestier responsable, d\u00e9pendamment de son travail. Certains \u00e9laborent des plans de r\u00e9colte \u00e0 faible impact, d\u2019autres planifient des r\u00e9seaux routiers qui r\u00e9duisent l\u2019incidence de nos activit\u00e9s sur l\u2019environnement, tandis que d\u2019autres se concentrent sur la pr\u00e9vention et la gestion des incendies. Ce ne sont que quelques exemples qui illustrent comment les ing\u00e9nieurs forestiers peuvent faire une diff\u00e9rence. Quant \u00e0 moi, mon r\u00f4le principal consiste \u00e0 m\u2019assurer que les op\u00e9rations respectent les lois et les r\u00e8glements qui favorisent une utilisation durable et responsable de la for\u00eat.\u00a0\u00bb\r\n\r\n<strong>\u00a0<\/strong><strong>Comment voyez-vous \u00e9voluer le r\u00f4le des ing\u00e9nieurs forestiers dans l\u2019avenir?<\/strong>\r\n\r\n<strong>\u00a0<\/strong>\u00ab\u00a0La demande de bois existe depuis des si\u00e8cles et elle continuera d&rsquo;exister pendant encore longtemps, d&rsquo;autant plus qu&rsquo;il s&rsquo;agit d&rsquo;un mat\u00e9riau de construction durable et \u00e9cologique. Alors, je crois que les ing\u00e9nieurs forestiers auront toujours un r\u00f4le \u00e0 jouer, bien que les progr\u00e8s technologiques simplifient bon nombre de leurs t\u00e2ches actuelles. Par exemple, il y a 20\u00a0ans, les ing\u00e9nieurs forestiers travaillaient surtout sur le terrain, mais la technologie nous permet maintenant d\u2019analyser les for\u00eats \u00e0 partir de nos ordinateurs, m\u00eame si nous devons quand m\u00eame nous rendre sur place pour v\u00e9rifier des choses comme un cours d\u2019eau intermittent. Il se pourrait que les drones r\u00e9alisent ce type de t\u00e2che dans 20\u00a0ans, mais c\u2019est difficile \u00e0 pr\u00e9dire.\u00a0\u00bb\r\n\r\n<strong>Travaillez-vous actuellement \u00e0 des projets passionnants?<\/strong>\r\n\r\nEn octobre, je serai interview\u00e9e pour une \u00e9mission de t\u00e9l\u00e9vision locale afin de parler de mon travail d&rsquo;ing\u00e9nieur forestier chez Domtar. L\u2019\u00e9pisode devrait \u00eatre diffus\u00e9e plus tard cette ann\u00e9e ou en 2026. Comme l\u2019\u00e9mission est suivie par des centaines de milliers de t\u00e9l\u00e9spectateurs partout au Qu\u00e9bec, c\u2019est une excellente occasion de parler de notre travail et de raconter notre histoire. \u00bb\r\n\r\n&nbsp;\r\n\r\n<strong><em>Chuck Daniels, <\/em><\/strong>\r\n\r\n<strong><em>Forestier, achats et propri\u00e9taire priv\u00e9, usine de Plymouth<\/em><\/strong>\r\n\r\n<strong>Quelle est votre perspective en tant que forestier de l\u2019industrie foresti\u00e8re et que propri\u00e9taire priv\u00e9?<\/strong>\r\n\r\n<strong>\u00a0<\/strong>\u00ab\u00a0\u00c0 Plymouth, nous d\u00e9pendons \u00e0 environ 80 % du bois provenant de petits propri\u00e9taires fonciers pour approvisionner notre usine. Les 20\u00a0% qui restent proviennent d\u2019importants propri\u00e9taires priv\u00e9s, mais la part du lion revient aux petits propri\u00e9taires fonciers. Les propri\u00e9taires fonciers sont tous diff\u00e9rents. Certains veulent g\u00e9rer leurs terres de mani\u00e8re \u00e0 prot\u00e9ger la vie sauvage et les sources d\u2019eau naturelle, \u00e0 organiser des rencontres familiales, \u00e0 soutenir le tourisme, etc. Je suis d\u2019avis que lorsque vous g\u00e9rez une exploitation foresti\u00e8re, vous contribuez \u00e9galement \u00e0 toutes ces autres choses. Ce sont des objectifs compl\u00e9mentaires, et non exclusifs.\u00a0\u00bb\r\n\r\n<strong>En quoi le fait d&rsquo;\u00eatre un propri\u00e9taire foncier a-t-il influenc\u00e9 votre r\u00f4le de d\u00e9fenseur de la foresterie?<\/strong>\r\n\r\n<strong>\u00a0<\/strong>\u00ab\u00a0Le fait d&rsquo;\u00eatre un propri\u00e9taire foncier me donne de nombreuses occasions d\u2019agir comme d\u00e9fenseur de la foresterie durable. Mon exp\u00e9rience de travail \u00e0 l\u2019usine, qui s\u2019ajoute \u00e0 mon exp\u00e9rience comme forestier, me permet \u00a0de partager avec d\u2019autres propri\u00e9taires fonciers une perspective unique sur ce qu\u2019il advient de leur fibre lorsqu\u2019elle quitte leur propri\u00e9t\u00e9. La communaut\u00e9 de la foresterie est comme une grande famille. Je crois que les autres propri\u00e9taires fonciers m\u2019accordent de la cr\u00e9dibilit\u00e9 parce qu\u2019ils savent que je g\u00e8re aussi mes propres terres.\u00a0\u00bb\r\n\r\n&nbsp;\r\n\r\n<strong><em>Charles-Andr\u00e9 Pr\u00e9fontaine, \u00a0<\/em><\/strong><strong><em>Ing. F.<\/em><\/strong>\r\n\r\n<strong><em>Directeur g\u00e9n\u00e9ral, <\/em><\/strong><strong><em>op\u00e9rations foresti\u00e8res du Lac-Saint-Jean et de la Mauricie<\/em><\/strong>\r\n\r\n<em>\u00a0<\/em><strong>Quels sont les aspects les plus valorisants et les plus difficiles de votre travail?<\/strong>\r\n\r\n<strong>\u00a0<\/strong>\u00ab\u00a0L\u2019avantage de travailler avec une ressource renouvelable est qu\u2019elle se renouvelle d\u2019elle-m\u00eame. Chaque zone que nous exploitons repousse pour former une nouvelle for\u00eat, contribuant ainsi au cycle naturel de l&rsquo;\u00e9cosyst\u00e8me forestier bor\u00e9al. Revenir sur un site d&rsquo;exploitation quelques ann\u00e9es apr\u00e8s la r\u00e9colte et voir la for\u00eat repousser est l&rsquo;une des plus grandes satisfactions pour un forestier.\r\n\r\nLa partie la plus difficile de mon travail est de g\u00e9rer la d\u00e9sinformation qui entoure les pratiques de foresterie et leurs effets sur les \u00e9cosyst\u00e8mes. Ici, dans la r\u00e9gion du Lac-Saint-Jean, nous am\u00e9nageons et r\u00e9coltons des for\u00eats depuis plus de 200\u00a0ans et nous pr\u00e9voyons continuer \u00e0 le faire encore aussi longtemps. L&rsquo;\u00e9ducation est essentielle pour aider les gens \u00e0 comprendre le r\u00f4le central que joue l&rsquo;am\u00e9nagement forestier dans notre \u00e9conomie locale et dans la lutte contre les changements climatiques. Chaque ann\u00e9e, nous r\u00e9coltons moins de 1 % du territoire.\u00a0\u00bb\r\n\r\n<strong>\u00a0<\/strong><strong>Avec le recul, quels sont les moments forts de votre carri\u00e8re qui vous marquent le plus ?<\/strong>\r\n\r\n<strong>\u00a0<\/strong>\u00ab\u00a0J\u2019ai eu la chance d\u2019exercer ma profession dans diff\u00e9rents \u00e9tablissements de Domtar depuis le d\u00e9but de ma carri\u00e8re et chaque for\u00eat dans laquelle j&rsquo;ai travaill\u00e9 ou que j&rsquo;ai am\u00e9nag\u00e9e a \u00e9t\u00e9 partag\u00e9e avec les communaut\u00e9s des Premi\u00e8res Nations. Partager la terre signifie \u00e9galement partager les occasions \u00e9conomiques et gr\u00e2ce \u00e0 mon travail, j&rsquo;ai eu la chance de participer \u00e0 plusieurs initiatives avec les collectivit\u00e9s locales et j\u2019ai appris \u00e0 conna\u00eetre leur mode de vie tout en \u00e9tablissant des partenariats et des collaborations. Au Lac St-Jean, par exemple, notre partenariat de 10\u00a0ans avec la Premi\u00e8re Nation innue de Mashteuiatsh a permis de cr\u00e9er plus de 100\u00a0emplois dans nos op\u00e9rations et il a ouvert des possibilit\u00e9s commerciales aux entrepreneurs forestiers pour les membres de la collectivit\u00e9.\u00a0\u00bb\r\n\r\nLa foresterie ne se limite pas \u00e0 la gestion des arbres. Elle ca pour but d\u2019\u00e9quilibrer des priorit\u00e9s \u00e9cologiques, \u00e9conomiques et sociales pour assurer un avenir durable. Chez Domtar, ce travail est rendu possible par le savoir-faire, la passion et l\u2019engagement de nos ing\u00e9nieurs forestiers, qui pratiquent l\u2019am\u00e9nagement forestier responsable pour que nos for\u00eats continuent de prosp\u00e9rer et d&rsquo;offrir des avantages aux g\u00e9n\u00e9rations futures.","protected":false},"excerpt":{"rendered":"<p>Pour c\u00e9l\u00e9brer la Semaine des for\u00eats, nous  mettons en lumi\u00e8re les ing\u00e9nieurs forestiers de Domtar. Lisez la suite pour savoir ce qu\u2019ils font et pourquoi c\u2019est important \u2013 pour nous, pour nos for\u00eats et pour notre plan\u00e8te.<\/p>\n","protected":false},"author":1,"featured_media":42114,"comment_status":"closed","ping_status":"closed","sticky":false,"template":"","format":"standard","meta":{"_acf_changed":false,"_genesis_block_theme_hide_title":false,"footnotes":""},"categories":[984,974,975],"tags":[1596,1119,516],"class_list":{"0":"post-42108","1":"post","2":"type-post","3":"status-publish","4":"format-standard","5":"has-post-thumbnail","6":"hentry","7":"category-industry-insights-fr","8":"category-newsroom-featured-fr","9":"category-our-company-fr","10":"tag-ingenieurs-forestiers","11":"tag-semaine-nationale-des-forets","12":"tag-une-sylviculture-responsable","14":"with-featured-image"},"acf":[],"yoast_head":"<!-- This site is optimized with the Yoast SEO Premium plugin v27.4 (Yoast SEO v27.4) - https:\/\/yoast.com\/product\/yoast-seo-premium-wordpress\/ -->\n<title>Une journ\u00e9e dans la vie des ing\u00e9nieurs forestiers de Domtar - Domtar<\/title>\n<meta name=\"description\" content=\"Pour c\u00e9l\u00e9brer la Semaine des for\u00eats, nous mettons en lumi\u00e8re les ing\u00e9nieurs forestiers de Domtar. Lisez la suite pour savoir ce qu\u2019ils font et pourquoi c\u2019est important.\" \/>\n<meta name=\"robots\" content=\"index, follow, max-snippet:-1, max-image-preview:large, max-video-preview:-1\" \/>\n<link rel=\"canonical\" href=\"https:\/\/www.domtar.com\/fr\/ingenieurs-forestiers-domtar\/\" \/>\n<meta property=\"og:locale\" content=\"fr_FR\" \/>\n<meta property=\"og:type\" content=\"article\" \/>\n<meta property=\"og:title\" content=\"Une journ\u00e9e dans la vie des ing\u00e9nieurs forestiers de Domtar\" \/>\n<meta property=\"og:description\" content=\"Pour c\u00e9l\u00e9brer la Semaine des for\u00eats, nous mettons en lumi\u00e8re les ing\u00e9nieurs forestiers de Domtar. Lisez la suite pour savoir ce qu\u2019ils font et pourquoi c\u2019est important.\" \/>\n<meta property=\"og:url\" content=\"https:\/\/www.domtar.com\/fr\/ingenieurs-forestiers-domtar\/\" \/>\n<meta property=\"og:site_name\" content=\"Domtar\" \/>\n<meta property=\"article:publisher\" content=\"https:\/\/www.facebook.com\/DomtarEveryday\/\" \/>\n<meta property=\"article:published_time\" content=\"2025-09-25T18:19:35+00:00\" \/>\n<meta property=\"article:modified_time\" content=\"2025-09-26T20:02:54+00:00\" \/>\n<meta property=\"og:image\" content=\"https:\/\/www.domtar.com\/wp-content\/uploads\/2025\/09\/Forest-Engineers-NR-Featured-Image.png\" \/>\n\t<meta property=\"og:image:width\" content=\"932\" \/>\n\t<meta property=\"og:image:height\" content=\"583\" \/>\n\t<meta property=\"og:image:type\" content=\"image\/png\" \/>\n<meta name=\"author\" content=\"domtarcom\" \/>\n<meta name=\"twitter:card\" content=\"summary_large_image\" \/>\n<meta name=\"twitter:creator\" content=\"@DomtarEveryday\" \/>\n<meta name=\"twitter:site\" content=\"@DomtarEveryday\" \/>\n<meta name=\"twitter:label1\" content=\"\u00c9crit par\" \/>\n\t<meta name=\"twitter:data1\" content=\"domtarcom\" \/>\n\t<meta name=\"twitter:label2\" content=\"Dur\u00e9e de lecture estim\u00e9e\" \/>\n\t<meta name=\"twitter:data2\" content=\"7 minutes\" \/>\n<script type=\"application\/ld+json\" class=\"yoast-schema-graph\">{\"@context\":\"https:\\\/\\\/schema.org\",\"@graph\":[{\"@type\":\"Article\",\"@id\":\"https:\\\/\\\/www.domtar.com\\\/fr\\\/ingenieurs-forestiers-domtar\\\/#article\",\"isPartOf\":{\"@id\":\"https:\\\/\\\/www.domtar.com\\\/fr\\\/ingenieurs-forestiers-domtar\\\/\"},\"author\":{\"name\":\"domtarcom\",\"@id\":\"https:\\\/\\\/www.domtar.com\\\/fr\\\/#\\\/schema\\\/person\\\/1eceda201e008fe717760290e7efa36e\"},\"headline\":\"Une journ\u00e9e dans la vie des ing\u00e9nieurs forestiers de Domtar\",\"datePublished\":\"2025-09-25T18:19:35+00:00\",\"dateModified\":\"2025-09-26T20:02:54+00:00\",\"mainEntityOfPage\":{\"@id\":\"https:\\\/\\\/www.domtar.com\\\/fr\\\/ingenieurs-forestiers-domtar\\\/\"},\"wordCount\":1578,\"publisher\":{\"@id\":\"https:\\\/\\\/www.domtar.com\\\/fr\\\/#organization\"},\"image\":{\"@id\":\"https:\\\/\\\/www.domtar.com\\\/fr\\\/ingenieurs-forestiers-domtar\\\/#primaryimage\"},\"thumbnailUrl\":\"https:\\\/\\\/www.domtar.com\\\/wp-content\\\/uploads\\\/2025\\\/09\\\/Forest-Engineers-NR-Featured-Image.png\",\"keywords\":[\"ing\u00e9nieurs forestiers\",\"Semaine nationale des for\u00eats\",\"Une sylviculture responsable\"],\"articleSection\":[\"Industry Insights\",\"Newsroom Featured\",\"Our Company\"],\"inLanguage\":\"fr-FR\"},{\"@type\":\"WebPage\",\"@id\":\"https:\\\/\\\/www.domtar.com\\\/fr\\\/ingenieurs-forestiers-domtar\\\/\",\"url\":\"https:\\\/\\\/www.domtar.com\\\/fr\\\/ingenieurs-forestiers-domtar\\\/\",\"name\":\"Une journ\u00e9e dans la vie des ing\u00e9nieurs forestiers de Domtar - Domtar\",\"isPartOf\":{\"@id\":\"https:\\\/\\\/www.domtar.com\\\/fr\\\/#website\"},\"primaryImageOfPage\":{\"@id\":\"https:\\\/\\\/www.domtar.com\\\/fr\\\/ingenieurs-forestiers-domtar\\\/#primaryimage\"},\"image\":{\"@id\":\"https:\\\/\\\/www.domtar.com\\\/fr\\\/ingenieurs-forestiers-domtar\\\/#primaryimage\"},\"thumbnailUrl\":\"https:\\\/\\\/www.domtar.com\\\/wp-content\\\/uploads\\\/2025\\\/09\\\/Forest-Engineers-NR-Featured-Image.png\",\"datePublished\":\"2025-09-25T18:19:35+00:00\",\"dateModified\":\"2025-09-26T20:02:54+00:00\",\"description\":\"Pour c\u00e9l\u00e9brer la Semaine des for\u00eats, nous mettons en lumi\u00e8re les ing\u00e9nieurs forestiers de Domtar. Lisez la suite pour savoir ce qu\u2019ils font et pourquoi c\u2019est important.\",\"breadcrumb\":{\"@id\":\"https:\\\/\\\/www.domtar.com\\\/fr\\\/ingenieurs-forestiers-domtar\\\/#breadcrumb\"},\"inLanguage\":\"fr-FR\",\"potentialAction\":[{\"@type\":\"ReadAction\",\"target\":[\"https:\\\/\\\/www.domtar.com\\\/fr\\\/ingenieurs-forestiers-domtar\\\/\"]}]},{\"@type\":\"ImageObject\",\"inLanguage\":\"fr-FR\",\"@id\":\"https:\\\/\\\/www.domtar.com\\\/fr\\\/ingenieurs-forestiers-domtar\\\/#primaryimage\",\"url\":\"https:\\\/\\\/www.domtar.com\\\/wp-content\\\/uploads\\\/2025\\\/09\\\/Forest-Engineers-NR-Featured-Image.png\",\"contentUrl\":\"https:\\\/\\\/www.domtar.com\\\/wp-content\\\/uploads\\\/2025\\\/09\\\/Forest-Engineers-NR-Featured-Image.png\",\"width\":932,\"height\":583,\"caption\":\"Top: (Left to Right ) Charles-Andr\u00e9 Pr\u00e9fontaine Ing. F., Laurence Caron Ing. F. Bottom (Left to right) Jonathan Perron\"},{\"@type\":\"BreadcrumbList\",\"@id\":\"https:\\\/\\\/www.domtar.com\\\/fr\\\/ingenieurs-forestiers-domtar\\\/#breadcrumb\",\"itemListElement\":[{\"@type\":\"ListItem\",\"position\":1,\"name\":\"Home\",\"item\":\"https:\\\/\\\/www.domtar.com\\\/fr\\\/\"},{\"@type\":\"ListItem\",\"position\":2,\"name\":\"Une journ\u00e9e dans la vie des ing\u00e9nieurs forestiers de Domtar\"}]},{\"@type\":\"WebSite\",\"@id\":\"https:\\\/\\\/www.domtar.com\\\/fr\\\/#website\",\"url\":\"https:\\\/\\\/www.domtar.com\\\/fr\\\/\",\"name\":\"Domtar | The Fiber for the Future\",\"description\":\"The Sustainable Paper, Pulp and Packaging Company\",\"publisher\":{\"@id\":\"https:\\\/\\\/www.domtar.com\\\/fr\\\/#organization\"},\"alternateName\":\"Domtar\",\"potentialAction\":[{\"@type\":\"SearchAction\",\"target\":{\"@type\":\"EntryPoint\",\"urlTemplate\":\"https:\\\/\\\/www.domtar.com\\\/fr\\\/?s={search_term_string}\"},\"query-input\":{\"@type\":\"PropertyValueSpecification\",\"valueRequired\":true,\"valueName\":\"search_term_string\"}}],\"inLanguage\":\"fr-FR\"},{\"@type\":\"Organization\",\"@id\":\"https:\\\/\\\/www.domtar.com\\\/fr\\\/#organization\",\"name\":\"Domtar\",\"url\":\"https:\\\/\\\/www.domtar.com\\\/fr\\\/\",\"logo\":{\"@type\":\"ImageObject\",\"inLanguage\":\"fr-FR\",\"@id\":\"https:\\\/\\\/www.domtar.com\\\/fr\\\/#\\\/schema\\\/logo\\\/image\\\/\",\"url\":\"https:\\\/\\\/www.domtar.com\\\/wp-content\\\/uploads\\\/2023\\\/03\\\/domtar_logo_rgb_green.png\",\"contentUrl\":\"https:\\\/\\\/www.domtar.com\\\/wp-content\\\/uploads\\\/2023\\\/03\\\/domtar_logo_rgb_green.png\",\"width\":1153,\"height\":263,\"caption\":\"Domtar\"},\"image\":{\"@id\":\"https:\\\/\\\/www.domtar.com\\\/fr\\\/#\\\/schema\\\/logo\\\/image\\\/\"},\"sameAs\":[\"https:\\\/\\\/www.facebook.com\\\/DomtarEveryday\\\/\",\"https:\\\/\\\/x.com\\\/DomtarEveryday\",\"https:\\\/\\\/www.linkedin.com\\\/company\\\/domtar\\\/\",\"https:\\\/\\\/www.youtube.com\\\/channel\\\/UCh8Zhq2Rmxhl5Km0krrGoYw\"],\"ethicsPolicy\":\"https:\\\/\\\/www.domtar.com\\\/fr\\\/notre-entreprise\\\/ethique-et-conformite\\\/\"},{\"@type\":\"Person\",\"@id\":\"https:\\\/\\\/www.domtar.com\\\/fr\\\/#\\\/schema\\\/person\\\/1eceda201e008fe717760290e7efa36e\",\"name\":\"domtarcom\",\"image\":{\"@type\":\"ImageObject\",\"inLanguage\":\"fr-FR\",\"@id\":\"https:\\\/\\\/secure.gravatar.com\\\/avatar\\\/6a4ce9fede2abd183940f0fdc0562cee7a1a11070fe70dcb01d2f164b0fde389?s=96&d=mm&r=g\",\"url\":\"https:\\\/\\\/secure.gravatar.com\\\/avatar\\\/6a4ce9fede2abd183940f0fdc0562cee7a1a11070fe70dcb01d2f164b0fde389?s=96&d=mm&r=g\",\"contentUrl\":\"https:\\\/\\\/secure.gravatar.com\\\/avatar\\\/6a4ce9fede2abd183940f0fdc0562cee7a1a11070fe70dcb01d2f164b0fde389?s=96&d=mm&r=g\",\"caption\":\"domtarcom\"},\"sameAs\":[\"https:\\\/\\\/domtarwpe.wpengine.com\"]}]}<\/script>\n<!-- \/ Yoast SEO Premium plugin. -->","yoast_head_json":{"title":"Une journ\u00e9e dans la vie des ing\u00e9nieurs forestiers de Domtar - Domtar","description":"Pour c\u00e9l\u00e9brer la Semaine des for\u00eats, nous mettons en lumi\u00e8re les ing\u00e9nieurs forestiers de Domtar. Lisez la suite pour savoir ce qu\u2019ils font et pourquoi c\u2019est important.","robots":{"index":"index","follow":"follow","max-snippet":"max-snippet:-1","max-image-preview":"max-image-preview:large","max-video-preview":"max-video-preview:-1"},"canonical":"https:\/\/www.domtar.com\/fr\/ingenieurs-forestiers-domtar\/","og_locale":"fr_FR","og_type":"article","og_title":"Une journ\u00e9e dans la vie des ing\u00e9nieurs forestiers de Domtar","og_description":"Pour c\u00e9l\u00e9brer la Semaine des for\u00eats, nous mettons en lumi\u00e8re les ing\u00e9nieurs forestiers de Domtar. Lisez la suite pour savoir ce qu\u2019ils font et pourquoi c\u2019est important.","og_url":"https:\/\/www.domtar.com\/fr\/ingenieurs-forestiers-domtar\/","og_site_name":"Domtar","article_publisher":"https:\/\/www.facebook.com\/DomtarEveryday\/","article_published_time":"2025-09-25T18:19:35+00:00","article_modified_time":"2025-09-26T20:02:54+00:00","og_image":[{"width":932,"height":583,"url":"https:\/\/www.domtar.com\/wp-content\/uploads\/2025\/09\/Forest-Engineers-NR-Featured-Image.png","type":"image\/png"}],"author":"domtarcom","twitter_card":"summary_large_image","twitter_creator":"@DomtarEveryday","twitter_site":"@DomtarEveryday","twitter_misc":{"\u00c9crit par":"domtarcom","Dur\u00e9e de lecture estim\u00e9e":"7 minutes"},"schema":{"@context":"https:\/\/schema.org","@graph":[{"@type":"Article","@id":"https:\/\/www.domtar.com\/fr\/ingenieurs-forestiers-domtar\/#article","isPartOf":{"@id":"https:\/\/www.domtar.com\/fr\/ingenieurs-forestiers-domtar\/"},"author":{"name":"domtarcom","@id":"https:\/\/www.domtar.com\/fr\/#\/schema\/person\/1eceda201e008fe717760290e7efa36e"},"headline":"Une journ\u00e9e dans la vie des ing\u00e9nieurs forestiers de Domtar","datePublished":"2025-09-25T18:19:35+00:00","dateModified":"2025-09-26T20:02:54+00:00","mainEntityOfPage":{"@id":"https:\/\/www.domtar.com\/fr\/ingenieurs-forestiers-domtar\/"},"wordCount":1578,"publisher":{"@id":"https:\/\/www.domtar.com\/fr\/#organization"},"image":{"@id":"https:\/\/www.domtar.com\/fr\/ingenieurs-forestiers-domtar\/#primaryimage"},"thumbnailUrl":"https:\/\/www.domtar.com\/wp-content\/uploads\/2025\/09\/Forest-Engineers-NR-Featured-Image.png","keywords":["ing\u00e9nieurs forestiers","Semaine nationale des for\u00eats","Une sylviculture responsable"],"articleSection":["Industry Insights","Newsroom Featured","Our Company"],"inLanguage":"fr-FR"},{"@type":"WebPage","@id":"https:\/\/www.domtar.com\/fr\/ingenieurs-forestiers-domtar\/","url":"https:\/\/www.domtar.com\/fr\/ingenieurs-forestiers-domtar\/","name":"Une journ\u00e9e dans la vie des ing\u00e9nieurs forestiers de Domtar - Domtar","isPartOf":{"@id":"https:\/\/www.domtar.com\/fr\/#website"},"primaryImageOfPage":{"@id":"https:\/\/www.domtar.com\/fr\/ingenieurs-forestiers-domtar\/#primaryimage"},"image":{"@id":"https:\/\/www.domtar.com\/fr\/ingenieurs-forestiers-domtar\/#primaryimage"},"thumbnailUrl":"https:\/\/www.domtar.com\/wp-content\/uploads\/2025\/09\/Forest-Engineers-NR-Featured-Image.png","datePublished":"2025-09-25T18:19:35+00:00","dateModified":"2025-09-26T20:02:54+00:00","description":"Pour c\u00e9l\u00e9brer la Semaine des for\u00eats, nous mettons en lumi\u00e8re les ing\u00e9nieurs forestiers de Domtar. Lisez la suite pour savoir ce qu\u2019ils font et pourquoi c\u2019est important.","breadcrumb":{"@id":"https:\/\/www.domtar.com\/fr\/ingenieurs-forestiers-domtar\/#breadcrumb"},"inLanguage":"fr-FR","potentialAction":[{"@type":"ReadAction","target":["https:\/\/www.domtar.com\/fr\/ingenieurs-forestiers-domtar\/"]}]},{"@type":"ImageObject","inLanguage":"fr-FR","@id":"https:\/\/www.domtar.com\/fr\/ingenieurs-forestiers-domtar\/#primaryimage","url":"https:\/\/www.domtar.com\/wp-content\/uploads\/2025\/09\/Forest-Engineers-NR-Featured-Image.png","contentUrl":"https:\/\/www.domtar.com\/wp-content\/uploads\/2025\/09\/Forest-Engineers-NR-Featured-Image.png","width":932,"height":583,"caption":"Top: (Left to Right ) Charles-Andr\u00e9 Pr\u00e9fontaine Ing. F., Laurence Caron Ing. F. Bottom (Left to right) Jonathan Perron"},{"@type":"BreadcrumbList","@id":"https:\/\/www.domtar.com\/fr\/ingenieurs-forestiers-domtar\/#breadcrumb","itemListElement":[{"@type":"ListItem","position":1,"name":"Home","item":"https:\/\/www.domtar.com\/fr\/"},{"@type":"ListItem","position":2,"name":"Une journ\u00e9e dans la vie des ing\u00e9nieurs forestiers de Domtar"}]},{"@type":"WebSite","@id":"https:\/\/www.domtar.com\/fr\/#website","url":"https:\/\/www.domtar.com\/fr\/","name":"Domtar | The Fiber for the Future","description":"The Sustainable Paper, Pulp and Packaging Company","publisher":{"@id":"https:\/\/www.domtar.com\/fr\/#organization"},"alternateName":"Domtar","potentialAction":[{"@type":"SearchAction","target":{"@type":"EntryPoint","urlTemplate":"https:\/\/www.domtar.com\/fr\/?s={search_term_string}"},"query-input":{"@type":"PropertyValueSpecification","valueRequired":true,"valueName":"search_term_string"}}],"inLanguage":"fr-FR"},{"@type":"Organization","@id":"https:\/\/www.domtar.com\/fr\/#organization","name":"Domtar","url":"https:\/\/www.domtar.com\/fr\/","logo":{"@type":"ImageObject","inLanguage":"fr-FR","@id":"https:\/\/www.domtar.com\/fr\/#\/schema\/logo\/image\/","url":"https:\/\/www.domtar.com\/wp-content\/uploads\/2023\/03\/domtar_logo_rgb_green.png","contentUrl":"https:\/\/www.domtar.com\/wp-content\/uploads\/2023\/03\/domtar_logo_rgb_green.png","width":1153,"height":263,"caption":"Domtar"},"image":{"@id":"https:\/\/www.domtar.com\/fr\/#\/schema\/logo\/image\/"},"sameAs":["https:\/\/www.facebook.com\/DomtarEveryday\/","https:\/\/x.com\/DomtarEveryday","https:\/\/www.linkedin.com\/company\/domtar\/","https:\/\/www.youtube.com\/channel\/UCh8Zhq2Rmxhl5Km0krrGoYw"],"ethicsPolicy":"https:\/\/www.domtar.com\/fr\/notre-entreprise\/ethique-et-conformite\/"},{"@type":"Person","@id":"https:\/\/www.domtar.com\/fr\/#\/schema\/person\/1eceda201e008fe717760290e7efa36e","name":"domtarcom","image":{"@type":"ImageObject","inLanguage":"fr-FR","@id":"https:\/\/secure.gravatar.com\/avatar\/6a4ce9fede2abd183940f0fdc0562cee7a1a11070fe70dcb01d2f164b0fde389?s=96&d=mm&r=g","url":"https:\/\/secure.gravatar.com\/avatar\/6a4ce9fede2abd183940f0fdc0562cee7a1a11070fe70dcb01d2f164b0fde389?s=96&d=mm&r=g","contentUrl":"https:\/\/secure.gravatar.com\/avatar\/6a4ce9fede2abd183940f0fdc0562cee7a1a11070fe70dcb01d2f164b0fde389?s=96&d=mm&r=g","caption":"domtarcom"},"sameAs":["https:\/\/domtarwpe.wpengine.com"]}]}},"_links":{"self":[{"href":"https:\/\/www.domtar.com\/fr\/wp-json\/wp\/v2\/posts\/42108","targetHints":{"allow":["GET"]}}],"collection":[{"href":"https:\/\/www.domtar.com\/fr\/wp-json\/wp\/v2\/posts"}],"about":[{"href":"https:\/\/www.domtar.com\/fr\/wp-json\/wp\/v2\/types\/post"}],"author":[{"embeddable":true,"href":"https:\/\/www.domtar.com\/fr\/wp-json\/wp\/v2\/users\/1"}],"replies":[{"embeddable":true,"href":"https:\/\/www.domtar.com\/fr\/wp-json\/wp\/v2\/comments?post=42108"}],"version-history":[{"count":0,"href":"https:\/\/www.domtar.com\/fr\/wp-json\/wp\/v2\/posts\/42108\/revisions"}],"wp:featuredmedia":[{"embeddable":true,"href":"https:\/\/www.domtar.com\/fr\/wp-json\/wp\/v2\/media\/42114"}],"wp:attachment":[{"href":"https:\/\/www.domtar.com\/fr\/wp-json\/wp\/v2\/media?parent=42108"}],"wp:term":[{"taxonomy":"category","embeddable":true,"href":"https:\/\/www.domtar.com\/fr\/wp-json\/wp\/v2\/categories?post=42108"},{"taxonomy":"post_tag","embeddable":true,"href":"https:\/\/www.domtar.com\/fr\/wp-json\/wp\/v2\/tags?post=42108"}],"curies":[{"name":"wp","href":"https:\/\/api.w.org\/{rel}","templated":true}]}}