{"id":30924,"date":"2024-12-04T21:29:34","date_gmt":"2024-12-04T21:29:34","guid":{"rendered":"https:\/\/www.domtar.com\/le-parcours-de-karen-roach-dingenieure-a-directrice-de-lusine-domtar-et-presidente-de-la-dei\/"},"modified":"2025-10-23T21:54:27","modified_gmt":"2025-10-23T21:54:27","slug":"le-parcours-de-karen-roach-dingenieure-a-directrice-de-lusine-domtar-et-presidente-de-la-dei","status":"publish","type":"post","link":"https:\/\/www.domtar.com\/fr\/le-parcours-de-karen-roach-dingenieure-a-directrice-de-lusine-domtar-et-presidente-de-la-dei\/","title":{"rendered":"Le parcours de Karen Roach, d&rsquo;ing\u00e9nieure \u00e0 directrice de l&rsquo;usine Domtar et pr\u00e9sidente de la DE&amp;I"},"content":{"rendered":"Chez Domtar, nos coll\u00e8gues apportent un large \u00e9ventail de comp\u00e9tences, d&rsquo;exp\u00e9riences et de perspectives \u00e0 leur travail, et c&rsquo;est ce qui fait de nous une entreprise plus forte et plus r\u00e9siliente. Karen Roach, directrice g\u00e9n\u00e9rale de notre <a href=\"https:\/\/www.domtar.com\/wp-content\/uploads\/2024\/10\/Economic-Profile-Grenada.pdf\" data-ps2id-offset=\"\">usine de Grenada, au Mississippi,<\/a> et pr\u00e9sidente du Comit\u00e9 de la diversit\u00e9, de l&rsquo;\u00e9quit\u00e9 et de l&rsquo;inclusion (DE&amp;I) de Domtar, est l&rsquo;une de ces coll\u00e8gues. Le parcours de Mme Roach jusqu&rsquo;au poste de directrice d&rsquo;usine s&rsquo;\u00e9tend sur 26 ans dans l&rsquo;industrie des produits forestiers, \u00e0 des endroits situ\u00e9s sur le site United States et au Canada. Nous nous sommes entretenus avec Mme Roach pour en savoir plus sur sa carri\u00e8re et sur les le\u00e7ons qu&rsquo;elle a apprises en cours de route en tant que femme travaillant dans l&rsquo;industrie manufacturi\u00e8re.\r\n<h3><b>Vous avez eu une carri\u00e8re int\u00e9ressante dans l&rsquo;industrie des produits forestiers et vous occupez aujourd&rsquo;hui le poste de directeur de notre usine de papier journal de Grenada, dans le Mississippi. Pouvez-vous nous parler de votre parcours dans l&rsquo;industrie des produits forestiers ? <\/b><\/h3>\r\nJe savais que je voulais \u00e9tudier l&rsquo;ing\u00e9nierie, mais en tant que benjamin d&rsquo;une famille de quatre enfants, je n&rsquo;avais pas forc\u00e9ment les moyens de faire les \u00e9tudes dont j&rsquo;avais besoin sans avoir \u00e0 contracter de nombreux pr\u00eats \u00e9tudiants. Ma m\u00e8re a entendu parler d&rsquo;un programme de science du papier par l&rsquo;interm\u00e9diaire d&rsquo;un coll\u00e8ge communautaire local \u00e0 Syracuse, dans l&rsquo;\u00c9tat de New York, qui \u00e9tait financ\u00e9 par des entreprises de l&rsquo;industrie des produits forestiers. Ce programme de bourses s&rsquo;est associ\u00e9 \u00e0 l&rsquo;universit\u00e9 d&rsquo;\u00c9tat de New York (SUNY), et il s&rsquo;agissait essentiellement d&rsquo;un dipl\u00f4me d&rsquo;ing\u00e9nieur chimiste, que j&rsquo;ai obtenu en 1998.\r\n\r\nJ&rsquo;ai ensuite commenc\u00e9 comme ing\u00e9nieur d\u00e9butant chez Georgia-Pacific, o\u00f9 j&rsquo;ai acquis de l&rsquo;exp\u00e9rience dans diff\u00e9rents domaines dans l&rsquo;une de leurs usines. J&rsquo;y suis rest\u00e9 neuf ans, p\u00e9riode pendant laquelle l&rsquo;usine a \u00e9t\u00e9 rachet\u00e9e par Domtar. C&rsquo;est l\u00e0 que j&rsquo;ai appris que j&rsquo;aimais la logistique, la gestion de la cha\u00eene d&rsquo;approvisionnement et la planification de la production. J&rsquo;ai ensuite accept\u00e9 un poste au sein de Domtar \u00e0 Montr\u00e9al. De l\u00e0, j&rsquo;ai eu l&rsquo;occasion de travailler pour Abitibi-Bowater, qui a ensuite \u00e9t\u00e9 rebaptis\u00e9e Produits forestiers R\u00e9solu. Apr\u00e8s un passage \u00e0 Fort Mill, en Caroline du Sud, puis \u00e0 Montr\u00e9al en tant que directeur de la logistique, je suis devenu vice-pr\u00e9sident de la cha\u00eene d&rsquo;approvisionnement pour la division des p\u00e2tes et papiers de R\u00e9solu. J&rsquo;\u00e9tais \u00e0 la recherche d&rsquo;une nouvelle opportunit\u00e9 au sein de l&rsquo;entreprise lorsque j&rsquo;ai eu l&rsquo;occasion d&rsquo;occuper le poste de directeur d&rsquo;usine par int\u00e9rim \u00e0 Hagerstown, dans le Maryland. Puis, en 2022, je suis devenu directeur de l&rsquo;usine de Grenada, au Mississippi, qui fait maintenant partie du r\u00e9seau Domtar. Les 169 employ\u00e9s de notre usine produisent 233 000 tonnes de papier journal chaque ann\u00e9e.\r\n<h3><b>Comment vos exp\u00e9riences ont-elles fa\u00e7onn\u00e9 le type de directeur d&rsquo;usine que vous \u00eates aujourd&rsquo;hui ?<\/b><\/h3>\r\nLorsque j&rsquo;ai commenc\u00e9, j&rsquo;ai eu la chance d&rsquo;avoir une femme chef de service qui a fini par devenir directrice d&rsquo;usine pendant que j&rsquo;\u00e9tais l\u00e0. Elle a \u00e9t\u00e9 un excellent mod\u00e8le pour moi, en tant que femme occupant un poste de direction dans le domaine de l&rsquo;ing\u00e9nierie et de la fabrication, et m&rsquo;a permis de voir o\u00f9 je pouvais aller dans ma carri\u00e8re. Ensuite, j&rsquo;ai travaill\u00e9 avec quelqu&rsquo;un \u00e0 Montr\u00e9al qui \u00e9tait tr\u00e8s strat\u00e9gique dans son travail. J&rsquo;ai appris qu&rsquo;il ne fallait pas se contenter de regarder ce qui se passait maintenant. Vous devez avoir une vision de ce que vous voulez faire \u00e0 l&rsquo;avenir, car c&rsquo;est ce qui dicte les choix que vous faites aujourd&rsquo;hui.\r\n\r\nUn autre mod\u00e8le m&rsquo;a appris qu&rsquo;il faut cr\u00e9er des liens avec ses employ\u00e9s pour qu&rsquo;ils ne soient pas intimid\u00e9s par vous, mais qu&rsquo;ils se sentent \u00e0 l&rsquo;aise pour venir vous voir lorsqu&rsquo;ils ont besoin d&rsquo;aide ou lorsque les choses ne vont pas bien, car il y a toujours quelque chose qui ne va pas. Ces liens vous aident \u00e0 communiquer votre vision \u00e0 long terme afin que tout le monde travaille pour atteindre les m\u00eames objectifs.\r\n\r\nCes le\u00e7ons apprises au cours de mes ann\u00e9es de formation m&rsquo;ont aid\u00e9 \u00e0 devenir ce que je suis aujourd&rsquo;hui.\r\n<h3><b>En plus d&rsquo;\u00eatre directeur d&rsquo;usine, vous \u00eates pr\u00e9sident du Comit\u00e9 de la diversit\u00e9, de l&rsquo;\u00e9quit\u00e9 et de l&rsquo;inclusion (DE&amp;I) de Domtar, qui est compos\u00e9 de membres provenant de l&rsquo;ensemble de notre organisation. Pourquoi le comit\u00e9 DE&amp;I est-il important pour vous ? <\/b><\/h3>\r\nPeu importe qui nous sommes ou d&rsquo;o\u00f9 nous venons, nous devrions \u00eatre jug\u00e9s sur ce que nous faisons. Je me suis int\u00e9ress\u00e9e au DE&amp;I en raison de mon propre parcours, en commen\u00e7ant par le programme de bourses. Des opportunit\u00e9s se sont pr\u00e9sent\u00e9es \u00e0 moi tout au long de mon parcours et m&rsquo;ont permis d&rsquo;arriver l\u00e0 o\u00f9 je suis aujourd&rsquo;hui. Je pense qu&rsquo;il est important de montrer aux autres que ces opportunit\u00e9s existent, surtout s&rsquo;ils n&rsquo;ont pas les moyens de suivre une voie traditionnelle. Je pense \u00e0 ce qui se serait pass\u00e9 si je n&rsquo;avais jamais entendu parler du programme de science du papier et de la bourse d&rsquo;\u00e9tudes. Le fait de travailler dans le domaine de la DE&amp;I permet de mettre en lumi\u00e8re des programmes de ce type pour les jeunes qui sont ou pourraient \u00eatre int\u00e9ress\u00e9s par une carri\u00e8re dans l&rsquo;industrie.\r\n\r\nEn outre, mon travail dans la gestion de la cha\u00eene d&rsquo;approvisionnement m&rsquo;a mis en contact avec un grand nombre de personnes diff\u00e9rentes et, au fil des ans, j&rsquo;ai entendu leurs r\u00e9cits sur les d\u00e9fis auxquels elles \u00e9taient confront\u00e9es. Comment pouvons-nous cr\u00e9er un lieu de travail accueillant et inclusif pour chacun afin qu&rsquo;il se sente vraiment membre de l&rsquo;\u00e9quipe ? Je pense \u00e9galement \u00e0 l&rsquo;accessibilit\u00e9 pour les personnes handicap\u00e9es. On m&rsquo;a diagnostiqu\u00e9 une scl\u00e9rose en plaques au d\u00e9but des ann\u00e9es 2000, et bien que ma maladie soit actuellement tr\u00e8s bien g\u00e9r\u00e9e, cela me rend plus consciente des besoins de nos coll\u00e8gues handicap\u00e9s sur le lieu de travail. C&rsquo;est pourquoi j&rsquo;ai fait du DE&amp;I l&rsquo;un de mes objectifs de carri\u00e8re et j&rsquo;ai rejoint l&rsquo;\u00e9quipe DE&amp;I de R\u00e9solu, et je pr\u00e9side aujourd&rsquo;hui le nouveau comit\u00e9 DE&amp;I de Domtar. Nos actions individuelles sont importantes, mais pour que le changement se produise r\u00e9ellement, nous avons besoin d&rsquo;une vague de soutien. Il faut que cela se produise au niveau de la direction comme au niveau de l&rsquo;atelier. C&rsquo;est pourquoi notre nouvelle d\u00e9claration sur la <a href=\"https:\/\/www.domtar.com\/fr\/a-propos-de-domtar\/vision-mission-et-valeurs\/\" target=\"_blank\" rel=\"noopener\">vision, la mission et les valeurs<\/a> est si importante. Elle r\u00e9sume ce vers quoi nous tendons, \u00e0 savoir la cr\u00e9ation d&rsquo;une culture de confiance et de respect et l&rsquo;amplification de la diversit\u00e9 des voix.\r\n<h3><b>Votre \u00e9quipe a r\u00e9cemment \u00e9t\u00e9 r\u00e9compens\u00e9e pour ses efforts en mati\u00e8re de DE&amp;I \u00e0 Qu<\/b><b>\u00e9<\/b><b>bec. Parlez-nous du travail qui y a \u00e9t\u00e9 accompli. <\/b><\/h3>\r\nLe Conseil du patronat du Qu\u00e9bec (CPQ) nous a d\u00e9cern\u00e9 le Prix de l&#8217;employeur pour la diversit\u00e9 et l&rsquo;inclusion 2024 PROSP\u00c8RE pour notre programme de travailleurs \u00e9trangers. Plus de 300 travailleurs \u00e9trangers ont rejoint notre entreprise dans le cadre de ce programme, et nous avons veill\u00e9 \u00e0 ce qu&rsquo;ils se sentent les bienvenus et aient la possibilit\u00e9 de trouver un logement, de surmonter les diff\u00e9rences linguistiques et de s&rsquo;int\u00e9grer \u00e0 la communaut\u00e9.\r\n\r\nNous sommes conscients qu&rsquo;il peut \u00eatre extr\u00eamement difficile de faire un grand changement, comme d\u00e9m\u00e9nager dans un autre pays pour am\u00e9liorer sa vie, mais nous voulons que tous nos employ\u00e9s sachent qu&rsquo;ils peuvent b\u00e9n\u00e9ficier d&rsquo;un soutien et d&rsquo;encouragements sur le lieu de travail.","protected":false},"excerpt":{"rendered":"<p>Karen Roach, directrice de l&rsquo;usine de Grenade, travaille depuis plus de 26 ans dans l&rsquo;industrie des produits forestiers. Apprenez-en plus sur Karen Roach et sur sa r\u00e9cente nomination en tant que pr\u00e9sidente du comit\u00e9 DE&amp;I de Domtar.   <\/p>\n","protected":false},"author":1,"featured_media":28475,"comment_status":"closed","ping_status":"closed","sticky":false,"template":"","format":"standard","meta":{"_acf_changed":false,"_genesis_block_theme_hide_title":false,"footnotes":""},"categories":[973,974,975],"tags":[1343,1346,1345,1344],"class_list":{"0":"post-30924","1":"post","2":"type-post","3":"status-publish","4":"format-standard","5":"has-post-thumbnail","6":"hentry","7":"category-newsroom-fr","8":"category-newsroom-featured-fr","9":"category-our-company-fr","10":"tag-dei-fr","11":"tag-directeur-de-lusine","12":"tag-moulin","13":"tag-moulin-de-grenade","15":"with-featured-image"},"acf":[],"yoast_head":"<!-- This site is optimized with the Yoast SEO Premium plugin v27.4 (Yoast SEO v27.4) - https:\/\/yoast.com\/product\/yoast-seo-premium-wordpress\/ -->\n<title>Karen Roach : De l&#039;ing\u00e9nieur au directeur de l&#039;usine Domtar, pr\u00e9sidente du DE&amp;I<\/title>\n<meta name=\"description\" content=\"Karen Roach, directrice de l&#039;usine de Grenade, a construit sa carri\u00e8re dans l&#039;industrie des produits forestiers. Apprenez-en plus sur Karen Roach et sur sa passion pour la DE&amp;I.\" \/>\n<meta name=\"robots\" content=\"index, follow, max-snippet:-1, max-image-preview:large, max-video-preview:-1\" \/>\n<link rel=\"canonical\" href=\"https:\/\/www.domtar.com\/fr\/le-parcours-de-karen-roach-dingenieure-a-directrice-de-lusine-domtar-et-presidente-de-la-dei\/\" \/>\n<meta property=\"og:locale\" content=\"fr_FR\" \/>\n<meta property=\"og:type\" content=\"article\" \/>\n<meta property=\"og:title\" content=\"Le parcours de Karen Roach, d&#039;ing\u00e9nieure \u00e0 directrice de l&#039;usine Domtar et pr\u00e9sidente de la DE&amp;I\" \/>\n<meta property=\"og:description\" content=\"Karen Roach, directrice de l&#039;usine de Grenade, a construit sa carri\u00e8re dans l&#039;industrie des produits forestiers. Apprenez-en plus sur Karen Roach et sur sa passion pour la DE&amp;I.\" \/>\n<meta property=\"og:url\" content=\"https:\/\/www.domtar.com\/fr\/le-parcours-de-karen-roach-dingenieure-a-directrice-de-lusine-domtar-et-presidente-de-la-dei\/\" \/>\n<meta property=\"og:site_name\" content=\"Domtar\" \/>\n<meta property=\"article:publisher\" content=\"https:\/\/www.facebook.com\/DomtarEveryday\/\" \/>\n<meta property=\"article:published_time\" content=\"2024-12-04T21:29:34+00:00\" \/>\n<meta property=\"article:modified_time\" content=\"2025-10-23T21:54:27+00:00\" \/>\n<meta property=\"og:image\" content=\"https:\/\/www.domtar.com\/wp-content\/uploads\/2024\/12\/karen-award.jpg\" \/>\n\t<meta property=\"og:image:width\" content=\"1182\" \/>\n\t<meta property=\"og:image:height\" content=\"722\" \/>\n\t<meta property=\"og:image:type\" content=\"image\/jpeg\" \/>\n<meta name=\"author\" content=\"domtarcom\" \/>\n<meta name=\"twitter:card\" content=\"summary_large_image\" \/>\n<meta name=\"twitter:creator\" content=\"@DomtarEveryday\" \/>\n<meta name=\"twitter:site\" content=\"@DomtarEveryday\" \/>\n<meta name=\"twitter:label1\" content=\"\u00c9crit par\" \/>\n\t<meta name=\"twitter:data1\" content=\"domtarcom\" \/>\n\t<meta name=\"twitter:label2\" content=\"Dur\u00e9e de lecture estim\u00e9e\" \/>\n\t<meta name=\"twitter:data2\" content=\"6 minutes\" \/>\n<script type=\"application\/ld+json\" class=\"yoast-schema-graph\">{\"@context\":\"https:\\\/\\\/schema.org\",\"@graph\":[{\"@type\":\"Article\",\"@id\":\"https:\\\/\\\/www.domtar.com\\\/fr\\\/le-parcours-de-karen-roach-dingenieure-a-directrice-de-lusine-domtar-et-presidente-de-la-dei\\\/#article\",\"isPartOf\":{\"@id\":\"https:\\\/\\\/www.domtar.com\\\/fr\\\/le-parcours-de-karen-roach-dingenieure-a-directrice-de-lusine-domtar-et-presidente-de-la-dei\\\/\"},\"author\":{\"name\":\"domtarcom\",\"@id\":\"https:\\\/\\\/www.domtar.com\\\/fr\\\/#\\\/schema\\\/person\\\/1eceda201e008fe717760290e7efa36e\"},\"headline\":\"Le parcours de Karen Roach, d&rsquo;ing\u00e9nieure \u00e0 directrice de l&rsquo;usine Domtar et pr\u00e9sidente de la DE&amp;I\",\"datePublished\":\"2024-12-04T21:29:34+00:00\",\"dateModified\":\"2025-10-23T21:54:27+00:00\",\"mainEntityOfPage\":{\"@id\":\"https:\\\/\\\/www.domtar.com\\\/fr\\\/le-parcours-de-karen-roach-dingenieure-a-directrice-de-lusine-domtar-et-presidente-de-la-dei\\\/\"},\"wordCount\":1439,\"publisher\":{\"@id\":\"https:\\\/\\\/www.domtar.com\\\/fr\\\/#organization\"},\"image\":{\"@id\":\"https:\\\/\\\/www.domtar.com\\\/fr\\\/le-parcours-de-karen-roach-dingenieure-a-directrice-de-lusine-domtar-et-presidente-de-la-dei\\\/#primaryimage\"},\"thumbnailUrl\":\"https:\\\/\\\/www.domtar.com\\\/wp-content\\\/uploads\\\/2024\\\/12\\\/karen-award.jpg\",\"keywords\":[\"DE&amp;I\",\"directeur de l'usine\",\"moulin\",\"Moulin de Grenade\"],\"articleSection\":[\"Newsroom\",\"Newsroom Featured\",\"Our Company\"],\"inLanguage\":\"fr-FR\"},{\"@type\":\"WebPage\",\"@id\":\"https:\\\/\\\/www.domtar.com\\\/fr\\\/le-parcours-de-karen-roach-dingenieure-a-directrice-de-lusine-domtar-et-presidente-de-la-dei\\\/\",\"url\":\"https:\\\/\\\/www.domtar.com\\\/fr\\\/le-parcours-de-karen-roach-dingenieure-a-directrice-de-lusine-domtar-et-presidente-de-la-dei\\\/\",\"name\":\"Karen Roach : De l'ing\u00e9nieur au directeur de l'usine Domtar, pr\u00e9sidente du DE&I\",\"isPartOf\":{\"@id\":\"https:\\\/\\\/www.domtar.com\\\/fr\\\/#website\"},\"primaryImageOfPage\":{\"@id\":\"https:\\\/\\\/www.domtar.com\\\/fr\\\/le-parcours-de-karen-roach-dingenieure-a-directrice-de-lusine-domtar-et-presidente-de-la-dei\\\/#primaryimage\"},\"image\":{\"@id\":\"https:\\\/\\\/www.domtar.com\\\/fr\\\/le-parcours-de-karen-roach-dingenieure-a-directrice-de-lusine-domtar-et-presidente-de-la-dei\\\/#primaryimage\"},\"thumbnailUrl\":\"https:\\\/\\\/www.domtar.com\\\/wp-content\\\/uploads\\\/2024\\\/12\\\/karen-award.jpg\",\"datePublished\":\"2024-12-04T21:29:34+00:00\",\"dateModified\":\"2025-10-23T21:54:27+00:00\",\"description\":\"Karen Roach, directrice de l'usine de Grenade, a construit sa carri\u00e8re dans l'industrie des produits forestiers. Apprenez-en plus sur Karen Roach et sur sa passion pour la DE&I.\",\"breadcrumb\":{\"@id\":\"https:\\\/\\\/www.domtar.com\\\/fr\\\/le-parcours-de-karen-roach-dingenieure-a-directrice-de-lusine-domtar-et-presidente-de-la-dei\\\/#breadcrumb\"},\"inLanguage\":\"fr-FR\",\"potentialAction\":[{\"@type\":\"ReadAction\",\"target\":[\"https:\\\/\\\/www.domtar.com\\\/fr\\\/le-parcours-de-karen-roach-dingenieure-a-directrice-de-lusine-domtar-et-presidente-de-la-dei\\\/\"]}]},{\"@type\":\"ImageObject\",\"inLanguage\":\"fr-FR\",\"@id\":\"https:\\\/\\\/www.domtar.com\\\/fr\\\/le-parcours-de-karen-roach-dingenieure-a-directrice-de-lusine-domtar-et-presidente-de-la-dei\\\/#primaryimage\",\"url\":\"https:\\\/\\\/www.domtar.com\\\/wp-content\\\/uploads\\\/2024\\\/12\\\/karen-award.jpg\",\"contentUrl\":\"https:\\\/\\\/www.domtar.com\\\/wp-content\\\/uploads\\\/2024\\\/12\\\/karen-award.jpg\",\"width\":1182,\"height\":722,\"caption\":\"Grenada Mill Manager and Domtar DE&I Committee chair Karen Roach (Center) accepts the 2024 PROSP\u00c8RE Diversity and Inclusion Employer Award from representatives of the Conseil du patronat du Qu\u00e9bec (CPQ). Also shown, from left to right, are Denis Deschamps, chairman of the board at CPQ, Janic Gaudreault, partner, talent acquisition at Domtar; Luc Theriault, president, wood products at Domtar; and Dani\u00e8le Henkel, d\u2019ambassadrice de la francophonie \u00e9conomique at CPQ.\"},{\"@type\":\"BreadcrumbList\",\"@id\":\"https:\\\/\\\/www.domtar.com\\\/fr\\\/le-parcours-de-karen-roach-dingenieure-a-directrice-de-lusine-domtar-et-presidente-de-la-dei\\\/#breadcrumb\",\"itemListElement\":[{\"@type\":\"ListItem\",\"position\":1,\"name\":\"Home\",\"item\":\"https:\\\/\\\/www.domtar.com\\\/fr\\\/\"},{\"@type\":\"ListItem\",\"position\":2,\"name\":\"Le parcours de Karen Roach, d&#8217;ing\u00e9nieure \u00e0 directrice de l&#8217;usine Domtar et pr\u00e9sidente de la DE&amp;I\"}]},{\"@type\":\"WebSite\",\"@id\":\"https:\\\/\\\/www.domtar.com\\\/fr\\\/#website\",\"url\":\"https:\\\/\\\/www.domtar.com\\\/fr\\\/\",\"name\":\"Domtar | The Fiber for the Future\",\"description\":\"The Sustainable Paper, Pulp and Packaging Company\",\"publisher\":{\"@id\":\"https:\\\/\\\/www.domtar.com\\\/fr\\\/#organization\"},\"alternateName\":\"Domtar\",\"potentialAction\":[{\"@type\":\"SearchAction\",\"target\":{\"@type\":\"EntryPoint\",\"urlTemplate\":\"https:\\\/\\\/www.domtar.com\\\/fr\\\/?s={search_term_string}\"},\"query-input\":{\"@type\":\"PropertyValueSpecification\",\"valueRequired\":true,\"valueName\":\"search_term_string\"}}],\"inLanguage\":\"fr-FR\"},{\"@type\":\"Organization\",\"@id\":\"https:\\\/\\\/www.domtar.com\\\/fr\\\/#organization\",\"name\":\"Domtar\",\"url\":\"https:\\\/\\\/www.domtar.com\\\/fr\\\/\",\"logo\":{\"@type\":\"ImageObject\",\"inLanguage\":\"fr-FR\",\"@id\":\"https:\\\/\\\/www.domtar.com\\\/fr\\\/#\\\/schema\\\/logo\\\/image\\\/\",\"url\":\"https:\\\/\\\/www.domtar.com\\\/wp-content\\\/uploads\\\/2023\\\/03\\\/domtar_logo_rgb_green.png\",\"contentUrl\":\"https:\\\/\\\/www.domtar.com\\\/wp-content\\\/uploads\\\/2023\\\/03\\\/domtar_logo_rgb_green.png\",\"width\":1153,\"height\":263,\"caption\":\"Domtar\"},\"image\":{\"@id\":\"https:\\\/\\\/www.domtar.com\\\/fr\\\/#\\\/schema\\\/logo\\\/image\\\/\"},\"sameAs\":[\"https:\\\/\\\/www.facebook.com\\\/DomtarEveryday\\\/\",\"https:\\\/\\\/x.com\\\/DomtarEveryday\",\"https:\\\/\\\/www.linkedin.com\\\/company\\\/domtar\\\/\",\"https:\\\/\\\/www.youtube.com\\\/channel\\\/UCh8Zhq2Rmxhl5Km0krrGoYw\"],\"ethicsPolicy\":\"https:\\\/\\\/www.domtar.com\\\/fr\\\/notre-entreprise\\\/ethique-et-conformite\\\/\"},{\"@type\":\"Person\",\"@id\":\"https:\\\/\\\/www.domtar.com\\\/fr\\\/#\\\/schema\\\/person\\\/1eceda201e008fe717760290e7efa36e\",\"name\":\"domtarcom\",\"image\":{\"@type\":\"ImageObject\",\"inLanguage\":\"fr-FR\",\"@id\":\"https:\\\/\\\/secure.gravatar.com\\\/avatar\\\/6a4ce9fede2abd183940f0fdc0562cee7a1a11070fe70dcb01d2f164b0fde389?s=96&d=mm&r=g\",\"url\":\"https:\\\/\\\/secure.gravatar.com\\\/avatar\\\/6a4ce9fede2abd183940f0fdc0562cee7a1a11070fe70dcb01d2f164b0fde389?s=96&d=mm&r=g\",\"contentUrl\":\"https:\\\/\\\/secure.gravatar.com\\\/avatar\\\/6a4ce9fede2abd183940f0fdc0562cee7a1a11070fe70dcb01d2f164b0fde389?s=96&d=mm&r=g\",\"caption\":\"domtarcom\"},\"sameAs\":[\"https:\\\/\\\/domtarwpe.wpengine.com\"]}]}<\/script>\n<!-- \/ Yoast SEO Premium plugin. -->","yoast_head_json":{"title":"Karen Roach : De l'ing\u00e9nieur au directeur de l'usine Domtar, pr\u00e9sidente du DE&I","description":"Karen Roach, directrice de l'usine de Grenade, a construit sa carri\u00e8re dans l'industrie des produits forestiers. Apprenez-en plus sur Karen Roach et sur sa passion pour la DE&I.","robots":{"index":"index","follow":"follow","max-snippet":"max-snippet:-1","max-image-preview":"max-image-preview:large","max-video-preview":"max-video-preview:-1"},"canonical":"https:\/\/www.domtar.com\/fr\/le-parcours-de-karen-roach-dingenieure-a-directrice-de-lusine-domtar-et-presidente-de-la-dei\/","og_locale":"fr_FR","og_type":"article","og_title":"Le parcours de Karen Roach, d'ing\u00e9nieure \u00e0 directrice de l'usine Domtar et pr\u00e9sidente de la DE&amp;I","og_description":"Karen Roach, directrice de l'usine de Grenade, a construit sa carri\u00e8re dans l'industrie des produits forestiers. Apprenez-en plus sur Karen Roach et sur sa passion pour la DE&I.","og_url":"https:\/\/www.domtar.com\/fr\/le-parcours-de-karen-roach-dingenieure-a-directrice-de-lusine-domtar-et-presidente-de-la-dei\/","og_site_name":"Domtar","article_publisher":"https:\/\/www.facebook.com\/DomtarEveryday\/","article_published_time":"2024-12-04T21:29:34+00:00","article_modified_time":"2025-10-23T21:54:27+00:00","og_image":[{"width":1182,"height":722,"url":"https:\/\/www.domtar.com\/wp-content\/uploads\/2024\/12\/karen-award.jpg","type":"image\/jpeg"}],"author":"domtarcom","twitter_card":"summary_large_image","twitter_creator":"@DomtarEveryday","twitter_site":"@DomtarEveryday","twitter_misc":{"\u00c9crit par":"domtarcom","Dur\u00e9e de lecture estim\u00e9e":"6 minutes"},"schema":{"@context":"https:\/\/schema.org","@graph":[{"@type":"Article","@id":"https:\/\/www.domtar.com\/fr\/le-parcours-de-karen-roach-dingenieure-a-directrice-de-lusine-domtar-et-presidente-de-la-dei\/#article","isPartOf":{"@id":"https:\/\/www.domtar.com\/fr\/le-parcours-de-karen-roach-dingenieure-a-directrice-de-lusine-domtar-et-presidente-de-la-dei\/"},"author":{"name":"domtarcom","@id":"https:\/\/www.domtar.com\/fr\/#\/schema\/person\/1eceda201e008fe717760290e7efa36e"},"headline":"Le parcours de Karen Roach, d&rsquo;ing\u00e9nieure \u00e0 directrice de l&rsquo;usine Domtar et pr\u00e9sidente de la DE&amp;I","datePublished":"2024-12-04T21:29:34+00:00","dateModified":"2025-10-23T21:54:27+00:00","mainEntityOfPage":{"@id":"https:\/\/www.domtar.com\/fr\/le-parcours-de-karen-roach-dingenieure-a-directrice-de-lusine-domtar-et-presidente-de-la-dei\/"},"wordCount":1439,"publisher":{"@id":"https:\/\/www.domtar.com\/fr\/#organization"},"image":{"@id":"https:\/\/www.domtar.com\/fr\/le-parcours-de-karen-roach-dingenieure-a-directrice-de-lusine-domtar-et-presidente-de-la-dei\/#primaryimage"},"thumbnailUrl":"https:\/\/www.domtar.com\/wp-content\/uploads\/2024\/12\/karen-award.jpg","keywords":["DE&amp;I","directeur de l'usine","moulin","Moulin de Grenade"],"articleSection":["Newsroom","Newsroom Featured","Our Company"],"inLanguage":"fr-FR"},{"@type":"WebPage","@id":"https:\/\/www.domtar.com\/fr\/le-parcours-de-karen-roach-dingenieure-a-directrice-de-lusine-domtar-et-presidente-de-la-dei\/","url":"https:\/\/www.domtar.com\/fr\/le-parcours-de-karen-roach-dingenieure-a-directrice-de-lusine-domtar-et-presidente-de-la-dei\/","name":"Karen Roach : De l'ing\u00e9nieur au directeur de l'usine Domtar, pr\u00e9sidente du DE&I","isPartOf":{"@id":"https:\/\/www.domtar.com\/fr\/#website"},"primaryImageOfPage":{"@id":"https:\/\/www.domtar.com\/fr\/le-parcours-de-karen-roach-dingenieure-a-directrice-de-lusine-domtar-et-presidente-de-la-dei\/#primaryimage"},"image":{"@id":"https:\/\/www.domtar.com\/fr\/le-parcours-de-karen-roach-dingenieure-a-directrice-de-lusine-domtar-et-presidente-de-la-dei\/#primaryimage"},"thumbnailUrl":"https:\/\/www.domtar.com\/wp-content\/uploads\/2024\/12\/karen-award.jpg","datePublished":"2024-12-04T21:29:34+00:00","dateModified":"2025-10-23T21:54:27+00:00","description":"Karen Roach, directrice de l'usine de Grenade, a construit sa carri\u00e8re dans l'industrie des produits forestiers. Apprenez-en plus sur Karen Roach et sur sa passion pour la DE&I.","breadcrumb":{"@id":"https:\/\/www.domtar.com\/fr\/le-parcours-de-karen-roach-dingenieure-a-directrice-de-lusine-domtar-et-presidente-de-la-dei\/#breadcrumb"},"inLanguage":"fr-FR","potentialAction":[{"@type":"ReadAction","target":["https:\/\/www.domtar.com\/fr\/le-parcours-de-karen-roach-dingenieure-a-directrice-de-lusine-domtar-et-presidente-de-la-dei\/"]}]},{"@type":"ImageObject","inLanguage":"fr-FR","@id":"https:\/\/www.domtar.com\/fr\/le-parcours-de-karen-roach-dingenieure-a-directrice-de-lusine-domtar-et-presidente-de-la-dei\/#primaryimage","url":"https:\/\/www.domtar.com\/wp-content\/uploads\/2024\/12\/karen-award.jpg","contentUrl":"https:\/\/www.domtar.com\/wp-content\/uploads\/2024\/12\/karen-award.jpg","width":1182,"height":722,"caption":"Grenada Mill Manager and Domtar DE&I Committee chair Karen Roach (Center) accepts the 2024 PROSP\u00c8RE Diversity and Inclusion Employer Award from representatives of the Conseil du patronat du Qu\u00e9bec (CPQ). Also shown, from left to right, are Denis Deschamps, chairman of the board at CPQ, Janic Gaudreault, partner, talent acquisition at Domtar; Luc Theriault, president, wood products at Domtar; and Dani\u00e8le Henkel, d\u2019ambassadrice de la francophonie \u00e9conomique at CPQ."},{"@type":"BreadcrumbList","@id":"https:\/\/www.domtar.com\/fr\/le-parcours-de-karen-roach-dingenieure-a-directrice-de-lusine-domtar-et-presidente-de-la-dei\/#breadcrumb","itemListElement":[{"@type":"ListItem","position":1,"name":"Home","item":"https:\/\/www.domtar.com\/fr\/"},{"@type":"ListItem","position":2,"name":"Le parcours de Karen Roach, d&#8217;ing\u00e9nieure \u00e0 directrice de l&#8217;usine Domtar et pr\u00e9sidente de la DE&amp;I"}]},{"@type":"WebSite","@id":"https:\/\/www.domtar.com\/fr\/#website","url":"https:\/\/www.domtar.com\/fr\/","name":"Domtar | The Fiber for the Future","description":"The Sustainable Paper, Pulp and Packaging Company","publisher":{"@id":"https:\/\/www.domtar.com\/fr\/#organization"},"alternateName":"Domtar","potentialAction":[{"@type":"SearchAction","target":{"@type":"EntryPoint","urlTemplate":"https:\/\/www.domtar.com\/fr\/?s={search_term_string}"},"query-input":{"@type":"PropertyValueSpecification","valueRequired":true,"valueName":"search_term_string"}}],"inLanguage":"fr-FR"},{"@type":"Organization","@id":"https:\/\/www.domtar.com\/fr\/#organization","name":"Domtar","url":"https:\/\/www.domtar.com\/fr\/","logo":{"@type":"ImageObject","inLanguage":"fr-FR","@id":"https:\/\/www.domtar.com\/fr\/#\/schema\/logo\/image\/","url":"https:\/\/www.domtar.com\/wp-content\/uploads\/2023\/03\/domtar_logo_rgb_green.png","contentUrl":"https:\/\/www.domtar.com\/wp-content\/uploads\/2023\/03\/domtar_logo_rgb_green.png","width":1153,"height":263,"caption":"Domtar"},"image":{"@id":"https:\/\/www.domtar.com\/fr\/#\/schema\/logo\/image\/"},"sameAs":["https:\/\/www.facebook.com\/DomtarEveryday\/","https:\/\/x.com\/DomtarEveryday","https:\/\/www.linkedin.com\/company\/domtar\/","https:\/\/www.youtube.com\/channel\/UCh8Zhq2Rmxhl5Km0krrGoYw"],"ethicsPolicy":"https:\/\/www.domtar.com\/fr\/notre-entreprise\/ethique-et-conformite\/"},{"@type":"Person","@id":"https:\/\/www.domtar.com\/fr\/#\/schema\/person\/1eceda201e008fe717760290e7efa36e","name":"domtarcom","image":{"@type":"ImageObject","inLanguage":"fr-FR","@id":"https:\/\/secure.gravatar.com\/avatar\/6a4ce9fede2abd183940f0fdc0562cee7a1a11070fe70dcb01d2f164b0fde389?s=96&d=mm&r=g","url":"https:\/\/secure.gravatar.com\/avatar\/6a4ce9fede2abd183940f0fdc0562cee7a1a11070fe70dcb01d2f164b0fde389?s=96&d=mm&r=g","contentUrl":"https:\/\/secure.gravatar.com\/avatar\/6a4ce9fede2abd183940f0fdc0562cee7a1a11070fe70dcb01d2f164b0fde389?s=96&d=mm&r=g","caption":"domtarcom"},"sameAs":["https:\/\/domtarwpe.wpengine.com"]}]}},"_links":{"self":[{"href":"https:\/\/www.domtar.com\/fr\/wp-json\/wp\/v2\/posts\/30924","targetHints":{"allow":["GET"]}}],"collection":[{"href":"https:\/\/www.domtar.com\/fr\/wp-json\/wp\/v2\/posts"}],"about":[{"href":"https:\/\/www.domtar.com\/fr\/wp-json\/wp\/v2\/types\/post"}],"author":[{"embeddable":true,"href":"https:\/\/www.domtar.com\/fr\/wp-json\/wp\/v2\/users\/1"}],"replies":[{"embeddable":true,"href":"https:\/\/www.domtar.com\/fr\/wp-json\/wp\/v2\/comments?post=30924"}],"version-history":[{"count":0,"href":"https:\/\/www.domtar.com\/fr\/wp-json\/wp\/v2\/posts\/30924\/revisions"}],"wp:featuredmedia":[{"embeddable":true,"href":"https:\/\/www.domtar.com\/fr\/wp-json\/wp\/v2\/media\/28475"}],"wp:attachment":[{"href":"https:\/\/www.domtar.com\/fr\/wp-json\/wp\/v2\/media?parent=30924"}],"wp:term":[{"taxonomy":"category","embeddable":true,"href":"https:\/\/www.domtar.com\/fr\/wp-json\/wp\/v2\/categories?post=30924"},{"taxonomy":"post_tag","embeddable":true,"href":"https:\/\/www.domtar.com\/fr\/wp-json\/wp\/v2\/tags?post=30924"}],"curies":[{"name":"wp","href":"https:\/\/api.w.org\/{rel}","templated":true}]}}