{"id":29820,"date":"2021-11-15T09:49:13","date_gmt":"2021-11-15T09:49:13","guid":{"rendered":"https:\/\/www.domtar.com\/journee-americaine-du-recyclage-rejoignez-lappel-a-la-reduction-des-dechets-et-au-recyclage\/"},"modified":"2021-11-15T09:49:13","modified_gmt":"2021-11-15T09:49:13","slug":"journee-americaine-du-recyclage-rejoignez-lappel-a-la-reduction-des-dechets-et-au-recyclage","status":"publish","type":"post","link":"https:\/\/www.domtar.com\/fr\/journee-americaine-du-recyclage-rejoignez-lappel-a-la-reduction-des-dechets-et-au-recyclage\/","title":{"rendered":"Journ\u00e9e am\u00e9ricaine du recyclage : Rejoignez l&rsquo;appel \u00e0 la r\u00e9duction des d\u00e9chets et au recyclage"},"content":{"rendered":"\n<section id=\"immersive_panel_1\" class=\"lc-module section-article-content-block\">\n    <div class=\"lc-module-inner\">\n                <div class=\"article-block-wrapper lc-module-inner fade-bottom\">\n            <div class=\"entry\">\n                <p>Le 15 novembre est la Journ\u00e9e am\u00e9ricaine du recyclage. Domtar encourage le recyclage tous les jours et nous nous sommes joints \u00e0 l&rsquo;appel \u00e0 la r\u00e9duction des d\u00e9chets et au recyclage des produits de tous les jours de mani\u00e8re significative. <\/p>\n<p>L&rsquo;America Recycles Day est soutenu par l&rsquo;<a href=\"https:\/\/www.epa.gov\/americarecycles\/america-recycles-day\" target=\"_blank\" rel=\"noopener\">Agence am\u00e9ricaine de protection de l&rsquo;environnement<\/a>, qui indique que le taux de recyclage est pass\u00e9 de moins de 7 % en 1960 \u00e0 <a href=\"https:\/\/www.epa.gov\/facts-and-figures-about-materials-waste-and-recycling\/national-overview-facts-and-figures-materials#Recycling\/Composting\" target=\"_blank\" rel=\"noopener\">32 %<\/a> en 2018.<\/p>\n<p>Chez Domtar, le recyclage va au-del\u00e0 de nos efforts de <a href=\"https:\/\/newsroom.domtar.com\/paper-recycling-rates-producer-responsibility\/\" target=\"_blank\" rel=\"noopener\">recyclage du papier<\/a>. Nos chefs de file en mati\u00e8re d&rsquo;environnement et de d\u00e9veloppement durable dans l&rsquo;ensemble de notre r\u00e9seau de fabrication sont toujours \u00e0 la recherche de possibilit\u00e9s de r\u00e9utilisation b\u00e9n\u00e9fique de nos produits et <a href=\"https:\/\/newsroom.domtar.com\/manufacturing-byproducts-benefits\/\" target=\"_blank\" rel=\"noopener\">sous-produits<\/a>, ainsi que de nouvelles fa\u00e7ons de r\u00e9duire la taille de nos sites d&rsquo;enfouissement en produisant des <a href=\"https:\/\/newsroom.domtar.com\/paper-packaging-plastic-alternatives\/\">solutions de rechange au plastique \u00e0 base de papier<\/a>. Voici quelques-unes des fa\u00e7ons dont nous maximisons la r\u00e9duction des d\u00e9chets dans l&rsquo;ensemble de notre r\u00e9seau :  <\/p>\n<ul>\n<li>Dans la production de noyaux absorbants pour les produits d&rsquo;hygi\u00e8ne, notre <a href=\"https:\/\/newsroom.domtar.com\/eam-airlaid-nonwoven-supplier\/\" target=\"_blank\" rel=\"noopener\">usine EAM de<\/a> Jesup, en G\u00e9orgie, r\u00e9int\u00e8gre toutes ses chutes dans le processus pour fabriquer d&rsquo;autres produits.<\/li>\n<li>De m\u00eame, nos installations de <a href=\"https:\/\/www.domtar.com\/en\/what-we-make\/paper\/converting-papers\" target=\"_blank\" rel=\"noopener\">transformation du papier<\/a> collectent \u00e9galement les rognures qui sont mises en balles et renvoy\u00e9es \u00e0 l&rsquo;usine pour \u00eatre r\u00e9utilis\u00e9es, ou vendues \u00e0 des tiers pour \u00eatre r\u00e9utilis\u00e9es. Il y a quelques ann\u00e9es, dans le cadre d&rsquo;un recyclage cr\u00e9atif, les petits morceaux de papier qui avaient \u00e9t\u00e9 d\u00e9coup\u00e9s ont \u00e9t\u00e9 utilis\u00e9s comme confettis lors d&rsquo;un d\u00e9fil\u00e9 de c\u00e9l\u00e9bration dans une ville. <\/li>\n<\/ul>\n<h2>L&rsquo;Am\u00e9rique recycle, et nous aussi<\/h2>\n<p>Les \u00c9tats-Unis recyclent d\u00e9j\u00e0 beaucoup le papier et les emballages \u00e0 base de papier. Le taux de recyclage du papier est d&rsquo;environ 89 % pour le carton et de pr\u00e8s de 66 % pour le papier, selon un <a href=\"https:\/\/www.afandpa.org\/news\/2021\/recycling-during-pandemic-2020-paper-and-cardboard-recycling-rates-are\" target=\"_blank\" rel=\"noopener\">rapport de 2021 de l&rsquo;American Forest and Paper Association<\/a>. <\/p>\n<p>Le plus grand projet de recyclage de Domtar est la conversion de notre usine de Kingsport en une installation de recyclage \u00e0 100 %. Ce vaste projet de construction a \u00e9t\u00e9 planifi\u00e9 en tenant compte des <a href=\"https:\/\/newsroom.domtar.com\/kingsport-mill-circular-economy-principles\/\" target=\"_blank\" rel=\"noopener\">principes de<\/a> durabilit\u00e9 et d&rsquo;<a href=\"https:\/\/newsroom.domtar.com\/kingsport-mill-circular-economy-principles\/\" target=\"_blank\" rel=\"noopener\">\u00e9conomie circulaire<\/a>. <\/p>\n<p>L&rsquo;usine contribuera \u00e0 l&rsquo;effort mondial visant \u00e0 \u00e9liminer l&rsquo;utilisation d&#8217;emballages en plastique. En tant qu&rsquo;alternative plus durable, l&rsquo;usine de Kingsport, une fois red\u00e9marr\u00e9e, r\u00e9utilisera des mat\u00e9riaux recycl\u00e9s tels que des bo\u00eetes et d&rsquo;autres papiers m\u00e9lang\u00e9s pour produire des cartons d&#8217;emballage de haute qualit\u00e9 qui pourront \u00eatre recycl\u00e9s \u00e0 nouveau. <\/p>\n<p>D&rsquo;ici la fin de l&rsquo;ann\u00e9e 2022, les bo\u00eetes de vente au d\u00e9tail et autres papiers m\u00e9lang\u00e9s qui se trouvent dans votre bac de recyclage pourraient vous revenir sous la forme d&rsquo;une bo\u00eete fabriqu\u00e9e \u00e0 partir de carton recycl\u00e9 de Kingsport. Voici comment se d\u00e9roulera le processus : <\/p>\n<ul>\n<li>Le contenu de votre poubelle de recyclage sera ramass\u00e9 et achemin\u00e9 vers un centre de tri qui s\u00e9parera tous les cartons et les papiers m\u00e9lang\u00e9s, tels que les bo\u00eetes de c\u00e9r\u00e9ales, le papier de bureau et le papier journal. Ces articles sont transform\u00e9s en grandes balles qui seront livr\u00e9es \u00e0 l&rsquo;usine. <\/li>\n<li>\u00c0 leur arriv\u00e9e, elles seront plac\u00e9es sur un grand convoyeur et envoy\u00e9es dans l&rsquo;une des deux cuves de trituration pour transformer les balles recycl\u00e9es en p\u00e2te \u00e0 papier.<\/li>\n<li>\u00c0 partir de l\u00e0, d&rsquo;autres r\u00e9sidus de recyclage seront tri\u00e9s pour que l&rsquo;usine les utilise pour produire de la vapeur et de l&rsquo;\u00e9lectricit\u00e9.<\/li>\n<li>La p\u00e2te est ensuite soumise \u00e0 un processus de criblage afin d&rsquo;\u00e9liminer les contaminants fins et de la pr\u00e9parer pour la machine \u00e0 carton. Il s&rsquo;agit notamment de s\u00e9parer les fibres longues et courtes afin de mieux les m\u00e9langer. La s\u00e9paration et le m\u00e9lange des fibres permettent d&rsquo;obtenir de meilleures propri\u00e9t\u00e9s de r\u00e9sistance pour les diff\u00e9rentes qualit\u00e9s de carton recycl\u00e9 que l&rsquo;usine produira.  <\/li>\n<li>Enfin, le carton recycl\u00e9 sortira de la machine en bobines de cinq tonnes pour \u00eatre envoy\u00e9 aux clients qui l&rsquo;utiliseront pour produire des bo\u00eetes et d&rsquo;autres mat\u00e9riaux d&#8217;emballage.<\/li>\n<\/ul>\n<h2>Participez<\/h2>\n<p>Il est facile de <a href=\"https:\/\/volunteer.kab.org\/ard?layoutViewMode=tablet\" target=\"_blank\" rel=\"noopener\">participer \u00e0 la Journ\u00e9e am\u00e9ricaine du recyclage<\/a>. Vous pouvez participer \u00e0 un \u00e9v\u00e9nement ou vous engager \u00e0 r\u00e9duire, r\u00e9utiliser, recycler et acheter des produits recycl\u00e9s chaque fois que possible. Vous pouvez \u00e9galement encourager les autres \u00e0 faire de m\u00eame en utilisant le hashtag <strong>#BeRecycled <\/strong>sur les m\u00e9dias sociaux.  <\/p>\n            <\/div>\n        <\/div>\n    <\/div>\n<\/section>\n","protected":false},"excerpt":{"rendered":"<p>Aujourd&rsquo;hui, c&rsquo;est la journ\u00e9e du recyclage en Am\u00e9rique. Nous nous joignons \u00e0 l&rsquo;Agence am\u00e9ricaine de protection de l&rsquo;environnement pour appeler les Am\u00e9ricains \u00e0 r\u00e9duire leurs d\u00e9chets et \u00e0 recycler. D\u00e9couvrez pourquoi et ce que vous pouvez faire pour r\u00e9duire les d\u00e9chets.  <\/p>\n","protected":false},"author":10,"featured_media":0,"comment_status":"open","ping_status":"open","sticky":false,"template":"","format":"standard","meta":{"_acf_changed":false,"_genesis_block_theme_hide_title":false,"footnotes":""},"categories":[985],"tags":[1133,1178,1132],"class_list":{"0":"post-29820","1":"post","2":"type-post","3":"status-publish","4":"format-standard","5":"hentry","6":"category-sustainability-fr","7":"tag-journee-du-recyclage-en-amerique","8":"tag-papier-recycle","9":"tag-recyclage","11":"without-featured-image"},"acf":[],"yoast_head":"<!-- This site is optimized with the Yoast SEO Premium plugin v27.4 (Yoast SEO v27.4) - https:\/\/yoast.com\/product\/yoast-seo-premium-wordpress\/ -->\n<title>Journ\u00e9e am\u00e9ricaine du recyclage : Rejoignez l&#039;appel \u00e0 la r\u00e9duction des d\u00e9chets et au recyclage<\/title>\n<meta name=\"description\" content=\"Aujourd&#039;hui, c&#039;est la journ\u00e9e du recyclage en Am\u00e9rique. Nous nous joignons \u00e0 l&#039;Agence am\u00e9ricaine de protection de l&#039;environnement pour appeler les Am\u00e9ricains \u00e0 r\u00e9duire leurs d\u00e9chets et \u00e0 recycler.\" \/>\n<meta name=\"robots\" content=\"index, follow, max-snippet:-1, max-image-preview:large, max-video-preview:-1\" \/>\n<link rel=\"canonical\" href=\"https:\/\/www.domtar.com\/fr\/journee-americaine-du-recyclage-rejoignez-lappel-a-la-reduction-des-dechets-et-au-recyclage\/\" \/>\n<meta property=\"og:locale\" content=\"fr_FR\" \/>\n<meta property=\"og:type\" content=\"article\" \/>\n<meta property=\"og:title\" content=\"Journ\u00e9e am\u00e9ricaine du recyclage : Rejoignez l&#039;appel \u00e0 la r\u00e9duction des d\u00e9chets et au recyclage\" \/>\n<meta property=\"og:description\" content=\"Aujourd&#039;hui, c&#039;est la journ\u00e9e du recyclage en Am\u00e9rique. Nous nous joignons \u00e0 l&#039;Agence am\u00e9ricaine de protection de l&#039;environnement pour appeler les Am\u00e9ricains \u00e0 r\u00e9duire leurs d\u00e9chets et \u00e0 recycler.\" \/>\n<meta property=\"og:url\" content=\"https:\/\/www.domtar.com\/fr\/journee-americaine-du-recyclage-rejoignez-lappel-a-la-reduction-des-dechets-et-au-recyclage\/\" \/>\n<meta property=\"og:site_name\" content=\"Domtar\" \/>\n<meta property=\"article:publisher\" content=\"https:\/\/www.facebook.com\/DomtarEveryday\/\" \/>\n<meta property=\"article:published_time\" content=\"2021-11-15T09:49:13+00:00\" \/>\n<meta property=\"og:image\" content=\"https:\/\/www.domtar.com\/wp-content\/uploads\/2025\/10\/Domtar_sharing_img_2x-min-1.png\" \/>\n\t<meta property=\"og:image:width\" content=\"2400\" \/>\n\t<meta property=\"og:image:height\" content=\"1350\" \/>\n\t<meta property=\"og:image:type\" content=\"image\/png\" \/>\n<meta name=\"author\" content=\"Lauren.Hultz\" \/>\n<meta name=\"twitter:card\" content=\"summary_large_image\" \/>\n<meta name=\"twitter:creator\" content=\"@DomtarEveryday\" \/>\n<meta name=\"twitter:site\" content=\"@DomtarEveryday\" \/>\n<meta name=\"twitter:label1\" content=\"\u00c9crit par\" \/>\n\t<meta name=\"twitter:data1\" content=\"Lauren.Hultz\" \/>\n\t<meta name=\"twitter:label2\" content=\"Dur\u00e9e de lecture estim\u00e9e\" \/>\n\t<meta name=\"twitter:data2\" content=\"4 minutes\" \/>\n<script type=\"application\/ld+json\" class=\"yoast-schema-graph\">{\"@context\":\"https:\\\/\\\/schema.org\",\"@graph\":[{\"@type\":\"Article\",\"@id\":\"https:\\\/\\\/www.domtar.com\\\/fr\\\/journee-americaine-du-recyclage-rejoignez-lappel-a-la-reduction-des-dechets-et-au-recyclage\\\/#article\",\"isPartOf\":{\"@id\":\"https:\\\/\\\/www.domtar.com\\\/fr\\\/journee-americaine-du-recyclage-rejoignez-lappel-a-la-reduction-des-dechets-et-au-recyclage\\\/\"},\"author\":{\"name\":\"Lauren.Hultz\",\"@id\":\"https:\\\/\\\/www.domtar.com\\\/fr\\\/#\\\/schema\\\/person\\\/163327fa725eb5b7bea579643fd8356e\"},\"headline\":\"Journ\u00e9e am\u00e9ricaine du recyclage : Rejoignez l&rsquo;appel \u00e0 la r\u00e9duction des d\u00e9chets et au recyclage\",\"datePublished\":\"2021-11-15T09:49:13+00:00\",\"mainEntityOfPage\":{\"@id\":\"https:\\\/\\\/www.domtar.com\\\/fr\\\/journee-americaine-du-recyclage-rejoignez-lappel-a-la-reduction-des-dechets-et-au-recyclage\\\/\"},\"wordCount\":801,\"commentCount\":0,\"publisher\":{\"@id\":\"https:\\\/\\\/www.domtar.com\\\/fr\\\/#organization\"},\"keywords\":[\"Journ\u00e9e du recyclage en Am\u00e9rique\",\"papier recycl\u00e9\",\"recyclage\"],\"articleSection\":[\"Sustainability\"],\"inLanguage\":\"fr-FR\",\"potentialAction\":[{\"@type\":\"CommentAction\",\"name\":\"Comment\",\"target\":[\"https:\\\/\\\/www.domtar.com\\\/fr\\\/journee-americaine-du-recyclage-rejoignez-lappel-a-la-reduction-des-dechets-et-au-recyclage\\\/#respond\"]}]},{\"@type\":\"WebPage\",\"@id\":\"https:\\\/\\\/www.domtar.com\\\/fr\\\/journee-americaine-du-recyclage-rejoignez-lappel-a-la-reduction-des-dechets-et-au-recyclage\\\/\",\"url\":\"https:\\\/\\\/www.domtar.com\\\/fr\\\/journee-americaine-du-recyclage-rejoignez-lappel-a-la-reduction-des-dechets-et-au-recyclage\\\/\",\"name\":\"Journ\u00e9e am\u00e9ricaine du recyclage : Rejoignez l'appel \u00e0 la r\u00e9duction des d\u00e9chets et au recyclage\",\"isPartOf\":{\"@id\":\"https:\\\/\\\/www.domtar.com\\\/fr\\\/#website\"},\"datePublished\":\"2021-11-15T09:49:13+00:00\",\"description\":\"Aujourd'hui, c'est la journ\u00e9e du recyclage en Am\u00e9rique. Nous nous joignons \u00e0 l'Agence am\u00e9ricaine de protection de l'environnement pour appeler les Am\u00e9ricains \u00e0 r\u00e9duire leurs d\u00e9chets et \u00e0 recycler.\",\"breadcrumb\":{\"@id\":\"https:\\\/\\\/www.domtar.com\\\/fr\\\/journee-americaine-du-recyclage-rejoignez-lappel-a-la-reduction-des-dechets-et-au-recyclage\\\/#breadcrumb\"},\"inLanguage\":\"fr-FR\",\"potentialAction\":[{\"@type\":\"ReadAction\",\"target\":[\"https:\\\/\\\/www.domtar.com\\\/fr\\\/journee-americaine-du-recyclage-rejoignez-lappel-a-la-reduction-des-dechets-et-au-recyclage\\\/\"]}]},{\"@type\":\"BreadcrumbList\",\"@id\":\"https:\\\/\\\/www.domtar.com\\\/fr\\\/journee-americaine-du-recyclage-rejoignez-lappel-a-la-reduction-des-dechets-et-au-recyclage\\\/#breadcrumb\",\"itemListElement\":[{\"@type\":\"ListItem\",\"position\":1,\"name\":\"Home\",\"item\":\"https:\\\/\\\/www.domtar.com\\\/fr\\\/\"},{\"@type\":\"ListItem\",\"position\":2,\"name\":\"Journ\u00e9e am\u00e9ricaine du recyclage : Rejoignez l&#8217;appel \u00e0 la r\u00e9duction des d\u00e9chets et au recyclage\"}]},{\"@type\":\"WebSite\",\"@id\":\"https:\\\/\\\/www.domtar.com\\\/fr\\\/#website\",\"url\":\"https:\\\/\\\/www.domtar.com\\\/fr\\\/\",\"name\":\"Domtar | The Fiber for the Future\",\"description\":\"The Sustainable Paper, Pulp and Packaging Company\",\"publisher\":{\"@id\":\"https:\\\/\\\/www.domtar.com\\\/fr\\\/#organization\"},\"alternateName\":\"Domtar\",\"potentialAction\":[{\"@type\":\"SearchAction\",\"target\":{\"@type\":\"EntryPoint\",\"urlTemplate\":\"https:\\\/\\\/www.domtar.com\\\/fr\\\/?s={search_term_string}\"},\"query-input\":{\"@type\":\"PropertyValueSpecification\",\"valueRequired\":true,\"valueName\":\"search_term_string\"}}],\"inLanguage\":\"fr-FR\"},{\"@type\":\"Organization\",\"@id\":\"https:\\\/\\\/www.domtar.com\\\/fr\\\/#organization\",\"name\":\"Domtar\",\"url\":\"https:\\\/\\\/www.domtar.com\\\/fr\\\/\",\"logo\":{\"@type\":\"ImageObject\",\"inLanguage\":\"fr-FR\",\"@id\":\"https:\\\/\\\/www.domtar.com\\\/fr\\\/#\\\/schema\\\/logo\\\/image\\\/\",\"url\":\"https:\\\/\\\/www.domtar.com\\\/wp-content\\\/uploads\\\/2023\\\/03\\\/domtar_logo_rgb_green.png\",\"contentUrl\":\"https:\\\/\\\/www.domtar.com\\\/wp-content\\\/uploads\\\/2023\\\/03\\\/domtar_logo_rgb_green.png\",\"width\":1153,\"height\":263,\"caption\":\"Domtar\"},\"image\":{\"@id\":\"https:\\\/\\\/www.domtar.com\\\/fr\\\/#\\\/schema\\\/logo\\\/image\\\/\"},\"sameAs\":[\"https:\\\/\\\/www.facebook.com\\\/DomtarEveryday\\\/\",\"https:\\\/\\\/x.com\\\/DomtarEveryday\",\"https:\\\/\\\/www.linkedin.com\\\/company\\\/domtar\\\/\",\"https:\\\/\\\/www.youtube.com\\\/channel\\\/UCh8Zhq2Rmxhl5Km0krrGoYw\"],\"ethicsPolicy\":\"https:\\\/\\\/www.domtar.com\\\/fr\\\/notre-entreprise\\\/ethique-et-conformite\\\/\"},{\"@type\":\"Person\",\"@id\":\"https:\\\/\\\/www.domtar.com\\\/fr\\\/#\\\/schema\\\/person\\\/163327fa725eb5b7bea579643fd8356e\",\"name\":\"Lauren.Hultz\",\"image\":{\"@type\":\"ImageObject\",\"inLanguage\":\"fr-FR\",\"@id\":\"https:\\\/\\\/secure.gravatar.com\\\/avatar\\\/fdd1b47f44190d37b4501eb0534c2c366d29145004c7ea14fdcba64e5eaf6ebc?s=96&d=mm&r=g\",\"url\":\"https:\\\/\\\/secure.gravatar.com\\\/avatar\\\/fdd1b47f44190d37b4501eb0534c2c366d29145004c7ea14fdcba64e5eaf6ebc?s=96&d=mm&r=g\",\"contentUrl\":\"https:\\\/\\\/secure.gravatar.com\\\/avatar\\\/fdd1b47f44190d37b4501eb0534c2c366d29145004c7ea14fdcba64e5eaf6ebc?s=96&d=mm&r=g\",\"caption\":\"Lauren.Hultz\"}}]}<\/script>\n<!-- \/ Yoast SEO Premium plugin. -->","yoast_head_json":{"title":"Journ\u00e9e am\u00e9ricaine du recyclage : Rejoignez l'appel \u00e0 la r\u00e9duction des d\u00e9chets et au recyclage","description":"Aujourd'hui, c'est la journ\u00e9e du recyclage en Am\u00e9rique. Nous nous joignons \u00e0 l'Agence am\u00e9ricaine de protection de l'environnement pour appeler les Am\u00e9ricains \u00e0 r\u00e9duire leurs d\u00e9chets et \u00e0 recycler.","robots":{"index":"index","follow":"follow","max-snippet":"max-snippet:-1","max-image-preview":"max-image-preview:large","max-video-preview":"max-video-preview:-1"},"canonical":"https:\/\/www.domtar.com\/fr\/journee-americaine-du-recyclage-rejoignez-lappel-a-la-reduction-des-dechets-et-au-recyclage\/","og_locale":"fr_FR","og_type":"article","og_title":"Journ\u00e9e am\u00e9ricaine du recyclage : Rejoignez l'appel \u00e0 la r\u00e9duction des d\u00e9chets et au recyclage","og_description":"Aujourd'hui, c'est la journ\u00e9e du recyclage en Am\u00e9rique. Nous nous joignons \u00e0 l'Agence am\u00e9ricaine de protection de l'environnement pour appeler les Am\u00e9ricains \u00e0 r\u00e9duire leurs d\u00e9chets et \u00e0 recycler.","og_url":"https:\/\/www.domtar.com\/fr\/journee-americaine-du-recyclage-rejoignez-lappel-a-la-reduction-des-dechets-et-au-recyclage\/","og_site_name":"Domtar","article_publisher":"https:\/\/www.facebook.com\/DomtarEveryday\/","article_published_time":"2021-11-15T09:49:13+00:00","og_image":[{"width":2400,"height":1350,"url":"https:\/\/www.domtar.com\/wp-content\/uploads\/2025\/10\/Domtar_sharing_img_2x-min-1.png","type":"image\/png"}],"author":"Lauren.Hultz","twitter_card":"summary_large_image","twitter_creator":"@DomtarEveryday","twitter_site":"@DomtarEveryday","twitter_misc":{"\u00c9crit par":"Lauren.Hultz","Dur\u00e9e de lecture estim\u00e9e":"4 minutes"},"schema":{"@context":"https:\/\/schema.org","@graph":[{"@type":"Article","@id":"https:\/\/www.domtar.com\/fr\/journee-americaine-du-recyclage-rejoignez-lappel-a-la-reduction-des-dechets-et-au-recyclage\/#article","isPartOf":{"@id":"https:\/\/www.domtar.com\/fr\/journee-americaine-du-recyclage-rejoignez-lappel-a-la-reduction-des-dechets-et-au-recyclage\/"},"author":{"name":"Lauren.Hultz","@id":"https:\/\/www.domtar.com\/fr\/#\/schema\/person\/163327fa725eb5b7bea579643fd8356e"},"headline":"Journ\u00e9e am\u00e9ricaine du recyclage : Rejoignez l&rsquo;appel \u00e0 la r\u00e9duction des d\u00e9chets et au recyclage","datePublished":"2021-11-15T09:49:13+00:00","mainEntityOfPage":{"@id":"https:\/\/www.domtar.com\/fr\/journee-americaine-du-recyclage-rejoignez-lappel-a-la-reduction-des-dechets-et-au-recyclage\/"},"wordCount":801,"commentCount":0,"publisher":{"@id":"https:\/\/www.domtar.com\/fr\/#organization"},"keywords":["Journ\u00e9e du recyclage en Am\u00e9rique","papier recycl\u00e9","recyclage"],"articleSection":["Sustainability"],"inLanguage":"fr-FR","potentialAction":[{"@type":"CommentAction","name":"Comment","target":["https:\/\/www.domtar.com\/fr\/journee-americaine-du-recyclage-rejoignez-lappel-a-la-reduction-des-dechets-et-au-recyclage\/#respond"]}]},{"@type":"WebPage","@id":"https:\/\/www.domtar.com\/fr\/journee-americaine-du-recyclage-rejoignez-lappel-a-la-reduction-des-dechets-et-au-recyclage\/","url":"https:\/\/www.domtar.com\/fr\/journee-americaine-du-recyclage-rejoignez-lappel-a-la-reduction-des-dechets-et-au-recyclage\/","name":"Journ\u00e9e am\u00e9ricaine du recyclage : Rejoignez l'appel \u00e0 la r\u00e9duction des d\u00e9chets et au recyclage","isPartOf":{"@id":"https:\/\/www.domtar.com\/fr\/#website"},"datePublished":"2021-11-15T09:49:13+00:00","description":"Aujourd'hui, c'est la journ\u00e9e du recyclage en Am\u00e9rique. Nous nous joignons \u00e0 l'Agence am\u00e9ricaine de protection de l'environnement pour appeler les Am\u00e9ricains \u00e0 r\u00e9duire leurs d\u00e9chets et \u00e0 recycler.","breadcrumb":{"@id":"https:\/\/www.domtar.com\/fr\/journee-americaine-du-recyclage-rejoignez-lappel-a-la-reduction-des-dechets-et-au-recyclage\/#breadcrumb"},"inLanguage":"fr-FR","potentialAction":[{"@type":"ReadAction","target":["https:\/\/www.domtar.com\/fr\/journee-americaine-du-recyclage-rejoignez-lappel-a-la-reduction-des-dechets-et-au-recyclage\/"]}]},{"@type":"BreadcrumbList","@id":"https:\/\/www.domtar.com\/fr\/journee-americaine-du-recyclage-rejoignez-lappel-a-la-reduction-des-dechets-et-au-recyclage\/#breadcrumb","itemListElement":[{"@type":"ListItem","position":1,"name":"Home","item":"https:\/\/www.domtar.com\/fr\/"},{"@type":"ListItem","position":2,"name":"Journ\u00e9e am\u00e9ricaine du recyclage : Rejoignez l&#8217;appel \u00e0 la r\u00e9duction des d\u00e9chets et au recyclage"}]},{"@type":"WebSite","@id":"https:\/\/www.domtar.com\/fr\/#website","url":"https:\/\/www.domtar.com\/fr\/","name":"Domtar | The Fiber for the Future","description":"The Sustainable Paper, Pulp and Packaging Company","publisher":{"@id":"https:\/\/www.domtar.com\/fr\/#organization"},"alternateName":"Domtar","potentialAction":[{"@type":"SearchAction","target":{"@type":"EntryPoint","urlTemplate":"https:\/\/www.domtar.com\/fr\/?s={search_term_string}"},"query-input":{"@type":"PropertyValueSpecification","valueRequired":true,"valueName":"search_term_string"}}],"inLanguage":"fr-FR"},{"@type":"Organization","@id":"https:\/\/www.domtar.com\/fr\/#organization","name":"Domtar","url":"https:\/\/www.domtar.com\/fr\/","logo":{"@type":"ImageObject","inLanguage":"fr-FR","@id":"https:\/\/www.domtar.com\/fr\/#\/schema\/logo\/image\/","url":"https:\/\/www.domtar.com\/wp-content\/uploads\/2023\/03\/domtar_logo_rgb_green.png","contentUrl":"https:\/\/www.domtar.com\/wp-content\/uploads\/2023\/03\/domtar_logo_rgb_green.png","width":1153,"height":263,"caption":"Domtar"},"image":{"@id":"https:\/\/www.domtar.com\/fr\/#\/schema\/logo\/image\/"},"sameAs":["https:\/\/www.facebook.com\/DomtarEveryday\/","https:\/\/x.com\/DomtarEveryday","https:\/\/www.linkedin.com\/company\/domtar\/","https:\/\/www.youtube.com\/channel\/UCh8Zhq2Rmxhl5Km0krrGoYw"],"ethicsPolicy":"https:\/\/www.domtar.com\/fr\/notre-entreprise\/ethique-et-conformite\/"},{"@type":"Person","@id":"https:\/\/www.domtar.com\/fr\/#\/schema\/person\/163327fa725eb5b7bea579643fd8356e","name":"Lauren.Hultz","image":{"@type":"ImageObject","inLanguage":"fr-FR","@id":"https:\/\/secure.gravatar.com\/avatar\/fdd1b47f44190d37b4501eb0534c2c366d29145004c7ea14fdcba64e5eaf6ebc?s=96&d=mm&r=g","url":"https:\/\/secure.gravatar.com\/avatar\/fdd1b47f44190d37b4501eb0534c2c366d29145004c7ea14fdcba64e5eaf6ebc?s=96&d=mm&r=g","contentUrl":"https:\/\/secure.gravatar.com\/avatar\/fdd1b47f44190d37b4501eb0534c2c366d29145004c7ea14fdcba64e5eaf6ebc?s=96&d=mm&r=g","caption":"Lauren.Hultz"}}]}},"_links":{"self":[{"href":"https:\/\/www.domtar.com\/fr\/wp-json\/wp\/v2\/posts\/29820","targetHints":{"allow":["GET"]}}],"collection":[{"href":"https:\/\/www.domtar.com\/fr\/wp-json\/wp\/v2\/posts"}],"about":[{"href":"https:\/\/www.domtar.com\/fr\/wp-json\/wp\/v2\/types\/post"}],"author":[{"embeddable":true,"href":"https:\/\/www.domtar.com\/fr\/wp-json\/wp\/v2\/users\/10"}],"replies":[{"embeddable":true,"href":"https:\/\/www.domtar.com\/fr\/wp-json\/wp\/v2\/comments?post=29820"}],"version-history":[{"count":0,"href":"https:\/\/www.domtar.com\/fr\/wp-json\/wp\/v2\/posts\/29820\/revisions"}],"wp:attachment":[{"href":"https:\/\/www.domtar.com\/fr\/wp-json\/wp\/v2\/media?parent=29820"}],"wp:term":[{"taxonomy":"category","embeddable":true,"href":"https:\/\/www.domtar.com\/fr\/wp-json\/wp\/v2\/categories?post=29820"},{"taxonomy":"post_tag","embeddable":true,"href":"https:\/\/www.domtar.com\/fr\/wp-json\/wp\/v2\/tags?post=29820"}],"curies":[{"name":"wp","href":"https:\/\/api.w.org\/{rel}","templated":true}]}}