{"id":29805,"date":"2021-08-12T11:02:42","date_gmt":"2021-08-12T11:02:42","guid":{"rendered":"https:\/\/www.domtar.com\/retour-a-lecole-retour-en-personne-lutilisation-du-papier-pour-remedier-a-la-perte-dapprentissage-et-a-lequite-academique\/"},"modified":"2021-08-12T11:02:42","modified_gmt":"2021-08-12T11:02:42","slug":"retour-a-lecole-retour-en-personne-lutilisation-du-papier-pour-remedier-a-la-perte-dapprentissage-et-a-lequite-academique","status":"publish","type":"post","link":"https:\/\/www.domtar.com\/fr\/retour-a-lecole-retour-en-personne-lutilisation-du-papier-pour-remedier-a-la-perte-dapprentissage-et-a-lequite-academique\/","title":{"rendered":"Retour \u00e0 l&rsquo;\u00e9cole, retour en personne : L&rsquo;utilisation du papier pour rem\u00e9dier \u00e0 la perte d&rsquo;apprentissage et \u00e0 l&rsquo;\u00e9quit\u00e9 acad\u00e9mique"},"content":{"rendered":"\n<section id=\"immersive_panel_1\" class=\"lc-module section-article-content-block\">\n    <div class=\"lc-module-inner\">\n                <div class=\"article-block-wrapper lc-module-inner fade-bottom\">\n            <div class=\"entry\">\n                <p>De nombreux parents sur le site United States vont bient\u00f4t renvoyer leurs enfants \u00e0 l&rsquo;\u00e9cole &#8211; en personne et \u00e0 plein temps. Les \u00e9l\u00e8ves et les enseignants, qui ne se sont peut-\u00eatre pas vus depuis des mois, devront relever plusieurs d\u00e9fis li\u00e9s \u00e0 la pand\u00e9mie de coronavirus, tels que la perte d&rsquo;apprentissage et les disparit\u00e9s \u00e9conomiques. La bonne nouvelle ? Le papier peut vous aider.   <\/p>\n<p>Les recherches sont mitig\u00e9es quant aux effets de la pand\u00e9mie sur les \u00e9l\u00e8ves, mais <a href=\"https:\/\/www.cnbc.com\/2021\/03\/30\/learning-loss-from-virtual-school-due-to-covid-is-significant-.html\" target=\"_blank\" rel=\"noopener\">dans un sondage r\u00e9alis\u00e9 par la Horace Mann Educators Corporation aupr\u00e8s de 1 000 \u00e9ducateurs des \u00e9coles publiques<\/a>, 97 % des enseignants ont d\u00e9clar\u00e9 avoir constat\u00e9 une certaine perte d&rsquo;apprentissage chez leurs \u00e9l\u00e8ves au cours de l&rsquo;ann\u00e9e \u00e9coul\u00e9e par rapport aux ann\u00e9es pr\u00e9c\u00e9dentes. <a href=\"https:\/\/www.mckinsey.com\/industries\/public-and-social-sector\/our-insights\/covid-19-and-learning-loss-disparities-grow-and-students-need-help\" target=\"_blank\" rel=\"noopener\">Des donn\u00e9es de McKinsey<\/a> datant de d\u00e9cembre 2020 indiquent que les \u00e9l\u00e8ves de couleur accusent un retard d&rsquo;apprentissage de trois \u00e0 cinq mois en raison d&rsquo;un acc\u00e8s plus limit\u00e9 \u00e0 la technologie, \u00e0 l&rsquo;internet et \u00e0 l&rsquo;aide \u00e0 l&rsquo;apprentissage en personne.<\/p>\n<p>La lecture et les math\u00e9matiques sont deux mati\u00e8res qui n\u00e9cessitent beaucoup de papier et qui requi\u00e8rent g\u00e9n\u00e9ralement l&rsquo;acc\u00e8s \u00e0 des manuels, des livres de biblioth\u00e8que et\/ou du papier pour les cahiers. Le papier peut aider \u00e0 combler le foss\u00e9 dans les r\u00e9sultats d&rsquo;apprentissage caus\u00e9 par la pand\u00e9mie et les d\u00e9fis \u00e9conomiques qui en d\u00e9coulent. <\/p>\n            <\/div>\n        <\/div>\n    <\/div>\n<\/section>\n\n<section id=\"immersive_panel_2\" class=\"lc-module section-article-content-block\">\n    <div class=\"lc-module-inner\">\n                <div class=\"article-block-wrapper lc-module-inner fade-bottom\">\n            <div class=\"entry\">\n                <h2>Lire des livres imprim\u00e9s, c&rsquo;est mieux<\/h2>\n<p>Bien que la lecture sur un \u00e9cran num\u00e9rique soit une option, la lecture de livres imprim\u00e9s est meilleure <a href=\"https:\/\/twosidesna.org\/wp-content\/uploads\/sites\/16\/2021\/03\/Literacy-Learning-2021-FINAL2.pdf\">pour la compr\u00e9hension de l&rsquo;apprentissage, la r\u00e9tention d&rsquo;informations et la concentration<\/a>. Cela signifie que les livres imprim\u00e9s peuvent aider \u00e0 r\u00e9soudre la perte d&rsquo;apprentissage plus rapidement que les textes en ligne. <\/p>\n<p>\u00ab\u00a0Le format dans lequel les enfants lisent peut faire une diff\u00e9rence dans la mani\u00e8re dont ils absorbent l&rsquo;information\u00a0\u00bb, <a href=\"https:\/\/www.nytimes.com\/2021\/03\/16\/well\/family\/children-reading-screens-books.html\" target=\"_blank\" rel=\"noopener\">explique le docteur Perri Klass dans le New York Times.<\/a><\/p>\n<p><a href=\"https:\/\/twosidesna.org\/US\/parents-of-students-in-grades-k-through-12-show-overwhelming-preference-for-printed-books-over-digital\/\" target=\"_blank\" rel=\"noopener\">Two Sides North America a r\u00e9cemment partag\u00e9 les r\u00e9sultats<\/a> d&rsquo;un sondage r\u00e9alis\u00e9 par le Book Manufacturers Institute (BMI) aupr\u00e8s de 1 000 parents d&rsquo;\u00e9l\u00e8ves de la maternelle \u00e0 la 12e ann\u00e9e aux \u00c9tats-Unis. Les r\u00e9sultats du sondage montrent que les documents imprim\u00e9s sont essentiels \u00e0 l&rsquo;apprentissage des \u00e9l\u00e8ves. Naomi Baron, professeur \u00e9m\u00e9rite de linguistique \u00e0 l&rsquo;American University, a r\u00e9dig\u00e9 un livre blanc compl\u00e9mentaire command\u00e9 par le BMI pour r\u00e9sumer les recherches r\u00e9centes sur la lecture des documents imprim\u00e9s, la lecture des documents num\u00e9riques et l&rsquo;impact sur l&rsquo;apprentissage.  <\/p>\n<p>Elle a \u00e9crit : \u00ab\u00a0De nombreuses recherches d\u00e9montrent aujourd&rsquo;hui que oui, le support est important pour l&rsquo;apprentissage. Si l&rsquo;imprim\u00e9 et le num\u00e9rique ont tous deux un r\u00f4le \u00e0 jouer, les preuves d\u00e9montrent l&rsquo;importance continue de l&rsquo;imprim\u00e9 pour une lecture soutenue et r\u00e9fl\u00e9chie, qui est essentielle au processus \u00e9ducatif\u00a0\u00bb.<\/p>\n            <\/div>\n        <\/div>\n    <\/div>\n<\/section>\n\n<section id=\"immersive_panel_3\" class=\"lc-module section-article-content-block\">\n    <div class=\"lc-module-inner\">\n                <div class=\"article-block-wrapper lc-module-inner fade-bottom\">\n            <div class=\"entry\">\n                <h2>Le co\u00fbt des fournitures scolaires peut limiter l&rsquo;\u00e9quit\u00e9 acad\u00e9mique<\/h2>\n<p>Selon la <a href=\"https:\/\/nrf.com\/media-center\/press-releases\/2021-brings-back-class-shopping-record-levels\" target=\"_blank\" rel=\"noopener\">National Retail Federation<\/a>, l&rsquo;Am\u00e9ricain moyen devrait d\u00e9penser pr\u00e8s de 850 dollars en fournitures scolaires pour les \u00e9l\u00e8ves de la maternelle \u00e0 la 12e ann\u00e9e en 2021. Le co\u00fbt des fournitures scolaires, y compris des produits en papier, peut entraver la r\u00e9ussite des \u00e9l\u00e8ves, en particulier dans les communaut\u00e9s \u00e0 faible revenu. Cela a \u00e9t\u00e9 particuli\u00e8rement \u00e9vident pendant la pand\u00e9mie, o\u00f9 le manque de fournitures scolaires a entra\u00een\u00e9 une perte d&rsquo;apprentissage pour certains \u00e9l\u00e8ves.  <\/p>\n<p>Selon <a href=\"https:\/\/documentcloud.adobe.com\/link\/track?uri=urn:aaid:scds:US:de59b711-af97-487d-970b-bc93c7e4e22c#pageNum=1\" target=\"_blank\" rel=\"noopener\">la Kids in Need Foundation<\/a>, 90 % des enseignants affirment qu&rsquo;au moins trois \u00e9l\u00e8ves sur quatre arrivent en classe sans les fournitures n\u00e9cessaires, et que ces \u00e9l\u00e8ves n&rsquo;ont probablement pas les bonnes fournitures \u00e0 la maison pour faire leur travail scolaire. En outre, ils indiquent que le fait d&rsquo;avoir des fournitures scolaires augmente la confiance des \u00e9l\u00e8ves, am\u00e9liore leur participation en classe et leur donne plus d&rsquo;opportunit\u00e9s. <\/p>\n<p>C&rsquo;est pourquoi Domtar commandite des collectes de fournitures scolaires dans plusieurs communaut\u00e9s o\u00f9 nos employ\u00e9s vivent et travaillent. Nous avons des partenariats permanents avec des organisations telles que le programme Office Depot Start Proud!\u2122, qui profite directement aux \u00e9tudiants des communaut\u00e9s \u00e0 faible revenu, et Classroom Central \u00e0 Charlotte, N.C., qui fournit des fournitures indispensables aux enseignants, qui paient souvent de leur poche les fournitures pour leurs salles de classe et leurs \u00e9tudiants.<\/p>\n<p>Cette ann\u00e9e, dans le cadre du programme Start Proud ! Domtar a fait don de sacs \u00e0 dos remplis de fournitures scolaires \u00e0 tous les \u00e9l\u00e8ves de l&rsquo;\u00e9cole primaire John F. Long de Phoenix, en Arizona. L&rsquo;entreprise fera \u00e9galement don de sacs \u00e0 dos \u00e0 des \u00e9l\u00e8ves d&rsquo;\u00e9coles de la Floride, du Colorado, du Texas, de la Californie, du Michigan et de la Caroline du Nord cette ann\u00e9e. Au cours des derni\u00e8res ann\u00e9es, Domtar a fait don de plus de 500 000 $ au programme Start Proud ! au cours des derni\u00e8res ann\u00e9es.   <\/p>\n<p>En outre, nos employ\u00e9s participent \u00e0 des collectes de fournitures scolaires \u00e0 notre si\u00e8ge de Fort Mill et \u00e0 Nekoosa Mill, au profit des \u00e9l\u00e8ves qui ont le plus besoin de fournitures scolaires gratuites. Les dons des employ\u00e9s de Fort Mill sont destin\u00e9s \u00e0 Classroom Central, qui soutient pr\u00e8s de 200 \u00e9coles dans six districts scolaires de la r\u00e9gion m\u00e9tropolitaine de Charlotte, o\u00f9 <a href=\"https:\/\/classroomcentral.org\/wp-content\/uploads\/2021\/05\/ClassroomCentral_Stats_5.23.21.pdf\" target=\"_blank\" rel=\"noopener\">un \u00e9l\u00e8ve sur deux arrive \u00e0 l&rsquo;\u00e9cole<\/a> les mains vides. <\/p>\n            <\/div>\n        <\/div>\n    <\/div>\n<\/section>\n\n<section id=\"immersive_panel_4\" class=\"lc-module section-article-content-block\">\n    <div class=\"lc-module-inner\">\n                <div class=\"article-block-wrapper lc-module-inner fade-bottom\">\n            <div class=\"entry\">\n                <h2>Trois fa\u00e7ons de contribuer \u00e0 la lutte contre la perte d&rsquo;apprentissage<\/h2>\n<ol>\n<li>Renseignez-vous aupr\u00e8s des \u00e9coles ou des enseignants de votre r\u00e9gion. Beaucoup d&rsquo;\u00e9coles et d&rsquo;enseignants ont mis en place des listes de souhaits Amazon pour aider \u00e0 fournir \u00e0 leurs classes et \u00e0 leurs \u00e9l\u00e8ves les articles dont ils ont besoin. En outre, certains syst\u00e8mes scolaires recrutent des tuteurs b\u00e9n\u00e9voles.  <\/li>\n<li>Contactez une organisation locale \u00e0 but non lucratif qui peut vous mettre en contact avec les besoins de votre communaut\u00e9 en mati\u00e8re de fournitures ou de tutorat, telle que Centraide.<\/li>\n<li>Cr\u00e9ez des <a href=\"https:\/\/www.howlifeunfolds.com\/support-local-teachers\" target=\"_blank\" rel=\"noopener\">paquets de fournitures en papier en<\/a> suivant les instructions de nos amis de How Life Unfolds\u00ae.<\/li>\n<\/ol>\n            <\/div>\n        <\/div>\n    <\/div>\n<\/section>\n","protected":false},"excerpt":{"rendered":"<p>Saviez-vous que de nombreux \u00e9l\u00e8ves ont subi une perte d&rsquo;apprentissage \u00e0 la suite de la pand\u00e9mie de coronavirus ? Alors que les \u00e9l\u00e8ves reprennent le chemin de l&rsquo;\u00e9cole pour une nouvelle ann\u00e9e, d\u00e9couvrez comment le papier peut contribuer \u00e0 combler le foss\u00e9. <\/p>\n","protected":false},"author":10,"featured_media":0,"comment_status":"open","ping_status":"open","sticky":false,"template":"","format":"standard","meta":{"_acf_changed":false,"_genesis_block_theme_hide_title":false,"footnotes":""},"categories":[982],"tags":[1190,1103,1082,1191,1081,525,1173,1104],"class_list":{"0":"post-29805","1":"post","2":"type-post","3":"status-publish","4":"format-standard","5":"hentry","6":"category-ideas-and-innovation-fr","7":"tag-fournitures-scolaires","8":"tag-le-pouvoir-du-papier","9":"tag-livres-imprimes","10":"tag-office-depot-startproud-fr","11":"tag-papier-et-education","12":"tag-retour-a-lecole","13":"tag-salle-de-classe-centrale","14":"tag-volontariat-et-engagement-communautaire","16":"without-featured-image"},"acf":[],"yoast_head":"<!-- This site is optimized with the Yoast SEO Premium plugin v27.4 (Yoast SEO v27.4) - https:\/\/yoast.com\/product\/yoast-seo-premium-wordpress\/ -->\n<title>Retour \u00e0 l&#039;\u00e9cole, retour en personne : Utiliser le papier pour rem\u00e9dier \u00e0 la perte d&#039;apprentissage<\/title>\n<meta name=\"description\" content=\"Saviez-vous que de nombreux \u00e9tudiants ont subi une perte d&#039;apprentissage \u00e0 la suite de la pand\u00e9mie ? D\u00e9couvrez comment le papier peut aider \u00e0 combler le foss\u00e9.\" \/>\n<meta name=\"robots\" content=\"index, follow, max-snippet:-1, max-image-preview:large, max-video-preview:-1\" \/>\n<link rel=\"canonical\" href=\"https:\/\/www.domtar.com\/fr\/retour-a-lecole-retour-en-personne-lutilisation-du-papier-pour-remedier-a-la-perte-dapprentissage-et-a-lequite-academique\/\" \/>\n<meta property=\"og:locale\" content=\"fr_FR\" \/>\n<meta property=\"og:type\" content=\"article\" \/>\n<meta property=\"og:title\" content=\"Retour \u00e0 l&#039;\u00e9cole, retour en personne : L&#039;utilisation du papier pour rem\u00e9dier \u00e0 la perte d&#039;apprentissage et \u00e0 l&#039;\u00e9quit\u00e9 acad\u00e9mique\" \/>\n<meta property=\"og:description\" content=\"Saviez-vous que de nombreux \u00e9tudiants ont subi une perte d&#039;apprentissage \u00e0 la suite de la pand\u00e9mie ? D\u00e9couvrez comment le papier peut aider \u00e0 combler le foss\u00e9.\" \/>\n<meta property=\"og:url\" content=\"https:\/\/www.domtar.com\/fr\/retour-a-lecole-retour-en-personne-lutilisation-du-papier-pour-remedier-a-la-perte-dapprentissage-et-a-lequite-academique\/\" \/>\n<meta property=\"og:site_name\" content=\"Domtar\" \/>\n<meta property=\"article:publisher\" content=\"https:\/\/www.facebook.com\/DomtarEveryday\/\" \/>\n<meta property=\"article:published_time\" content=\"2021-08-12T11:02:42+00:00\" \/>\n<meta property=\"og:image\" content=\"https:\/\/www.domtar.com\/wp-content\/uploads\/2025\/10\/Domtar_sharing_img_2x-min-1.png\" \/>\n\t<meta property=\"og:image:width\" content=\"2400\" \/>\n\t<meta property=\"og:image:height\" content=\"1350\" \/>\n\t<meta property=\"og:image:type\" content=\"image\/png\" \/>\n<meta name=\"author\" content=\"Lauren.Hultz\" \/>\n<meta name=\"twitter:card\" content=\"summary_large_image\" \/>\n<meta name=\"twitter:creator\" content=\"@DomtarEveryday\" \/>\n<meta name=\"twitter:site\" content=\"@DomtarEveryday\" \/>\n<meta name=\"twitter:label1\" content=\"\u00c9crit par\" \/>\n\t<meta name=\"twitter:data1\" content=\"Lauren.Hultz\" \/>\n\t<meta name=\"twitter:label2\" content=\"Dur\u00e9e de lecture estim\u00e9e\" \/>\n\t<meta name=\"twitter:data2\" content=\"5 minutes\" \/>\n<script type=\"application\/ld+json\" class=\"yoast-schema-graph\">{\"@context\":\"https:\\\/\\\/schema.org\",\"@graph\":[{\"@type\":\"Article\",\"@id\":\"https:\\\/\\\/www.domtar.com\\\/fr\\\/retour-a-lecole-retour-en-personne-lutilisation-du-papier-pour-remedier-a-la-perte-dapprentissage-et-a-lequite-academique\\\/#article\",\"isPartOf\":{\"@id\":\"https:\\\/\\\/www.domtar.com\\\/fr\\\/retour-a-lecole-retour-en-personne-lutilisation-du-papier-pour-remedier-a-la-perte-dapprentissage-et-a-lequite-academique\\\/\"},\"author\":{\"name\":\"Lauren.Hultz\",\"@id\":\"https:\\\/\\\/www.domtar.com\\\/fr\\\/#\\\/schema\\\/person\\\/163327fa725eb5b7bea579643fd8356e\"},\"headline\":\"Retour \u00e0 l&rsquo;\u00e9cole, retour en personne : L&rsquo;utilisation du papier pour rem\u00e9dier \u00e0 la perte d&rsquo;apprentissage et \u00e0 l&rsquo;\u00e9quit\u00e9 acad\u00e9mique\",\"datePublished\":\"2021-08-12T11:02:42+00:00\",\"mainEntityOfPage\":{\"@id\":\"https:\\\/\\\/www.domtar.com\\\/fr\\\/retour-a-lecole-retour-en-personne-lutilisation-du-papier-pour-remedier-a-la-perte-dapprentissage-et-a-lequite-academique\\\/\"},\"wordCount\":1063,\"commentCount\":0,\"publisher\":{\"@id\":\"https:\\\/\\\/www.domtar.com\\\/fr\\\/#organization\"},\"keywords\":[\"fournitures scolaires\",\"le pouvoir du papier\",\"livres imprim\u00e9s\",\"Office Depot StartProud\",\"papier et \u00e9ducation\",\"Retour \u00e0 l'\u00e9cole\",\"Salle de classe centrale\",\"Volontariat et engagement communautaire\"],\"articleSection\":[\"Ideas and Innovation\"],\"inLanguage\":\"fr-FR\",\"potentialAction\":[{\"@type\":\"CommentAction\",\"name\":\"Comment\",\"target\":[\"https:\\\/\\\/www.domtar.com\\\/fr\\\/retour-a-lecole-retour-en-personne-lutilisation-du-papier-pour-remedier-a-la-perte-dapprentissage-et-a-lequite-academique\\\/#respond\"]}]},{\"@type\":\"WebPage\",\"@id\":\"https:\\\/\\\/www.domtar.com\\\/fr\\\/retour-a-lecole-retour-en-personne-lutilisation-du-papier-pour-remedier-a-la-perte-dapprentissage-et-a-lequite-academique\\\/\",\"url\":\"https:\\\/\\\/www.domtar.com\\\/fr\\\/retour-a-lecole-retour-en-personne-lutilisation-du-papier-pour-remedier-a-la-perte-dapprentissage-et-a-lequite-academique\\\/\",\"name\":\"Retour \u00e0 l'\u00e9cole, retour en personne : Utiliser le papier pour rem\u00e9dier \u00e0 la perte d'apprentissage\",\"isPartOf\":{\"@id\":\"https:\\\/\\\/www.domtar.com\\\/fr\\\/#website\"},\"datePublished\":\"2021-08-12T11:02:42+00:00\",\"description\":\"Saviez-vous que de nombreux \u00e9tudiants ont subi une perte d'apprentissage \u00e0 la suite de la pand\u00e9mie ? D\u00e9couvrez comment le papier peut aider \u00e0 combler le foss\u00e9.\",\"breadcrumb\":{\"@id\":\"https:\\\/\\\/www.domtar.com\\\/fr\\\/retour-a-lecole-retour-en-personne-lutilisation-du-papier-pour-remedier-a-la-perte-dapprentissage-et-a-lequite-academique\\\/#breadcrumb\"},\"inLanguage\":\"fr-FR\",\"potentialAction\":[{\"@type\":\"ReadAction\",\"target\":[\"https:\\\/\\\/www.domtar.com\\\/fr\\\/retour-a-lecole-retour-en-personne-lutilisation-du-papier-pour-remedier-a-la-perte-dapprentissage-et-a-lequite-academique\\\/\"]}]},{\"@type\":\"BreadcrumbList\",\"@id\":\"https:\\\/\\\/www.domtar.com\\\/fr\\\/retour-a-lecole-retour-en-personne-lutilisation-du-papier-pour-remedier-a-la-perte-dapprentissage-et-a-lequite-academique\\\/#breadcrumb\",\"itemListElement\":[{\"@type\":\"ListItem\",\"position\":1,\"name\":\"Home\",\"item\":\"https:\\\/\\\/www.domtar.com\\\/fr\\\/\"},{\"@type\":\"ListItem\",\"position\":2,\"name\":\"Retour \u00e0 l&#8217;\u00e9cole, retour en personne : L&#8217;utilisation du papier pour rem\u00e9dier \u00e0 la perte d&#8217;apprentissage et \u00e0 l&#8217;\u00e9quit\u00e9 acad\u00e9mique\"}]},{\"@type\":\"WebSite\",\"@id\":\"https:\\\/\\\/www.domtar.com\\\/fr\\\/#website\",\"url\":\"https:\\\/\\\/www.domtar.com\\\/fr\\\/\",\"name\":\"Domtar | The Fiber for the Future\",\"description\":\"The Sustainable Paper, Pulp and Packaging Company\",\"publisher\":{\"@id\":\"https:\\\/\\\/www.domtar.com\\\/fr\\\/#organization\"},\"alternateName\":\"Domtar\",\"potentialAction\":[{\"@type\":\"SearchAction\",\"target\":{\"@type\":\"EntryPoint\",\"urlTemplate\":\"https:\\\/\\\/www.domtar.com\\\/fr\\\/?s={search_term_string}\"},\"query-input\":{\"@type\":\"PropertyValueSpecification\",\"valueRequired\":true,\"valueName\":\"search_term_string\"}}],\"inLanguage\":\"fr-FR\"},{\"@type\":\"Organization\",\"@id\":\"https:\\\/\\\/www.domtar.com\\\/fr\\\/#organization\",\"name\":\"Domtar\",\"url\":\"https:\\\/\\\/www.domtar.com\\\/fr\\\/\",\"logo\":{\"@type\":\"ImageObject\",\"inLanguage\":\"fr-FR\",\"@id\":\"https:\\\/\\\/www.domtar.com\\\/fr\\\/#\\\/schema\\\/logo\\\/image\\\/\",\"url\":\"https:\\\/\\\/www.domtar.com\\\/wp-content\\\/uploads\\\/2023\\\/03\\\/domtar_logo_rgb_green.png\",\"contentUrl\":\"https:\\\/\\\/www.domtar.com\\\/wp-content\\\/uploads\\\/2023\\\/03\\\/domtar_logo_rgb_green.png\",\"width\":1153,\"height\":263,\"caption\":\"Domtar\"},\"image\":{\"@id\":\"https:\\\/\\\/www.domtar.com\\\/fr\\\/#\\\/schema\\\/logo\\\/image\\\/\"},\"sameAs\":[\"https:\\\/\\\/www.facebook.com\\\/DomtarEveryday\\\/\",\"https:\\\/\\\/x.com\\\/DomtarEveryday\",\"https:\\\/\\\/www.linkedin.com\\\/company\\\/domtar\\\/\",\"https:\\\/\\\/www.youtube.com\\\/channel\\\/UCh8Zhq2Rmxhl5Km0krrGoYw\"],\"ethicsPolicy\":\"https:\\\/\\\/www.domtar.com\\\/fr\\\/notre-entreprise\\\/ethique-et-conformite\\\/\"},{\"@type\":\"Person\",\"@id\":\"https:\\\/\\\/www.domtar.com\\\/fr\\\/#\\\/schema\\\/person\\\/163327fa725eb5b7bea579643fd8356e\",\"name\":\"Lauren.Hultz\",\"image\":{\"@type\":\"ImageObject\",\"inLanguage\":\"fr-FR\",\"@id\":\"https:\\\/\\\/secure.gravatar.com\\\/avatar\\\/fdd1b47f44190d37b4501eb0534c2c366d29145004c7ea14fdcba64e5eaf6ebc?s=96&d=mm&r=g\",\"url\":\"https:\\\/\\\/secure.gravatar.com\\\/avatar\\\/fdd1b47f44190d37b4501eb0534c2c366d29145004c7ea14fdcba64e5eaf6ebc?s=96&d=mm&r=g\",\"contentUrl\":\"https:\\\/\\\/secure.gravatar.com\\\/avatar\\\/fdd1b47f44190d37b4501eb0534c2c366d29145004c7ea14fdcba64e5eaf6ebc?s=96&d=mm&r=g\",\"caption\":\"Lauren.Hultz\"}}]}<\/script>\n<!-- \/ Yoast SEO Premium plugin. -->","yoast_head_json":{"title":"Retour \u00e0 l'\u00e9cole, retour en personne : Utiliser le papier pour rem\u00e9dier \u00e0 la perte d'apprentissage","description":"Saviez-vous que de nombreux \u00e9tudiants ont subi une perte d'apprentissage \u00e0 la suite de la pand\u00e9mie ? D\u00e9couvrez comment le papier peut aider \u00e0 combler le foss\u00e9.","robots":{"index":"index","follow":"follow","max-snippet":"max-snippet:-1","max-image-preview":"max-image-preview:large","max-video-preview":"max-video-preview:-1"},"canonical":"https:\/\/www.domtar.com\/fr\/retour-a-lecole-retour-en-personne-lutilisation-du-papier-pour-remedier-a-la-perte-dapprentissage-et-a-lequite-academique\/","og_locale":"fr_FR","og_type":"article","og_title":"Retour \u00e0 l'\u00e9cole, retour en personne : L'utilisation du papier pour rem\u00e9dier \u00e0 la perte d'apprentissage et \u00e0 l'\u00e9quit\u00e9 acad\u00e9mique","og_description":"Saviez-vous que de nombreux \u00e9tudiants ont subi une perte d'apprentissage \u00e0 la suite de la pand\u00e9mie ? D\u00e9couvrez comment le papier peut aider \u00e0 combler le foss\u00e9.","og_url":"https:\/\/www.domtar.com\/fr\/retour-a-lecole-retour-en-personne-lutilisation-du-papier-pour-remedier-a-la-perte-dapprentissage-et-a-lequite-academique\/","og_site_name":"Domtar","article_publisher":"https:\/\/www.facebook.com\/DomtarEveryday\/","article_published_time":"2021-08-12T11:02:42+00:00","og_image":[{"width":2400,"height":1350,"url":"https:\/\/www.domtar.com\/wp-content\/uploads\/2025\/10\/Domtar_sharing_img_2x-min-1.png","type":"image\/png"}],"author":"Lauren.Hultz","twitter_card":"summary_large_image","twitter_creator":"@DomtarEveryday","twitter_site":"@DomtarEveryday","twitter_misc":{"\u00c9crit par":"Lauren.Hultz","Dur\u00e9e de lecture estim\u00e9e":"5 minutes"},"schema":{"@context":"https:\/\/schema.org","@graph":[{"@type":"Article","@id":"https:\/\/www.domtar.com\/fr\/retour-a-lecole-retour-en-personne-lutilisation-du-papier-pour-remedier-a-la-perte-dapprentissage-et-a-lequite-academique\/#article","isPartOf":{"@id":"https:\/\/www.domtar.com\/fr\/retour-a-lecole-retour-en-personne-lutilisation-du-papier-pour-remedier-a-la-perte-dapprentissage-et-a-lequite-academique\/"},"author":{"name":"Lauren.Hultz","@id":"https:\/\/www.domtar.com\/fr\/#\/schema\/person\/163327fa725eb5b7bea579643fd8356e"},"headline":"Retour \u00e0 l&rsquo;\u00e9cole, retour en personne : L&rsquo;utilisation du papier pour rem\u00e9dier \u00e0 la perte d&rsquo;apprentissage et \u00e0 l&rsquo;\u00e9quit\u00e9 acad\u00e9mique","datePublished":"2021-08-12T11:02:42+00:00","mainEntityOfPage":{"@id":"https:\/\/www.domtar.com\/fr\/retour-a-lecole-retour-en-personne-lutilisation-du-papier-pour-remedier-a-la-perte-dapprentissage-et-a-lequite-academique\/"},"wordCount":1063,"commentCount":0,"publisher":{"@id":"https:\/\/www.domtar.com\/fr\/#organization"},"keywords":["fournitures scolaires","le pouvoir du papier","livres imprim\u00e9s","Office Depot StartProud","papier et \u00e9ducation","Retour \u00e0 l'\u00e9cole","Salle de classe centrale","Volontariat et engagement communautaire"],"articleSection":["Ideas and Innovation"],"inLanguage":"fr-FR","potentialAction":[{"@type":"CommentAction","name":"Comment","target":["https:\/\/www.domtar.com\/fr\/retour-a-lecole-retour-en-personne-lutilisation-du-papier-pour-remedier-a-la-perte-dapprentissage-et-a-lequite-academique\/#respond"]}]},{"@type":"WebPage","@id":"https:\/\/www.domtar.com\/fr\/retour-a-lecole-retour-en-personne-lutilisation-du-papier-pour-remedier-a-la-perte-dapprentissage-et-a-lequite-academique\/","url":"https:\/\/www.domtar.com\/fr\/retour-a-lecole-retour-en-personne-lutilisation-du-papier-pour-remedier-a-la-perte-dapprentissage-et-a-lequite-academique\/","name":"Retour \u00e0 l'\u00e9cole, retour en personne : Utiliser le papier pour rem\u00e9dier \u00e0 la perte d'apprentissage","isPartOf":{"@id":"https:\/\/www.domtar.com\/fr\/#website"},"datePublished":"2021-08-12T11:02:42+00:00","description":"Saviez-vous que de nombreux \u00e9tudiants ont subi une perte d'apprentissage \u00e0 la suite de la pand\u00e9mie ? D\u00e9couvrez comment le papier peut aider \u00e0 combler le foss\u00e9.","breadcrumb":{"@id":"https:\/\/www.domtar.com\/fr\/retour-a-lecole-retour-en-personne-lutilisation-du-papier-pour-remedier-a-la-perte-dapprentissage-et-a-lequite-academique\/#breadcrumb"},"inLanguage":"fr-FR","potentialAction":[{"@type":"ReadAction","target":["https:\/\/www.domtar.com\/fr\/retour-a-lecole-retour-en-personne-lutilisation-du-papier-pour-remedier-a-la-perte-dapprentissage-et-a-lequite-academique\/"]}]},{"@type":"BreadcrumbList","@id":"https:\/\/www.domtar.com\/fr\/retour-a-lecole-retour-en-personne-lutilisation-du-papier-pour-remedier-a-la-perte-dapprentissage-et-a-lequite-academique\/#breadcrumb","itemListElement":[{"@type":"ListItem","position":1,"name":"Home","item":"https:\/\/www.domtar.com\/fr\/"},{"@type":"ListItem","position":2,"name":"Retour \u00e0 l&#8217;\u00e9cole, retour en personne : L&#8217;utilisation du papier pour rem\u00e9dier \u00e0 la perte d&#8217;apprentissage et \u00e0 l&#8217;\u00e9quit\u00e9 acad\u00e9mique"}]},{"@type":"WebSite","@id":"https:\/\/www.domtar.com\/fr\/#website","url":"https:\/\/www.domtar.com\/fr\/","name":"Domtar | The Fiber for the Future","description":"The Sustainable Paper, Pulp and Packaging Company","publisher":{"@id":"https:\/\/www.domtar.com\/fr\/#organization"},"alternateName":"Domtar","potentialAction":[{"@type":"SearchAction","target":{"@type":"EntryPoint","urlTemplate":"https:\/\/www.domtar.com\/fr\/?s={search_term_string}"},"query-input":{"@type":"PropertyValueSpecification","valueRequired":true,"valueName":"search_term_string"}}],"inLanguage":"fr-FR"},{"@type":"Organization","@id":"https:\/\/www.domtar.com\/fr\/#organization","name":"Domtar","url":"https:\/\/www.domtar.com\/fr\/","logo":{"@type":"ImageObject","inLanguage":"fr-FR","@id":"https:\/\/www.domtar.com\/fr\/#\/schema\/logo\/image\/","url":"https:\/\/www.domtar.com\/wp-content\/uploads\/2023\/03\/domtar_logo_rgb_green.png","contentUrl":"https:\/\/www.domtar.com\/wp-content\/uploads\/2023\/03\/domtar_logo_rgb_green.png","width":1153,"height":263,"caption":"Domtar"},"image":{"@id":"https:\/\/www.domtar.com\/fr\/#\/schema\/logo\/image\/"},"sameAs":["https:\/\/www.facebook.com\/DomtarEveryday\/","https:\/\/x.com\/DomtarEveryday","https:\/\/www.linkedin.com\/company\/domtar\/","https:\/\/www.youtube.com\/channel\/UCh8Zhq2Rmxhl5Km0krrGoYw"],"ethicsPolicy":"https:\/\/www.domtar.com\/fr\/notre-entreprise\/ethique-et-conformite\/"},{"@type":"Person","@id":"https:\/\/www.domtar.com\/fr\/#\/schema\/person\/163327fa725eb5b7bea579643fd8356e","name":"Lauren.Hultz","image":{"@type":"ImageObject","inLanguage":"fr-FR","@id":"https:\/\/secure.gravatar.com\/avatar\/fdd1b47f44190d37b4501eb0534c2c366d29145004c7ea14fdcba64e5eaf6ebc?s=96&d=mm&r=g","url":"https:\/\/secure.gravatar.com\/avatar\/fdd1b47f44190d37b4501eb0534c2c366d29145004c7ea14fdcba64e5eaf6ebc?s=96&d=mm&r=g","contentUrl":"https:\/\/secure.gravatar.com\/avatar\/fdd1b47f44190d37b4501eb0534c2c366d29145004c7ea14fdcba64e5eaf6ebc?s=96&d=mm&r=g","caption":"Lauren.Hultz"}}]}},"_links":{"self":[{"href":"https:\/\/www.domtar.com\/fr\/wp-json\/wp\/v2\/posts\/29805","targetHints":{"allow":["GET"]}}],"collection":[{"href":"https:\/\/www.domtar.com\/fr\/wp-json\/wp\/v2\/posts"}],"about":[{"href":"https:\/\/www.domtar.com\/fr\/wp-json\/wp\/v2\/types\/post"}],"author":[{"embeddable":true,"href":"https:\/\/www.domtar.com\/fr\/wp-json\/wp\/v2\/users\/10"}],"replies":[{"embeddable":true,"href":"https:\/\/www.domtar.com\/fr\/wp-json\/wp\/v2\/comments?post=29805"}],"version-history":[{"count":0,"href":"https:\/\/www.domtar.com\/fr\/wp-json\/wp\/v2\/posts\/29805\/revisions"}],"wp:attachment":[{"href":"https:\/\/www.domtar.com\/fr\/wp-json\/wp\/v2\/media?parent=29805"}],"wp:term":[{"taxonomy":"category","embeddable":true,"href":"https:\/\/www.domtar.com\/fr\/wp-json\/wp\/v2\/categories?post=29805"},{"taxonomy":"post_tag","embeddable":true,"href":"https:\/\/www.domtar.com\/fr\/wp-json\/wp\/v2\/tags?post=29805"}],"curies":[{"name":"wp","href":"https:\/\/api.w.org\/{rel}","templated":true}]}}