{"id":29693,"date":"2022-10-05T10:26:08","date_gmt":"2022-10-05T10:26:08","guid":{"rendered":"https:\/\/www.domtar.com\/la-journee-de-la-fabrication-met-laccent-sur-la-formation-professionnelle\/"},"modified":"2022-10-05T10:26:08","modified_gmt":"2022-10-05T10:26:08","slug":"la-journee-de-la-fabrication-met-laccent-sur-la-formation-professionnelle","status":"publish","type":"post","link":"https:\/\/www.domtar.com\/fr\/la-journee-de-la-fabrication-met-laccent-sur-la-formation-professionnelle\/","title":{"rendered":"La journ\u00e9e de la fabrication met l&rsquo;accent sur la formation professionnelle"},"content":{"rendered":"\n<section id=\"immersive_panel_1\" class=\"lc-module section-article-content-block\">\n    <div class=\"lc-module-inner\">\n                <div class=\"article-block-wrapper lc-module-inner fade-bottom\">\n            <div class=\"entry\">\n                <h6 style=\"text-align: center;\">Sur la photo : Domtar fait un don de 100 000 dollars pour aider \u00e0 financer le centre d&rsquo;apprentissage et de technologie d&rsquo;ing\u00e9nierie de fabrication avanc\u00e9e au Mid-State Technical College de Stevens Point, dans le Wisconsin.<\/h6>\n<p><a href=\"https:\/\/mfgday.com\/\" target=\"_blank\" rel=\"noopener\">La journ\u00e9e de la fabrication<\/a> met en lumi\u00e8re les possibilit\u00e9s de carri\u00e8re pour les cr\u00e9ateurs de toutes sortes et les programmes de formation \u00e0 la fabrication qui peuvent les aider \u00e0 r\u00e9ussir. Cet \u00e9v\u00e9nement annuel, parrain\u00e9 par la <a href=\"https:\/\/www.nam.org\/\" target=\"_blank\" rel=\"noopener\">National Association of Manufacturing<\/a>, attire l&rsquo;attention sur les formations professionnelles et les offres d&#8217;emploi pour les jeunes qui envisagent un avenir dans l&rsquo;industrie manufacturi\u00e8re. <\/p>\n<p>Un exemple chez Domtar est le travail que notre <a href=\"https:\/\/www.domtar.com\/en\/who-we-are\/all-locations\/nekoosa-mill\" target=\"_blank\" rel=\"noopener\">usine de Nekoosa<\/a> fait avec le <a href=\"https:\/\/www.mstc.edu\/\" target=\"_blank\" rel=\"noopener\">Mid-State Technical College<\/a> pour offrir aux \u00e9tudiants une formation professionnelle dans une vari\u00e9t\u00e9 de domaines.<\/p>\n<p>Au d\u00e9but de l&rsquo;ann\u00e9e, Domtar a fait un don de 100 000 dollars pour aider \u00e0 financer le centre d&rsquo;apprentissage et de technologie de fabrication avanc\u00e9e de l&rsquo;\u00e9cole \u00e0 Stevens Point, dans le Wisconsin.<\/p>\n<p>Le nouvel \u00e9tablissement de 50 000 pieds carr\u00e9s devrait ouvrir ses portes \u00e0 la fin de 2023 ou au d\u00e9but de 2024. Il devrait offrir une formation professionnelle \u00e0 plus de 1 500 personnes par an. Le centre offrira des programmes avanc\u00e9s aux \u00e9tudiants des coll\u00e8ges techniques traditionnels et aux \u00e9l\u00e8ves des \u00e9coles secondaires, une formation pour les travailleurs en place et des d\u00e9monstrations de nouveaux \u00e9quipements et d&rsquo;avanc\u00e9es technologiques.  <\/p>\n<p>\u00ab\u00a0Domtar est fier d&rsquo;investir dans sa main-d&rsquo;\u0153uvre actuelle et future aux c\u00f4t\u00e9s du Mid-State Technical College \u00ab\u00a0, d\u00e9clare Jason McCauley, directeur de l&rsquo;usine. \u00ab\u00a0Le d\u00e9veloppement des comp\u00e9tences pour la fabrication du 21e si\u00e8cle aidera notre entreprise, notre industrie et nos communaut\u00e9s \u00e0 prosp\u00e9rer \u00e0 l&rsquo;avenir. Nous sommes impatients de voir comment cette formation professionnelle de haut niveau va \u00e9largir les opportunit\u00e9s pour les \u00e9tudiants et les travailleurs actuels dans toute notre r\u00e9gion.\u00a0\u00bb <\/p>\n<p>\u00ab\u00a0La g\u00e9n\u00e9reuse contribution de Domtar au projet de centre d&rsquo;apprentissage et de technologie d&rsquo;ing\u00e9nierie de fabrication avanc\u00e9e est l&rsquo;exemple parfait de la collaboration d&rsquo;organisations au service de la communaut\u00e9 pour assurer la vitalit\u00e9 du centre du Wisconsin aujourd&rsquo;hui et \u00e0 l&rsquo;avenir\u00a0\u00bb, d\u00e9clare Bobbi Damrow, directrice de la campagne du centre AMETA et vice-pr\u00e9sidente du d\u00e9veloppement de la main-d&rsquo;\u0153uvre et des relations avec la communaut\u00e9 de l&rsquo;universit\u00e9 Mid-State. \u00ab\u00a0Ce projet permettra de dispenser un enseignement et une formation pour un certain nombre de professions tr\u00e8s demand\u00e9es, ce qui cr\u00e9era un solide vivier de talents pertinents et qualifi\u00e9s, avec des possibilit\u00e9s d&rsquo;excellentes carri\u00e8res permettant de subvenir aux besoins des familles dans la r\u00e9gion. <\/p>\n<p>Plusieurs \u00e9tudiants de Mid-State se voient aujourd&rsquo;hui proposer un apprentissage de plusieurs ann\u00e9es \u00e0 notre usine de Nekoosa apr\u00e8s une formation professionnelle. Ils ont ensuite la possibilit\u00e9 d&rsquo;\u00eatre embauch\u00e9s \u00e0 temps plein. <\/p>\n<p>\u00ab\u00a0Bon nombre de nos apprentis en maintenance ont obtenu un dipl\u00f4me en automatisation et instrumentation ou un dipl\u00f4me de technicien en m\u00e9canique industrielle\u00a0\u00bb, explique Tom Hintz, planificateur de la maintenance \u00e0 l&rsquo;usine. \u00ab\u00a0Le programme d&rsquo;apprentissage les aide \u00e0 mettre en pratique ce qui est enseign\u00e9 en classe et \u00e0 consolider les comp\u00e9tences n\u00e9cessaires pour r\u00e9ussir dans leur m\u00e9tier.\u00a0\u00bb <\/p>\n<p>Selon M. Hintz, il est important pour les apprentis d&rsquo;\u00eatre expos\u00e9s \u00e0 une grande vari\u00e9t\u00e9 d&rsquo;\u00e9quipements dans l&rsquo;usine et d&rsquo;apprendre aupr\u00e8s d&rsquo;hommes de m\u00e9tier exp\u00e9riment\u00e9s.<\/p>\n<p>Andrew Melvin, compagnon m\u00e9canicien-monteur \u00e0 Nekoosa, a r\u00e9cemment termin\u00e9 le programme d&rsquo;apprentissage de Mid-State et a travaill\u00e9 comme stagiaire d&rsquo;\u00e9t\u00e9 \u00e0 l&rsquo;usine, o\u00f9 il a re\u00e7u une formation professionnelle pr\u00e9cieuse. Il affirme que l&rsquo;apprentissage sur le tas lui a donn\u00e9 plus de confiance en lui et lui a permis d&rsquo;acqu\u00e9rir des comp\u00e9tences au quotidien. <\/p>\n<p>\u00ab\u00a0Il est int\u00e9ressant de r\u00e9soudre des probl\u00e8mes et de faire preuve d&rsquo;ing\u00e9niosit\u00e9 dans des t\u00e2ches difficiles tout au long de la journ\u00e9e de travail\u00a0\u00bb, d\u00e9clare-t-il. \u00ab\u00a0Il a \u00e9t\u00e9 utile d&rsquo;apprendre qu&rsquo;il est normal de ne pas tout savoir, mais qu&rsquo;il est utile de savoir o\u00f9 trouver la r\u00e9ponse. <\/p>\n<p>Melvin dit qu&rsquo;il aimerait travailler dans les m\u00e9tiers pour les prochaines ann\u00e9es et ensuite s&rsquo;orienter vers une carri\u00e8re connexe qui utilise ses comp\u00e9tences.<\/p>\n<p>Domtar est fi\u00e8re d&rsquo;appuyer les jeunes dans leur poursuite de carri\u00e8res manufacturi\u00e8res et de formations professionnelles connexes. Voici quelques autres \u00e9v\u00e9nements et programmes parrain\u00e9s par nos \u00e9tablissements dans le cadre de ce mois consacr\u00e9 \u00e0 la fabrication : <\/p>\n<ul>\n<li>Le 5 octobre, Nekoosa accueillera deux groupes du North Central Wisconsin Heavy Metal Bus Tour, qui permet \u00e0 des \u00e9l\u00e8ves de huiti\u00e8me ann\u00e9e du centre et du nord du Wisconsin de d\u00e9couvrir des installations de fabrication.<\/li>\n<li>Notre usine de transformation de Rock Hill (S.C.) accueille des \u00e9tudiants de l&rsquo;Applied Technology Center, qui accueille des lyc\u00e9ens int\u00e9ress\u00e9s par des carri\u00e8res dans les m\u00e9tiers, pour une visite et un d\u00e9jeuner le 12 octobre.<\/li>\n<li>Notre site EAM de Jesup, en G\u00e9orgie, accueille le 13 octobre une classe de formation en alternance du lyc\u00e9e du comt\u00e9 de Wayne.<\/li>\n<li>Le 26 octobre, le moulin de Johnsonburg, en Pennsylvanie, accueillera un groupe de 15 \u00e9l\u00e8ves d&rsquo;un lyc\u00e9e local.<\/li>\n<li>Notre usine de Hawesville accueille plus de 100 \u00e9l\u00e8ves de neuvi\u00e8me ann\u00e9e de l&rsquo;\u00e9cole secondaire du comt\u00e9 de Hancock le 27 octobre pour visiter le parc \u00e0 bois et la machine \u00e0 papier et \u00e9couter les t\u00e9moignages d&rsquo;un \u00e9lectricien, d&rsquo;un m\u00e9canicien, d&rsquo;un superviseur et d&rsquo;un ing\u00e9nieur.<\/li>\n<\/ul>\n            <\/div>\n        <\/div>\n    <\/div>\n<\/section>\n","protected":false},"excerpt":{"rendered":"<p>La formation professionnelle, les stages et les apprentissages aident les \u00e9tudiants \u00e0 explorer les carri\u00e8res manufacturi\u00e8res chez Domtar. D\u00e9couvrez pourquoi et apprenez comment nous c\u00e9l\u00e9brons la Journ\u00e9e de la fabrication le 7 octobre et tout au long du mois. <\/p>\n","protected":false},"author":10,"featured_media":0,"comment_status":"open","ping_status":"open","sticky":false,"template":"","format":"standard","meta":{"_acf_changed":false,"_genesis_block_theme_hide_title":false,"footnotes":""},"categories":[984],"tags":[1045,477,1121,1070],"class_list":{"0":"post-29693","1":"post","2":"type-post","3":"status-publish","4":"format-standard","5":"hentry","6":"category-industry-insights-fr","7":"tag-carrieres","8":"tag-fabrication","9":"tag-journee-de-la-fabrication","10":"tag-moulin-de-nekoosa","12":"without-featured-image"},"acf":[],"yoast_head":"<!-- This site is optimized with the Yoast SEO Premium plugin v27.4 (Yoast SEO v27.5) - https:\/\/yoast.com\/product\/yoast-seo-premium-wordpress\/ -->\n<title>La journ\u00e9e de la fabrication met l&#039;accent sur la formation professionnelle<\/title>\n<meta name=\"description\" content=\"La formation professionnelle, les stages et les apprentissages permettent aux \u00e9tudiants d&#039;explorer les carri\u00e8res manufacturi\u00e8res chez Domtar. Renseignez-vous sur nos programmes :\" \/>\n<meta name=\"robots\" content=\"index, follow, max-snippet:-1, max-image-preview:large, max-video-preview:-1\" \/>\n<link rel=\"canonical\" href=\"https:\/\/www.domtar.com\/fr\/la-journee-de-la-fabrication-met-laccent-sur-la-formation-professionnelle\/\" \/>\n<meta property=\"og:locale\" content=\"fr_FR\" \/>\n<meta property=\"og:type\" content=\"article\" \/>\n<meta property=\"og:title\" content=\"La journ\u00e9e de la fabrication met l&#039;accent sur la formation professionnelle\" \/>\n<meta property=\"og:description\" content=\"La formation professionnelle, les stages et les apprentissages permettent aux \u00e9tudiants d&#039;explorer les carri\u00e8res manufacturi\u00e8res chez Domtar. Renseignez-vous sur nos programmes :\" \/>\n<meta property=\"og:url\" content=\"https:\/\/www.domtar.com\/fr\/la-journee-de-la-fabrication-met-laccent-sur-la-formation-professionnelle\/\" \/>\n<meta property=\"og:site_name\" content=\"Domtar\" \/>\n<meta property=\"article:publisher\" content=\"https:\/\/www.facebook.com\/DomtarEveryday\/\" \/>\n<meta property=\"article:published_time\" content=\"2022-10-05T10:26:08+00:00\" \/>\n<meta property=\"og:image\" content=\"https:\/\/www.domtar.com\/wp-content\/uploads\/2025\/10\/Domtar_sharing_img_2x-min-1.png\" \/>\n\t<meta property=\"og:image:width\" content=\"2400\" \/>\n\t<meta property=\"og:image:height\" content=\"1350\" \/>\n\t<meta property=\"og:image:type\" content=\"image\/png\" \/>\n<meta name=\"author\" content=\"Lauren.Hultz\" \/>\n<meta name=\"twitter:card\" content=\"summary_large_image\" \/>\n<meta name=\"twitter:creator\" content=\"@DomtarEveryday\" \/>\n<meta name=\"twitter:site\" content=\"@DomtarEveryday\" \/>\n<meta name=\"twitter:label1\" content=\"\u00c9crit par\" \/>\n\t<meta name=\"twitter:data1\" content=\"Lauren.Hultz\" \/>\n\t<meta name=\"twitter:label2\" content=\"Dur\u00e9e de lecture estim\u00e9e\" \/>\n\t<meta name=\"twitter:data2\" content=\"5 minutes\" \/>\n<script type=\"application\/ld+json\" class=\"yoast-schema-graph\">{\"@context\":\"https:\\\/\\\/schema.org\",\"@graph\":[{\"@type\":\"Article\",\"@id\":\"https:\\\/\\\/www.domtar.com\\\/fr\\\/la-journee-de-la-fabrication-met-laccent-sur-la-formation-professionnelle\\\/#article\",\"isPartOf\":{\"@id\":\"https:\\\/\\\/www.domtar.com\\\/fr\\\/la-journee-de-la-fabrication-met-laccent-sur-la-formation-professionnelle\\\/\"},\"author\":{\"name\":\"Lauren.Hultz\",\"@id\":\"https:\\\/\\\/www.domtar.com\\\/fr\\\/#\\\/schema\\\/person\\\/163327fa725eb5b7bea579643fd8356e\"},\"headline\":\"La journ\u00e9e de la fabrication met l&rsquo;accent sur la formation professionnelle\",\"datePublished\":\"2022-10-05T10:26:08+00:00\",\"mainEntityOfPage\":{\"@id\":\"https:\\\/\\\/www.domtar.com\\\/fr\\\/la-journee-de-la-fabrication-met-laccent-sur-la-formation-professionnelle\\\/\"},\"wordCount\":977,\"commentCount\":0,\"publisher\":{\"@id\":\"https:\\\/\\\/www.domtar.com\\\/fr\\\/#organization\"},\"keywords\":[\"carri\u00e8res\",\"Fabrication\",\"journ\u00e9e de la fabrication\",\"Moulin de Nekoosa\"],\"articleSection\":[\"Industry Insights\"],\"inLanguage\":\"fr-FR\",\"potentialAction\":[{\"@type\":\"CommentAction\",\"name\":\"Comment\",\"target\":[\"https:\\\/\\\/www.domtar.com\\\/fr\\\/la-journee-de-la-fabrication-met-laccent-sur-la-formation-professionnelle\\\/#respond\"]}]},{\"@type\":\"WebPage\",\"@id\":\"https:\\\/\\\/www.domtar.com\\\/fr\\\/la-journee-de-la-fabrication-met-laccent-sur-la-formation-professionnelle\\\/\",\"url\":\"https:\\\/\\\/www.domtar.com\\\/fr\\\/la-journee-de-la-fabrication-met-laccent-sur-la-formation-professionnelle\\\/\",\"name\":\"La journ\u00e9e de la fabrication met l'accent sur la formation professionnelle\",\"isPartOf\":{\"@id\":\"https:\\\/\\\/www.domtar.com\\\/fr\\\/#website\"},\"datePublished\":\"2022-10-05T10:26:08+00:00\",\"description\":\"La formation professionnelle, les stages et les apprentissages permettent aux \u00e9tudiants d'explorer les carri\u00e8res manufacturi\u00e8res chez Domtar. Renseignez-vous sur nos programmes :\",\"breadcrumb\":{\"@id\":\"https:\\\/\\\/www.domtar.com\\\/fr\\\/la-journee-de-la-fabrication-met-laccent-sur-la-formation-professionnelle\\\/#breadcrumb\"},\"inLanguage\":\"fr-FR\",\"potentialAction\":[{\"@type\":\"ReadAction\",\"target\":[\"https:\\\/\\\/www.domtar.com\\\/fr\\\/la-journee-de-la-fabrication-met-laccent-sur-la-formation-professionnelle\\\/\"]}]},{\"@type\":\"BreadcrumbList\",\"@id\":\"https:\\\/\\\/www.domtar.com\\\/fr\\\/la-journee-de-la-fabrication-met-laccent-sur-la-formation-professionnelle\\\/#breadcrumb\",\"itemListElement\":[{\"@type\":\"ListItem\",\"position\":1,\"name\":\"Home\",\"item\":\"https:\\\/\\\/www.domtar.com\\\/fr\\\/\"},{\"@type\":\"ListItem\",\"position\":2,\"name\":\"La journ\u00e9e de la fabrication met l&#8217;accent sur la formation professionnelle\"}]},{\"@type\":\"WebSite\",\"@id\":\"https:\\\/\\\/www.domtar.com\\\/fr\\\/#website\",\"url\":\"https:\\\/\\\/www.domtar.com\\\/fr\\\/\",\"name\":\"Domtar | The Fiber for the Future\",\"description\":\"The Sustainable Paper, Pulp and Packaging Company\",\"publisher\":{\"@id\":\"https:\\\/\\\/www.domtar.com\\\/fr\\\/#organization\"},\"alternateName\":\"Domtar\",\"potentialAction\":[{\"@type\":\"SearchAction\",\"target\":{\"@type\":\"EntryPoint\",\"urlTemplate\":\"https:\\\/\\\/www.domtar.com\\\/fr\\\/?s={search_term_string}\"},\"query-input\":{\"@type\":\"PropertyValueSpecification\",\"valueRequired\":true,\"valueName\":\"search_term_string\"}}],\"inLanguage\":\"fr-FR\"},{\"@type\":\"Organization\",\"@id\":\"https:\\\/\\\/www.domtar.com\\\/fr\\\/#organization\",\"name\":\"Domtar\",\"url\":\"https:\\\/\\\/www.domtar.com\\\/fr\\\/\",\"logo\":{\"@type\":\"ImageObject\",\"inLanguage\":\"fr-FR\",\"@id\":\"https:\\\/\\\/www.domtar.com\\\/fr\\\/#\\\/schema\\\/logo\\\/image\\\/\",\"url\":\"https:\\\/\\\/www.domtar.com\\\/wp-content\\\/uploads\\\/2023\\\/03\\\/domtar_logo_rgb_green.png\",\"contentUrl\":\"https:\\\/\\\/www.domtar.com\\\/wp-content\\\/uploads\\\/2023\\\/03\\\/domtar_logo_rgb_green.png\",\"width\":1153,\"height\":263,\"caption\":\"Domtar\"},\"image\":{\"@id\":\"https:\\\/\\\/www.domtar.com\\\/fr\\\/#\\\/schema\\\/logo\\\/image\\\/\"},\"sameAs\":[\"https:\\\/\\\/www.facebook.com\\\/DomtarEveryday\\\/\",\"https:\\\/\\\/x.com\\\/DomtarEveryday\",\"https:\\\/\\\/www.linkedin.com\\\/company\\\/domtar\\\/\",\"https:\\\/\\\/www.youtube.com\\\/channel\\\/UCh8Zhq2Rmxhl5Km0krrGoYw\"],\"ethicsPolicy\":\"https:\\\/\\\/www.domtar.com\\\/fr\\\/notre-entreprise\\\/ethique-et-conformite\\\/\"},{\"@type\":\"Person\",\"@id\":\"https:\\\/\\\/www.domtar.com\\\/fr\\\/#\\\/schema\\\/person\\\/163327fa725eb5b7bea579643fd8356e\",\"name\":\"Lauren.Hultz\",\"image\":{\"@type\":\"ImageObject\",\"inLanguage\":\"fr-FR\",\"@id\":\"https:\\\/\\\/secure.gravatar.com\\\/avatar\\\/fdd1b47f44190d37b4501eb0534c2c366d29145004c7ea14fdcba64e5eaf6ebc?s=96&d=mm&r=g\",\"url\":\"https:\\\/\\\/secure.gravatar.com\\\/avatar\\\/fdd1b47f44190d37b4501eb0534c2c366d29145004c7ea14fdcba64e5eaf6ebc?s=96&d=mm&r=g\",\"contentUrl\":\"https:\\\/\\\/secure.gravatar.com\\\/avatar\\\/fdd1b47f44190d37b4501eb0534c2c366d29145004c7ea14fdcba64e5eaf6ebc?s=96&d=mm&r=g\",\"caption\":\"Lauren.Hultz\"}}]}<\/script>\n<!-- \/ Yoast SEO Premium plugin. -->","yoast_head_json":{"title":"La journ\u00e9e de la fabrication met l'accent sur la formation professionnelle","description":"La formation professionnelle, les stages et les apprentissages permettent aux \u00e9tudiants d'explorer les carri\u00e8res manufacturi\u00e8res chez Domtar. Renseignez-vous sur nos programmes :","robots":{"index":"index","follow":"follow","max-snippet":"max-snippet:-1","max-image-preview":"max-image-preview:large","max-video-preview":"max-video-preview:-1"},"canonical":"https:\/\/www.domtar.com\/fr\/la-journee-de-la-fabrication-met-laccent-sur-la-formation-professionnelle\/","og_locale":"fr_FR","og_type":"article","og_title":"La journ\u00e9e de la fabrication met l'accent sur la formation professionnelle","og_description":"La formation professionnelle, les stages et les apprentissages permettent aux \u00e9tudiants d'explorer les carri\u00e8res manufacturi\u00e8res chez Domtar. Renseignez-vous sur nos programmes :","og_url":"https:\/\/www.domtar.com\/fr\/la-journee-de-la-fabrication-met-laccent-sur-la-formation-professionnelle\/","og_site_name":"Domtar","article_publisher":"https:\/\/www.facebook.com\/DomtarEveryday\/","article_published_time":"2022-10-05T10:26:08+00:00","og_image":[{"width":2400,"height":1350,"url":"https:\/\/www.domtar.com\/wp-content\/uploads\/2025\/10\/Domtar_sharing_img_2x-min-1.png","type":"image\/png"}],"author":"Lauren.Hultz","twitter_card":"summary_large_image","twitter_creator":"@DomtarEveryday","twitter_site":"@DomtarEveryday","twitter_misc":{"\u00c9crit par":"Lauren.Hultz","Dur\u00e9e de lecture estim\u00e9e":"5 minutes"},"schema":{"@context":"https:\/\/schema.org","@graph":[{"@type":"Article","@id":"https:\/\/www.domtar.com\/fr\/la-journee-de-la-fabrication-met-laccent-sur-la-formation-professionnelle\/#article","isPartOf":{"@id":"https:\/\/www.domtar.com\/fr\/la-journee-de-la-fabrication-met-laccent-sur-la-formation-professionnelle\/"},"author":{"name":"Lauren.Hultz","@id":"https:\/\/www.domtar.com\/fr\/#\/schema\/person\/163327fa725eb5b7bea579643fd8356e"},"headline":"La journ\u00e9e de la fabrication met l&rsquo;accent sur la formation professionnelle","datePublished":"2022-10-05T10:26:08+00:00","mainEntityOfPage":{"@id":"https:\/\/www.domtar.com\/fr\/la-journee-de-la-fabrication-met-laccent-sur-la-formation-professionnelle\/"},"wordCount":977,"commentCount":0,"publisher":{"@id":"https:\/\/www.domtar.com\/fr\/#organization"},"keywords":["carri\u00e8res","Fabrication","journ\u00e9e de la fabrication","Moulin de Nekoosa"],"articleSection":["Industry Insights"],"inLanguage":"fr-FR","potentialAction":[{"@type":"CommentAction","name":"Comment","target":["https:\/\/www.domtar.com\/fr\/la-journee-de-la-fabrication-met-laccent-sur-la-formation-professionnelle\/#respond"]}]},{"@type":"WebPage","@id":"https:\/\/www.domtar.com\/fr\/la-journee-de-la-fabrication-met-laccent-sur-la-formation-professionnelle\/","url":"https:\/\/www.domtar.com\/fr\/la-journee-de-la-fabrication-met-laccent-sur-la-formation-professionnelle\/","name":"La journ\u00e9e de la fabrication met l'accent sur la formation professionnelle","isPartOf":{"@id":"https:\/\/www.domtar.com\/fr\/#website"},"datePublished":"2022-10-05T10:26:08+00:00","description":"La formation professionnelle, les stages et les apprentissages permettent aux \u00e9tudiants d'explorer les carri\u00e8res manufacturi\u00e8res chez Domtar. Renseignez-vous sur nos programmes :","breadcrumb":{"@id":"https:\/\/www.domtar.com\/fr\/la-journee-de-la-fabrication-met-laccent-sur-la-formation-professionnelle\/#breadcrumb"},"inLanguage":"fr-FR","potentialAction":[{"@type":"ReadAction","target":["https:\/\/www.domtar.com\/fr\/la-journee-de-la-fabrication-met-laccent-sur-la-formation-professionnelle\/"]}]},{"@type":"BreadcrumbList","@id":"https:\/\/www.domtar.com\/fr\/la-journee-de-la-fabrication-met-laccent-sur-la-formation-professionnelle\/#breadcrumb","itemListElement":[{"@type":"ListItem","position":1,"name":"Home","item":"https:\/\/www.domtar.com\/fr\/"},{"@type":"ListItem","position":2,"name":"La journ\u00e9e de la fabrication met l&#8217;accent sur la formation professionnelle"}]},{"@type":"WebSite","@id":"https:\/\/www.domtar.com\/fr\/#website","url":"https:\/\/www.domtar.com\/fr\/","name":"Domtar | The Fiber for the Future","description":"The Sustainable Paper, Pulp and Packaging Company","publisher":{"@id":"https:\/\/www.domtar.com\/fr\/#organization"},"alternateName":"Domtar","potentialAction":[{"@type":"SearchAction","target":{"@type":"EntryPoint","urlTemplate":"https:\/\/www.domtar.com\/fr\/?s={search_term_string}"},"query-input":{"@type":"PropertyValueSpecification","valueRequired":true,"valueName":"search_term_string"}}],"inLanguage":"fr-FR"},{"@type":"Organization","@id":"https:\/\/www.domtar.com\/fr\/#organization","name":"Domtar","url":"https:\/\/www.domtar.com\/fr\/","logo":{"@type":"ImageObject","inLanguage":"fr-FR","@id":"https:\/\/www.domtar.com\/fr\/#\/schema\/logo\/image\/","url":"https:\/\/www.domtar.com\/wp-content\/uploads\/2023\/03\/domtar_logo_rgb_green.png","contentUrl":"https:\/\/www.domtar.com\/wp-content\/uploads\/2023\/03\/domtar_logo_rgb_green.png","width":1153,"height":263,"caption":"Domtar"},"image":{"@id":"https:\/\/www.domtar.com\/fr\/#\/schema\/logo\/image\/"},"sameAs":["https:\/\/www.facebook.com\/DomtarEveryday\/","https:\/\/x.com\/DomtarEveryday","https:\/\/www.linkedin.com\/company\/domtar\/","https:\/\/www.youtube.com\/channel\/UCh8Zhq2Rmxhl5Km0krrGoYw"],"ethicsPolicy":"https:\/\/www.domtar.com\/fr\/notre-entreprise\/ethique-et-conformite\/"},{"@type":"Person","@id":"https:\/\/www.domtar.com\/fr\/#\/schema\/person\/163327fa725eb5b7bea579643fd8356e","name":"Lauren.Hultz","image":{"@type":"ImageObject","inLanguage":"fr-FR","@id":"https:\/\/secure.gravatar.com\/avatar\/fdd1b47f44190d37b4501eb0534c2c366d29145004c7ea14fdcba64e5eaf6ebc?s=96&d=mm&r=g","url":"https:\/\/secure.gravatar.com\/avatar\/fdd1b47f44190d37b4501eb0534c2c366d29145004c7ea14fdcba64e5eaf6ebc?s=96&d=mm&r=g","contentUrl":"https:\/\/secure.gravatar.com\/avatar\/fdd1b47f44190d37b4501eb0534c2c366d29145004c7ea14fdcba64e5eaf6ebc?s=96&d=mm&r=g","caption":"Lauren.Hultz"}}]}},"_links":{"self":[{"href":"https:\/\/www.domtar.com\/fr\/wp-json\/wp\/v2\/posts\/29693","targetHints":{"allow":["GET"]}}],"collection":[{"href":"https:\/\/www.domtar.com\/fr\/wp-json\/wp\/v2\/posts"}],"about":[{"href":"https:\/\/www.domtar.com\/fr\/wp-json\/wp\/v2\/types\/post"}],"author":[{"embeddable":true,"href":"https:\/\/www.domtar.com\/fr\/wp-json\/wp\/v2\/users\/10"}],"replies":[{"embeddable":true,"href":"https:\/\/www.domtar.com\/fr\/wp-json\/wp\/v2\/comments?post=29693"}],"version-history":[{"count":0,"href":"https:\/\/www.domtar.com\/fr\/wp-json\/wp\/v2\/posts\/29693\/revisions"}],"wp:attachment":[{"href":"https:\/\/www.domtar.com\/fr\/wp-json\/wp\/v2\/media?parent=29693"}],"wp:term":[{"taxonomy":"category","embeddable":true,"href":"https:\/\/www.domtar.com\/fr\/wp-json\/wp\/v2\/categories?post=29693"},{"taxonomy":"post_tag","embeddable":true,"href":"https:\/\/www.domtar.com\/fr\/wp-json\/wp\/v2\/tags?post=29693"}],"curies":[{"name":"wp","href":"https:\/\/api.w.org\/{rel}","templated":true}]}}