{"id":29651,"date":"2023-10-02T12:42:57","date_gmt":"2023-10-02T12:42:57","guid":{"rendered":"https:\/\/www.domtar.com\/celebration-du-mois-du-patrimoine-latino-americain-et-hispanique-celebrando-el-mes-de-la-herencia-latinoamericana-y-hispana\/"},"modified":"2023-10-02T12:42:57","modified_gmt":"2023-10-02T12:42:57","slug":"celebration-du-mois-du-patrimoine-latino-americain-et-hispanique-celebrando-el-mes-de-la-herencia-latinoamericana-y-hispana","status":"publish","type":"post","link":"https:\/\/www.domtar.com\/fr\/celebration-du-mois-du-patrimoine-latino-americain-et-hispanique-celebrando-el-mes-de-la-herencia-latinoamericana-y-hispana\/","title":{"rendered":"C\u00e9l\u00e9bration du mois du patrimoine latino-am\u00e9ricain et hispanique ! \/ Celebrando el Mes de la Herencia Latinoamericana y Hispana !"},"content":{"rendered":"<section id=\"immersive_panel_1\" class=\"lc-module section-article-content-block\">\n<div class=\"lc-module-inner\">\n<div class=\"article-block-wrapper lc-module-inner fade-bottom\">\n<div class=\"entry\">\n\n<p>Le Parlement du Canada a proclam\u00e9 le mois d&rsquo;octobre Mois du patrimoine latino-am\u00e9ricain en 2018, afin de c\u00e9l\u00e9brer la communaut\u00e9 latino-am\u00e9ricaine et les nombreuses contributions de ses membres \u00e0 la soci\u00e9t\u00e9 canadienne.<\/p>\n\n<p>Originaires des 20 pays d&rsquo;Am\u00e9rique latine, les Canadiens d&rsquo;origine latino-am\u00e9ricaine forment une communaut\u00e9 importante et croissante. Ils enrichissent notre tissu national par la diversit\u00e9 et le dynamisme de leurs cultures, de leurs cuisines, de leurs musiques, de leurs danses, etc. Les Latino-Am\u00e9ricains jouent \u00e9galement un r\u00f4le important dans la croissance et la prosp\u00e9rit\u00e9 du Canada, gr\u00e2ce \u00e0 leur esprit d&rsquo;entreprise.  <\/p>\n\n<p>Sur le site United States, le Mois du patrimoine hispanique se d\u00e9roule du 15 septembre au 15 octobre. Ces dates constituent un point d&rsquo;orgue important \u00e0 la c\u00e9l\u00e9bration. La mi-septembre marque l&rsquo;anniversaire de l&rsquo;ind\u00e9pendance d&rsquo;un certain nombre de pays d&rsquo;Am\u00e9rique latine : Costa Rica, Salvador, Guatemala, Honduras et Nicaragua, Mexique et Chili.  <\/p>\n\n<p>La semaine du patrimoine hispanique a \u00e9t\u00e9 instaur\u00e9e en 1968 par le pr\u00e9sident Lyndon B. Johnson afin de reconna\u00eetre et d&rsquo;honorer les contributions durables et l&rsquo;importance des Am\u00e9ricains d&rsquo;origine hispanique aux \u00c9tats-Unis. Cet \u00e9v\u00e9nement d&rsquo;une semaine a \u00e9t\u00e9 prolong\u00e9 par le pr\u00e9sident Ronald Reagan en 1988 pour devenir une c\u00e9l\u00e9bration d&rsquo;un mois des nombreux h\u00e9ritages et cultures de la communaut\u00e9 latino am\u00e9ricaine (plus r\u00e9cemment, la communaut\u00e9 latino-am\u00e9ricaine, qui comprend les deux sexes). <\/p>\n\n<p>Les c\u00e9l\u00e9brations comm\u00e9moratives sont un moyen de cultiver la conscience culturelle, l&#8217;empathie sociale et une communaut\u00e9 forte de sa diversit\u00e9 et de sa solidarit\u00e9. Prenons le temps de nous int\u00e9resser au patrimoine et \u00e0 la culture latino-am\u00e9ricains et hispaniques et d&rsquo;en apprendre davantage \u00e0 leur sujet. <\/p>\n\n&#8211;\n\n<p>Le Parlement du Canada a proclam\u00e9 le mois d&rsquo;octobre comme \u00e9tant le Mes de la Herencia Latinoamericana en\n2018, avec l&rsquo;objectif de c\u00e9l\u00e9brer la communaut\u00e9 latinoam\u00e9ricaine et les nombreuses contributions\nque ses membres ont apport\u00e9es \u00e0 la soci\u00e9t\u00e9 canadienne.<\/p>\n\n<p>Issus des 20 pays latino-am\u00e9ricains, les Canadiens d&rsquo;origine latino-am\u00e9ricaine forment une communaut\u00e9 importante et en pleine croissance. Ils enrichissent notre pays de leurs cultures diverses et vivantes, de leur gastronomie, de leur musique, de leur culture et de bien d&rsquo;autres choses encore. Les Latino-Am\u00e9ricains jouent \u00e9galement un r\u00f4le important dans la croissance et la prosp\u00e9rit\u00e9 du Canada, gr\u00e2ce \u00e0 leur esprit d&rsquo;entreprise.  <\/p>\n\n<p>Aux \u00c9tats-Unis, le Mes de la Herencia Hispana se d\u00e9roule du 15 septembre\nau 15 octobre. Ces dates sont des moments importants pour la c\u00e9l\u00e9bration. La mi-septembre marque l&rsquo;anniversaire de l&rsquo;ind\u00e9pendance de plusieurs pays latino-am\u00e9ricains : Costa Rica, El Salvador, Guatemala, Honduras, Nicaragua, Mexique et Chili.  <\/p>\n\n<p>La Semana de la Herencia Hispana a \u00e9t\u00e9 introduite en 1968 sous la pr\u00e9sidence de Lyndon B.\nJohnson pour reconna\u00eetre et honorer les contributions durables et l&rsquo;importance des\nestadounidenses d&rsquo;origine hispanique aux \u00c9tats-Unis. El evento de una semana fue\nextendido en 1988 por el presidente Ronald Reagan a una celebraci\u00f3n de un mes de las\nmuchas herencias y culturas de la comunidad latina estadounidense (m\u00e1s recientemente, la\ninclusiva comunidad Latinx). <\/p>\n\n<p>Les c\u00e9l\u00e9brations comm\u00e9moratives sont un moyen de promouvoir la conscience culturelle, l&#8217;empathie sociale\net une communaut\u00e9 unie par sa diversit\u00e9 et sa solidarit\u00e9. Prenez le temps d&rsquo;aller sur le site\net d&rsquo;en apprendre davantage sur l&rsquo;h\u00e9ritage et la culture latinoam\u00e9ricaine et hispanique. <\/p>\n\n<\/div>\n<\/div>\n<\/div>\n<\/section>","protected":false},"excerpt":{"rendered":"<p>L&rsquo;usine de Kingsport a re\u00e7u le titre de \u00ab\u00a0Business Recycler of the Year\u00a0\u00bb (recycleur de l&rsquo;ann\u00e9e) du Tennessee. Voici pourquoi la Tennessee Recycling Coalition a choisi notre usine comme laur\u00e9ate pour 2024. <\/p>\n","protected":false},"author":16,"featured_media":23822,"comment_status":"open","ping_status":"open","sticky":false,"template":"","format":"standard","meta":{"_acf_changed":false,"_genesis_block_theme_hide_title":false,"footnotes":""},"categories":[975],"tags":[],"class_list":{"0":"post-29651","1":"post","2":"type-post","3":"status-publish","4":"format-standard","5":"has-post-thumbnail","6":"hentry","7":"category-our-company-fr","9":"with-featured-image"},"acf":[],"yoast_head":"<!-- This site is optimized with the Yoast SEO Premium plugin v27.4 (Yoast SEO v27.4) - https:\/\/yoast.com\/product\/yoast-seo-premium-wordpress\/ -->\n<title>C\u00e9l\u00e9bration du mois du patrimoine latino-am\u00e9ricain et hispanique ! \/ Celebrando el Mes de la Herencia Latinoamericana y Hispana ! - Le Blog de la R\u00e9solue<\/title>\n<meta name=\"robots\" content=\"index, follow, max-snippet:-1, max-image-preview:large, max-video-preview:-1\" \/>\n<link rel=\"canonical\" href=\"https:\/\/www.domtar.com\/fr\/celebration-du-mois-du-patrimoine-latino-americain-et-hispanique-celebrando-el-mes-de-la-herencia-latinoamericana-y-hispana\/\" \/>\n<meta property=\"og:locale\" content=\"fr_FR\" \/>\n<meta property=\"og:type\" content=\"article\" \/>\n<meta property=\"og:title\" content=\"C\u00e9l\u00e9bration du mois du patrimoine latino-am\u00e9ricain et hispanique ! \/ Celebrando el Mes de la Herencia Latinoamericana y Hispana !\" \/>\n<meta property=\"og:description\" content=\"L&#039;usine de Kingsport a re\u00e7u le titre de &quot;Business Recycler of the Year&quot; (recycleur de l&#039;ann\u00e9e) du Tennessee. Voici pourquoi la Tennessee Recycling Coalition a choisi notre usine comme laur\u00e9ate pour 2024.\" \/>\n<meta property=\"og:url\" content=\"https:\/\/www.domtar.com\/fr\/celebration-du-mois-du-patrimoine-latino-americain-et-hispanique-celebrando-el-mes-de-la-herencia-latinoamericana-y-hispana\/\" \/>\n<meta property=\"og:site_name\" content=\"Domtar\" \/>\n<meta property=\"article:publisher\" content=\"https:\/\/www.facebook.com\/DomtarEveryday\/\" \/>\n<meta property=\"article:published_time\" content=\"2023-10-02T12:42:57+00:00\" \/>\n<meta property=\"og:image\" content=\"https:\/\/www.domtar.com\/wp-content\/uploads\/2024\/09\/Hispanic_Heritage.jpg\" \/>\n\t<meta property=\"og:image:width\" content=\"1093\" \/>\n\t<meta property=\"og:image:height\" content=\"959\" \/>\n\t<meta property=\"og:image:type\" content=\"image\/jpeg\" \/>\n<meta name=\"author\" content=\"Domtar Paper\" \/>\n<meta name=\"twitter:card\" content=\"summary_large_image\" \/>\n<meta name=\"twitter:creator\" content=\"@DomtarEveryday\" \/>\n<meta name=\"twitter:site\" content=\"@DomtarEveryday\" \/>\n<meta name=\"twitter:label1\" content=\"\u00c9crit par\" \/>\n\t<meta name=\"twitter:data1\" content=\"Domtar Paper\" \/>\n\t<meta name=\"twitter:label2\" content=\"Dur\u00e9e de lecture estim\u00e9e\" \/>\n\t<meta name=\"twitter:data2\" content=\"3 minutes\" \/>\n<script type=\"application\/ld+json\" class=\"yoast-schema-graph\">{\"@context\":\"https:\\\/\\\/schema.org\",\"@graph\":[{\"@type\":\"Article\",\"@id\":\"https:\\\/\\\/www.domtar.com\\\/fr\\\/celebration-du-mois-du-patrimoine-latino-americain-et-hispanique-celebrando-el-mes-de-la-herencia-latinoamericana-y-hispana\\\/#article\",\"isPartOf\":{\"@id\":\"https:\\\/\\\/www.domtar.com\\\/fr\\\/celebration-du-mois-du-patrimoine-latino-americain-et-hispanique-celebrando-el-mes-de-la-herencia-latinoamericana-y-hispana\\\/\"},\"author\":{\"name\":\"Domtar Paper\",\"@id\":\"https:\\\/\\\/www.domtar.com\\\/fr\\\/#\\\/schema\\\/person\\\/4d21ffde10cfab347e748520fcfd4852\"},\"headline\":\"C\u00e9l\u00e9bration du mois du patrimoine latino-am\u00e9ricain et hispanique ! \\\/ Celebrando el Mes de la Herencia Latinoamericana y Hispana !\",\"datePublished\":\"2023-10-02T12:42:57+00:00\",\"mainEntityOfPage\":{\"@id\":\"https:\\\/\\\/www.domtar.com\\\/fr\\\/celebration-du-mois-du-patrimoine-latino-americain-et-hispanique-celebrando-el-mes-de-la-herencia-latinoamericana-y-hispana\\\/\"},\"wordCount\":608,\"commentCount\":0,\"publisher\":{\"@id\":\"https:\\\/\\\/www.domtar.com\\\/fr\\\/#organization\"},\"image\":{\"@id\":\"https:\\\/\\\/www.domtar.com\\\/fr\\\/celebration-du-mois-du-patrimoine-latino-americain-et-hispanique-celebrando-el-mes-de-la-herencia-latinoamericana-y-hispana\\\/#primaryimage\"},\"thumbnailUrl\":\"https:\\\/\\\/www.domtar.com\\\/wp-content\\\/uploads\\\/2024\\\/09\\\/Hispanic_Heritage.jpg\",\"articleSection\":[\"Our Company\"],\"inLanguage\":\"fr-FR\",\"potentialAction\":[{\"@type\":\"CommentAction\",\"name\":\"Comment\",\"target\":[\"https:\\\/\\\/www.domtar.com\\\/fr\\\/celebration-du-mois-du-patrimoine-latino-americain-et-hispanique-celebrando-el-mes-de-la-herencia-latinoamericana-y-hispana\\\/#respond\"]}]},{\"@type\":\"WebPage\",\"@id\":\"https:\\\/\\\/www.domtar.com\\\/fr\\\/celebration-du-mois-du-patrimoine-latino-americain-et-hispanique-celebrando-el-mes-de-la-herencia-latinoamericana-y-hispana\\\/\",\"url\":\"https:\\\/\\\/www.domtar.com\\\/fr\\\/celebration-du-mois-du-patrimoine-latino-americain-et-hispanique-celebrando-el-mes-de-la-herencia-latinoamericana-y-hispana\\\/\",\"name\":\"C\u00e9l\u00e9bration du mois du patrimoine latino-am\u00e9ricain et hispanique ! \\\/ Celebrando el Mes de la Herencia Latinoamericana y Hispana ! - Le Blog de la R\u00e9solue\",\"isPartOf\":{\"@id\":\"https:\\\/\\\/www.domtar.com\\\/fr\\\/#website\"},\"primaryImageOfPage\":{\"@id\":\"https:\\\/\\\/www.domtar.com\\\/fr\\\/celebration-du-mois-du-patrimoine-latino-americain-et-hispanique-celebrando-el-mes-de-la-herencia-latinoamericana-y-hispana\\\/#primaryimage\"},\"image\":{\"@id\":\"https:\\\/\\\/www.domtar.com\\\/fr\\\/celebration-du-mois-du-patrimoine-latino-americain-et-hispanique-celebrando-el-mes-de-la-herencia-latinoamericana-y-hispana\\\/#primaryimage\"},\"thumbnailUrl\":\"https:\\\/\\\/www.domtar.com\\\/wp-content\\\/uploads\\\/2024\\\/09\\\/Hispanic_Heritage.jpg\",\"datePublished\":\"2023-10-02T12:42:57+00:00\",\"breadcrumb\":{\"@id\":\"https:\\\/\\\/www.domtar.com\\\/fr\\\/celebration-du-mois-du-patrimoine-latino-americain-et-hispanique-celebrando-el-mes-de-la-herencia-latinoamericana-y-hispana\\\/#breadcrumb\"},\"inLanguage\":\"fr-FR\",\"potentialAction\":[{\"@type\":\"ReadAction\",\"target\":[\"https:\\\/\\\/www.domtar.com\\\/fr\\\/celebration-du-mois-du-patrimoine-latino-americain-et-hispanique-celebrando-el-mes-de-la-herencia-latinoamericana-y-hispana\\\/\"]}]},{\"@type\":\"ImageObject\",\"inLanguage\":\"fr-FR\",\"@id\":\"https:\\\/\\\/www.domtar.com\\\/fr\\\/celebration-du-mois-du-patrimoine-latino-americain-et-hispanique-celebrando-el-mes-de-la-herencia-latinoamericana-y-hispana\\\/#primaryimage\",\"url\":\"https:\\\/\\\/www.domtar.com\\\/wp-content\\\/uploads\\\/2024\\\/09\\\/Hispanic_Heritage.jpg\",\"contentUrl\":\"https:\\\/\\\/www.domtar.com\\\/wp-content\\\/uploads\\\/2024\\\/09\\\/Hispanic_Heritage.jpg\",\"width\":1093,\"height\":959,\"caption\":\"Hispanic Heritage\"},{\"@type\":\"BreadcrumbList\",\"@id\":\"https:\\\/\\\/www.domtar.com\\\/fr\\\/celebration-du-mois-du-patrimoine-latino-americain-et-hispanique-celebrando-el-mes-de-la-herencia-latinoamericana-y-hispana\\\/#breadcrumb\",\"itemListElement\":[{\"@type\":\"ListItem\",\"position\":1,\"name\":\"Home\",\"item\":\"https:\\\/\\\/www.domtar.com\\\/fr\\\/\"},{\"@type\":\"ListItem\",\"position\":2,\"name\":\"C\u00e9l\u00e9bration du mois du patrimoine latino-am\u00e9ricain et hispanique ! \\\/ Celebrando el Mes de la Herencia Latinoamericana y Hispana !\"}]},{\"@type\":\"WebSite\",\"@id\":\"https:\\\/\\\/www.domtar.com\\\/fr\\\/#website\",\"url\":\"https:\\\/\\\/www.domtar.com\\\/fr\\\/\",\"name\":\"Domtar | The Fiber for the Future\",\"description\":\"The Sustainable Paper, Pulp and Packaging Company\",\"publisher\":{\"@id\":\"https:\\\/\\\/www.domtar.com\\\/fr\\\/#organization\"},\"alternateName\":\"Domtar\",\"potentialAction\":[{\"@type\":\"SearchAction\",\"target\":{\"@type\":\"EntryPoint\",\"urlTemplate\":\"https:\\\/\\\/www.domtar.com\\\/fr\\\/?s={search_term_string}\"},\"query-input\":{\"@type\":\"PropertyValueSpecification\",\"valueRequired\":true,\"valueName\":\"search_term_string\"}}],\"inLanguage\":\"fr-FR\"},{\"@type\":\"Organization\",\"@id\":\"https:\\\/\\\/www.domtar.com\\\/fr\\\/#organization\",\"name\":\"Domtar\",\"url\":\"https:\\\/\\\/www.domtar.com\\\/fr\\\/\",\"logo\":{\"@type\":\"ImageObject\",\"inLanguage\":\"fr-FR\",\"@id\":\"https:\\\/\\\/www.domtar.com\\\/fr\\\/#\\\/schema\\\/logo\\\/image\\\/\",\"url\":\"https:\\\/\\\/www.domtar.com\\\/wp-content\\\/uploads\\\/2023\\\/03\\\/domtar_logo_rgb_green.png\",\"contentUrl\":\"https:\\\/\\\/www.domtar.com\\\/wp-content\\\/uploads\\\/2023\\\/03\\\/domtar_logo_rgb_green.png\",\"width\":1153,\"height\":263,\"caption\":\"Domtar\"},\"image\":{\"@id\":\"https:\\\/\\\/www.domtar.com\\\/fr\\\/#\\\/schema\\\/logo\\\/image\\\/\"},\"sameAs\":[\"https:\\\/\\\/www.facebook.com\\\/DomtarEveryday\\\/\",\"https:\\\/\\\/x.com\\\/DomtarEveryday\",\"https:\\\/\\\/www.linkedin.com\\\/company\\\/domtar\\\/\",\"https:\\\/\\\/www.youtube.com\\\/channel\\\/UCh8Zhq2Rmxhl5Km0krrGoYw\"],\"ethicsPolicy\":\"https:\\\/\\\/www.domtar.com\\\/fr\\\/notre-entreprise\\\/ethique-et-conformite\\\/\"},{\"@type\":\"Person\",\"@id\":\"https:\\\/\\\/www.domtar.com\\\/fr\\\/#\\\/schema\\\/person\\\/4d21ffde10cfab347e748520fcfd4852\",\"name\":\"Domtar Paper\",\"image\":{\"@type\":\"ImageObject\",\"inLanguage\":\"fr-FR\",\"@id\":\"https:\\\/\\\/secure.gravatar.com\\\/avatar\\\/9665d248ca3a0bda3f49d110c0aed56fb366b0e6cb6ed4496c9e7f63464e6745?s=96&d=mm&r=g\",\"url\":\"https:\\\/\\\/secure.gravatar.com\\\/avatar\\\/9665d248ca3a0bda3f49d110c0aed56fb366b0e6cb6ed4496c9e7f63464e6745?s=96&d=mm&r=g\",\"contentUrl\":\"https:\\\/\\\/secure.gravatar.com\\\/avatar\\\/9665d248ca3a0bda3f49d110c0aed56fb366b0e6cb6ed4496c9e7f63464e6745?s=96&d=mm&r=g\",\"caption\":\"Domtar Paper\"}}]}<\/script>\n<!-- \/ Yoast SEO Premium plugin. -->","yoast_head_json":{"title":"C\u00e9l\u00e9bration du mois du patrimoine latino-am\u00e9ricain et hispanique ! \/ Celebrando el Mes de la Herencia Latinoamericana y Hispana ! - Le Blog de la R\u00e9solue","robots":{"index":"index","follow":"follow","max-snippet":"max-snippet:-1","max-image-preview":"max-image-preview:large","max-video-preview":"max-video-preview:-1"},"canonical":"https:\/\/www.domtar.com\/fr\/celebration-du-mois-du-patrimoine-latino-americain-et-hispanique-celebrando-el-mes-de-la-herencia-latinoamericana-y-hispana\/","og_locale":"fr_FR","og_type":"article","og_title":"C\u00e9l\u00e9bration du mois du patrimoine latino-am\u00e9ricain et hispanique ! \/ Celebrando el Mes de la Herencia Latinoamericana y Hispana !","og_description":"L'usine de Kingsport a re\u00e7u le titre de \"Business Recycler of the Year\" (recycleur de l'ann\u00e9e) du Tennessee. Voici pourquoi la Tennessee Recycling Coalition a choisi notre usine comme laur\u00e9ate pour 2024.","og_url":"https:\/\/www.domtar.com\/fr\/celebration-du-mois-du-patrimoine-latino-americain-et-hispanique-celebrando-el-mes-de-la-herencia-latinoamericana-y-hispana\/","og_site_name":"Domtar","article_publisher":"https:\/\/www.facebook.com\/DomtarEveryday\/","article_published_time":"2023-10-02T12:42:57+00:00","og_image":[{"width":1093,"height":959,"url":"https:\/\/www.domtar.com\/wp-content\/uploads\/2024\/09\/Hispanic_Heritage.jpg","type":"image\/jpeg"}],"author":"Domtar Paper","twitter_card":"summary_large_image","twitter_creator":"@DomtarEveryday","twitter_site":"@DomtarEveryday","twitter_misc":{"\u00c9crit par":"Domtar Paper","Dur\u00e9e de lecture estim\u00e9e":"3 minutes"},"schema":{"@context":"https:\/\/schema.org","@graph":[{"@type":"Article","@id":"https:\/\/www.domtar.com\/fr\/celebration-du-mois-du-patrimoine-latino-americain-et-hispanique-celebrando-el-mes-de-la-herencia-latinoamericana-y-hispana\/#article","isPartOf":{"@id":"https:\/\/www.domtar.com\/fr\/celebration-du-mois-du-patrimoine-latino-americain-et-hispanique-celebrando-el-mes-de-la-herencia-latinoamericana-y-hispana\/"},"author":{"name":"Domtar Paper","@id":"https:\/\/www.domtar.com\/fr\/#\/schema\/person\/4d21ffde10cfab347e748520fcfd4852"},"headline":"C\u00e9l\u00e9bration du mois du patrimoine latino-am\u00e9ricain et hispanique ! \/ Celebrando el Mes de la Herencia Latinoamericana y Hispana !","datePublished":"2023-10-02T12:42:57+00:00","mainEntityOfPage":{"@id":"https:\/\/www.domtar.com\/fr\/celebration-du-mois-du-patrimoine-latino-americain-et-hispanique-celebrando-el-mes-de-la-herencia-latinoamericana-y-hispana\/"},"wordCount":608,"commentCount":0,"publisher":{"@id":"https:\/\/www.domtar.com\/fr\/#organization"},"image":{"@id":"https:\/\/www.domtar.com\/fr\/celebration-du-mois-du-patrimoine-latino-americain-et-hispanique-celebrando-el-mes-de-la-herencia-latinoamericana-y-hispana\/#primaryimage"},"thumbnailUrl":"https:\/\/www.domtar.com\/wp-content\/uploads\/2024\/09\/Hispanic_Heritage.jpg","articleSection":["Our Company"],"inLanguage":"fr-FR","potentialAction":[{"@type":"CommentAction","name":"Comment","target":["https:\/\/www.domtar.com\/fr\/celebration-du-mois-du-patrimoine-latino-americain-et-hispanique-celebrando-el-mes-de-la-herencia-latinoamericana-y-hispana\/#respond"]}]},{"@type":"WebPage","@id":"https:\/\/www.domtar.com\/fr\/celebration-du-mois-du-patrimoine-latino-americain-et-hispanique-celebrando-el-mes-de-la-herencia-latinoamericana-y-hispana\/","url":"https:\/\/www.domtar.com\/fr\/celebration-du-mois-du-patrimoine-latino-americain-et-hispanique-celebrando-el-mes-de-la-herencia-latinoamericana-y-hispana\/","name":"C\u00e9l\u00e9bration du mois du patrimoine latino-am\u00e9ricain et hispanique ! \/ Celebrando el Mes de la Herencia Latinoamericana y Hispana ! - Le Blog de la R\u00e9solue","isPartOf":{"@id":"https:\/\/www.domtar.com\/fr\/#website"},"primaryImageOfPage":{"@id":"https:\/\/www.domtar.com\/fr\/celebration-du-mois-du-patrimoine-latino-americain-et-hispanique-celebrando-el-mes-de-la-herencia-latinoamericana-y-hispana\/#primaryimage"},"image":{"@id":"https:\/\/www.domtar.com\/fr\/celebration-du-mois-du-patrimoine-latino-americain-et-hispanique-celebrando-el-mes-de-la-herencia-latinoamericana-y-hispana\/#primaryimage"},"thumbnailUrl":"https:\/\/www.domtar.com\/wp-content\/uploads\/2024\/09\/Hispanic_Heritage.jpg","datePublished":"2023-10-02T12:42:57+00:00","breadcrumb":{"@id":"https:\/\/www.domtar.com\/fr\/celebration-du-mois-du-patrimoine-latino-americain-et-hispanique-celebrando-el-mes-de-la-herencia-latinoamericana-y-hispana\/#breadcrumb"},"inLanguage":"fr-FR","potentialAction":[{"@type":"ReadAction","target":["https:\/\/www.domtar.com\/fr\/celebration-du-mois-du-patrimoine-latino-americain-et-hispanique-celebrando-el-mes-de-la-herencia-latinoamericana-y-hispana\/"]}]},{"@type":"ImageObject","inLanguage":"fr-FR","@id":"https:\/\/www.domtar.com\/fr\/celebration-du-mois-du-patrimoine-latino-americain-et-hispanique-celebrando-el-mes-de-la-herencia-latinoamericana-y-hispana\/#primaryimage","url":"https:\/\/www.domtar.com\/wp-content\/uploads\/2024\/09\/Hispanic_Heritage.jpg","contentUrl":"https:\/\/www.domtar.com\/wp-content\/uploads\/2024\/09\/Hispanic_Heritage.jpg","width":1093,"height":959,"caption":"Hispanic Heritage"},{"@type":"BreadcrumbList","@id":"https:\/\/www.domtar.com\/fr\/celebration-du-mois-du-patrimoine-latino-americain-et-hispanique-celebrando-el-mes-de-la-herencia-latinoamericana-y-hispana\/#breadcrumb","itemListElement":[{"@type":"ListItem","position":1,"name":"Home","item":"https:\/\/www.domtar.com\/fr\/"},{"@type":"ListItem","position":2,"name":"C\u00e9l\u00e9bration du mois du patrimoine latino-am\u00e9ricain et hispanique ! \/ Celebrando el Mes de la Herencia Latinoamericana y Hispana !"}]},{"@type":"WebSite","@id":"https:\/\/www.domtar.com\/fr\/#website","url":"https:\/\/www.domtar.com\/fr\/","name":"Domtar | The Fiber for the Future","description":"The Sustainable Paper, Pulp and Packaging Company","publisher":{"@id":"https:\/\/www.domtar.com\/fr\/#organization"},"alternateName":"Domtar","potentialAction":[{"@type":"SearchAction","target":{"@type":"EntryPoint","urlTemplate":"https:\/\/www.domtar.com\/fr\/?s={search_term_string}"},"query-input":{"@type":"PropertyValueSpecification","valueRequired":true,"valueName":"search_term_string"}}],"inLanguage":"fr-FR"},{"@type":"Organization","@id":"https:\/\/www.domtar.com\/fr\/#organization","name":"Domtar","url":"https:\/\/www.domtar.com\/fr\/","logo":{"@type":"ImageObject","inLanguage":"fr-FR","@id":"https:\/\/www.domtar.com\/fr\/#\/schema\/logo\/image\/","url":"https:\/\/www.domtar.com\/wp-content\/uploads\/2023\/03\/domtar_logo_rgb_green.png","contentUrl":"https:\/\/www.domtar.com\/wp-content\/uploads\/2023\/03\/domtar_logo_rgb_green.png","width":1153,"height":263,"caption":"Domtar"},"image":{"@id":"https:\/\/www.domtar.com\/fr\/#\/schema\/logo\/image\/"},"sameAs":["https:\/\/www.facebook.com\/DomtarEveryday\/","https:\/\/x.com\/DomtarEveryday","https:\/\/www.linkedin.com\/company\/domtar\/","https:\/\/www.youtube.com\/channel\/UCh8Zhq2Rmxhl5Km0krrGoYw"],"ethicsPolicy":"https:\/\/www.domtar.com\/fr\/notre-entreprise\/ethique-et-conformite\/"},{"@type":"Person","@id":"https:\/\/www.domtar.com\/fr\/#\/schema\/person\/4d21ffde10cfab347e748520fcfd4852","name":"Domtar Paper","image":{"@type":"ImageObject","inLanguage":"fr-FR","@id":"https:\/\/secure.gravatar.com\/avatar\/9665d248ca3a0bda3f49d110c0aed56fb366b0e6cb6ed4496c9e7f63464e6745?s=96&d=mm&r=g","url":"https:\/\/secure.gravatar.com\/avatar\/9665d248ca3a0bda3f49d110c0aed56fb366b0e6cb6ed4496c9e7f63464e6745?s=96&d=mm&r=g","contentUrl":"https:\/\/secure.gravatar.com\/avatar\/9665d248ca3a0bda3f49d110c0aed56fb366b0e6cb6ed4496c9e7f63464e6745?s=96&d=mm&r=g","caption":"Domtar Paper"}}]}},"_links":{"self":[{"href":"https:\/\/www.domtar.com\/fr\/wp-json\/wp\/v2\/posts\/29651","targetHints":{"allow":["GET"]}}],"collection":[{"href":"https:\/\/www.domtar.com\/fr\/wp-json\/wp\/v2\/posts"}],"about":[{"href":"https:\/\/www.domtar.com\/fr\/wp-json\/wp\/v2\/types\/post"}],"author":[{"embeddable":true,"href":"https:\/\/www.domtar.com\/fr\/wp-json\/wp\/v2\/users\/16"}],"replies":[{"embeddable":true,"href":"https:\/\/www.domtar.com\/fr\/wp-json\/wp\/v2\/comments?post=29651"}],"version-history":[{"count":0,"href":"https:\/\/www.domtar.com\/fr\/wp-json\/wp\/v2\/posts\/29651\/revisions"}],"wp:featuredmedia":[{"embeddable":true,"href":"https:\/\/www.domtar.com\/fr\/wp-json\/wp\/v2\/media\/23822"}],"wp:attachment":[{"href":"https:\/\/www.domtar.com\/fr\/wp-json\/wp\/v2\/media?parent=29651"}],"wp:term":[{"taxonomy":"category","embeddable":true,"href":"https:\/\/www.domtar.com\/fr\/wp-json\/wp\/v2\/categories?post=29651"},{"taxonomy":"post_tag","embeddable":true,"href":"https:\/\/www.domtar.com\/fr\/wp-json\/wp\/v2\/tags?post=29651"}],"curies":[{"name":"wp","href":"https:\/\/api.w.org\/{rel}","templated":true}]}}