{"id":29608,"date":"2023-06-15T12:59:52","date_gmt":"2023-06-15T12:59:52","guid":{"rendered":"https:\/\/www.domtar.com\/celebration-de-leducation-autochtone\/"},"modified":"2023-06-15T12:59:52","modified_gmt":"2023-06-15T12:59:52","slug":"celebration-de-leducation-autochtone","status":"publish","type":"post","link":"https:\/\/www.domtar.com\/fr\/celebration-de-leducation-autochtone\/","title":{"rendered":"C\u00e9l\u00e9bration de l&rsquo;\u00e9ducation autochtone"},"content":{"rendered":"<section id=\"immersive_panel_1\" class=\"lc-module section-article-content-block\">\n<div class=\"lc-module-inner\">\n<div class=\"article-block-wrapper lc-module-inner fade-bottom\">\n<div class=\"entry\">\n<p>Quatre ans apr\u00e8s leur cr\u00e9ation, les centres \u00e9ducatifs du Lac des Mille Lacs connaissent un succ\u00e8s retentissant. En fait, ces centres \u00e9ducatifs novateurs, multiculturels et dirig\u00e9s par des autochtones dans le nord-ouest de l&rsquo;Ontario s&rsquo;attendent \u00e0 doubler leurs effectifs. Pr\u00e8s de la moiti\u00e9 des 300 \u00e9tudiants actuels sont issus de communaut\u00e9s autochtones. R\u00e9solu a fait un don de 25 000 $CAN \u00e0 l&rsquo;organisme en 2021, reconnaissant son potentiel \u00e0 cr\u00e9er des effets positifs durables dans la vie des jeunes de la r\u00e9gion. En mai dernier, R\u00e9solu a visit\u00e9 le site de l&rsquo;I.R. Churchill pour donner une pr\u00e9sentation sur la foresterie 101 aux \u00e9l\u00e8ves de l&rsquo;\u00e9cole secondaire de premier cycle.    <\/p>\n\n<p>Adoptant une approche holistique et inclusive, l&rsquo;organisation propose des programmes \u00e9ducatifs depuis la petite enfance jusqu&rsquo;\u00e0 la 12e ann\u00e9e. Le programme d&rsquo;\u00e9tudes comprend des activit\u00e9s exp\u00e9rientielles et terrestres, ainsi que l&rsquo;enseignement de la langue anishinaabemowin (ojibw\u00e9). L&rsquo;organisation est \u00e9galement fi\u00e8re de son solide programme de hockey.  &nbsp;<\/p>\n\n<p>Depuis plus de 25 ans, R\u00e9solu et la Premi\u00e8re nation du Lac des Mille Lacs entretiennent un partenariat mutuellement b\u00e9n\u00e9fique. Les membres de la nation du Trait\u00e9 3 participent \u00e0 la gestion foresti\u00e8re, \u00e0 la planification de l&rsquo;utilisation des terres et aux comit\u00e9s de citoyens locaux, apportant ainsi des perspectives et une expertise pr\u00e9cieuses. R\u00e9solu s&rsquo;engage \u00e0 soutenir et \u00e0 maintenir des relations constructives avec les Premi\u00e8res nations et les autres communaut\u00e9s autochtones dans ses r\u00e9gions d&rsquo;exploitation au Canada.  <\/p>\n\n<p>L&rsquo;avenir est prometteur pour les centres d&rsquo;\u00e9ducation du lac des Mille Lacs, et R\u00e9solu est honor\u00e9e de faire partie de leur vision inspirante !<\/p>\n<\/div>\n\n\n<\/div>\n<\/div>\n<\/div>\n<\/section>","protected":false},"excerpt":{"rendered":"<p>L&rsquo;usine de Kingsport a re\u00e7u le titre de \u00ab\u00a0Business Recycler of the Year\u00a0\u00bb (recycleur de l&rsquo;ann\u00e9e) du Tennessee. Voici pourquoi la Tennessee Recycling Coalition a choisi notre usine comme laur\u00e9ate pour 2024. <\/p>\n","protected":false},"author":1,"featured_media":23846,"comment_status":"open","ping_status":"open","sticky":false,"template":"","format":"standard","meta":{"_acf_changed":false,"_genesis_block_theme_hide_title":false,"footnotes":""},"categories":[979,983],"tags":[],"class_list":{"0":"post-29608","1":"post","2":"type-post","3":"status-publish","4":"format-standard","5":"has-post-thumbnail","6":"hentry","7":"category-community-investment-fr","8":"category-indigenous-relations-fr","10":"with-featured-image"},"acf":[],"yoast_head":"<!-- This site is optimized with the Yoast SEO Premium plugin v27.4 (Yoast SEO v27.5) - https:\/\/yoast.com\/product\/yoast-seo-premium-wordpress\/ -->\n<title>C\u00e9l\u00e9bration de l&#039;\u00e9ducation autochtone - Domtar<\/title>\n<meta name=\"description\" content=\"L\u00e9gende (de gauche \u00e0 droite) : Luke Klages, sp\u00e9cialiste des drones, et Christa Campbell, coordinatrice foresti\u00e8re, pr\u00e9sentent une introduction \u00e0 la foresterie \u00e0 des \u00e9l\u00e8ves de 7e et 8e ann\u00e9e. Quatre ans apr\u00e8s leur cr\u00e9ation, les centres \u00e9ducatifs du lac des Mille Lacs connaissent un succ\u00e8s retentissant. En fait, ces centres \u00e9ducatifs novateurs, multiculturels et dirig\u00e9s par des autochtones dans le nord-ouest de l&#039;Ontario s&#039;attendent \u00e0 doubler...\" \/>\n<meta name=\"robots\" content=\"index, follow, max-snippet:-1, max-image-preview:large, max-video-preview:-1\" \/>\n<link rel=\"canonical\" href=\"https:\/\/www.domtar.com\/fr\/celebration-de-leducation-autochtone\/\" \/>\n<meta property=\"og:locale\" content=\"fr_FR\" \/>\n<meta property=\"og:type\" content=\"article\" \/>\n<meta property=\"og:title\" content=\"C\u00e9l\u00e9bration de l&#039;\u00e9ducation autochtone\" \/>\n<meta property=\"og:description\" content=\"L\u00e9gende (de gauche \u00e0 droite) : Luke Klages, sp\u00e9cialiste des drones, et Christa Campbell, coordinatrice foresti\u00e8re, pr\u00e9sentent une introduction \u00e0 la foresterie \u00e0 des \u00e9l\u00e8ves de 7e et 8e ann\u00e9e. Quatre ans apr\u00e8s leur cr\u00e9ation, les centres \u00e9ducatifs du lac des Mille Lacs connaissent un succ\u00e8s retentissant. En fait, ces centres \u00e9ducatifs novateurs, multiculturels et dirig\u00e9s par des autochtones dans le nord-ouest de l&#039;Ontario s&#039;attendent \u00e0 doubler...\" \/>\n<meta property=\"og:url\" content=\"https:\/\/www.domtar.com\/fr\/celebration-de-leducation-autochtone\/\" \/>\n<meta property=\"og:site_name\" content=\"Domtar\" \/>\n<meta property=\"article:publisher\" content=\"https:\/\/www.facebook.com\/DomtarEveryday\/\" \/>\n<meta property=\"article:published_time\" content=\"2023-06-15T12:59:52+00:00\" \/>\n<meta property=\"og:image\" content=\"https:\/\/www.domtar.com\/wp-content\/uploads\/2024\/09\/IMG-8764-1548x1024-1.jpg\" \/>\n\t<meta property=\"og:image:width\" content=\"1548\" \/>\n\t<meta property=\"og:image:height\" content=\"1024\" \/>\n\t<meta property=\"og:image:type\" content=\"image\/jpeg\" \/>\n<meta name=\"author\" content=\"domtarcom\" \/>\n<meta name=\"twitter:card\" content=\"summary_large_image\" \/>\n<meta name=\"twitter:creator\" content=\"@DomtarEveryday\" \/>\n<meta name=\"twitter:site\" content=\"@DomtarEveryday\" \/>\n<meta name=\"twitter:label1\" content=\"\u00c9crit par\" \/>\n\t<meta name=\"twitter:data1\" content=\"domtarcom\" \/>\n\t<meta name=\"twitter:label2\" content=\"Dur\u00e9e de lecture estim\u00e9e\" \/>\n\t<meta name=\"twitter:data2\" content=\"1 minute\" \/>\n<script type=\"application\/ld+json\" class=\"yoast-schema-graph\">{\"@context\":\"https:\\\/\\\/schema.org\",\"@graph\":[{\"@type\":\"Article\",\"@id\":\"https:\\\/\\\/www.domtar.com\\\/fr\\\/celebration-de-leducation-autochtone\\\/#article\",\"isPartOf\":{\"@id\":\"https:\\\/\\\/www.domtar.com\\\/fr\\\/celebration-de-leducation-autochtone\\\/\"},\"author\":{\"name\":\"domtarcom\",\"@id\":\"https:\\\/\\\/www.domtar.com\\\/fr\\\/#\\\/schema\\\/person\\\/1eceda201e008fe717760290e7efa36e\"},\"headline\":\"C\u00e9l\u00e9bration de l&rsquo;\u00e9ducation autochtone\",\"datePublished\":\"2023-06-15T12:59:52+00:00\",\"mainEntityOfPage\":{\"@id\":\"https:\\\/\\\/www.domtar.com\\\/fr\\\/celebration-de-leducation-autochtone\\\/\"},\"wordCount\":295,\"commentCount\":0,\"publisher\":{\"@id\":\"https:\\\/\\\/www.domtar.com\\\/fr\\\/#organization\"},\"image\":{\"@id\":\"https:\\\/\\\/www.domtar.com\\\/fr\\\/celebration-de-leducation-autochtone\\\/#primaryimage\"},\"thumbnailUrl\":\"https:\\\/\\\/www.domtar.com\\\/wp-content\\\/uploads\\\/2024\\\/09\\\/IMG-8764-1548x1024-1.jpg\",\"articleSection\":[\"Community Investment\",\"Indigenous Relations\"],\"inLanguage\":\"fr-FR\",\"potentialAction\":[{\"@type\":\"CommentAction\",\"name\":\"Comment\",\"target\":[\"https:\\\/\\\/www.domtar.com\\\/fr\\\/celebration-de-leducation-autochtone\\\/#respond\"]}]},{\"@type\":\"WebPage\",\"@id\":\"https:\\\/\\\/www.domtar.com\\\/fr\\\/celebration-de-leducation-autochtone\\\/\",\"url\":\"https:\\\/\\\/www.domtar.com\\\/fr\\\/celebration-de-leducation-autochtone\\\/\",\"name\":\"C\u00e9l\u00e9bration de l'\u00e9ducation autochtone - Domtar\",\"isPartOf\":{\"@id\":\"https:\\\/\\\/www.domtar.com\\\/fr\\\/#website\"},\"primaryImageOfPage\":{\"@id\":\"https:\\\/\\\/www.domtar.com\\\/fr\\\/celebration-de-leducation-autochtone\\\/#primaryimage\"},\"image\":{\"@id\":\"https:\\\/\\\/www.domtar.com\\\/fr\\\/celebration-de-leducation-autochtone\\\/#primaryimage\"},\"thumbnailUrl\":\"https:\\\/\\\/www.domtar.com\\\/wp-content\\\/uploads\\\/2024\\\/09\\\/IMG-8764-1548x1024-1.jpg\",\"datePublished\":\"2023-06-15T12:59:52+00:00\",\"description\":\"L\u00e9gende (de gauche \u00e0 droite) : Luke Klages, sp\u00e9cialiste des drones, et Christa Campbell, coordinatrice foresti\u00e8re, pr\u00e9sentent une introduction \u00e0 la foresterie \u00e0 des \u00e9l\u00e8ves de 7e et 8e ann\u00e9e. Quatre ans apr\u00e8s leur cr\u00e9ation, les centres \u00e9ducatifs du lac des Mille Lacs connaissent un succ\u00e8s retentissant. En fait, ces centres \u00e9ducatifs novateurs, multiculturels et dirig\u00e9s par des autochtones dans le nord-ouest de l'Ontario s'attendent \u00e0 doubler...\",\"breadcrumb\":{\"@id\":\"https:\\\/\\\/www.domtar.com\\\/fr\\\/celebration-de-leducation-autochtone\\\/#breadcrumb\"},\"inLanguage\":\"fr-FR\",\"potentialAction\":[{\"@type\":\"ReadAction\",\"target\":[\"https:\\\/\\\/www.domtar.com\\\/fr\\\/celebration-de-leducation-autochtone\\\/\"]}]},{\"@type\":\"ImageObject\",\"inLanguage\":\"fr-FR\",\"@id\":\"https:\\\/\\\/www.domtar.com\\\/fr\\\/celebration-de-leducation-autochtone\\\/#primaryimage\",\"url\":\"https:\\\/\\\/www.domtar.com\\\/wp-content\\\/uploads\\\/2024\\\/09\\\/IMG-8764-1548x1024-1.jpg\",\"contentUrl\":\"https:\\\/\\\/www.domtar.com\\\/wp-content\\\/uploads\\\/2024\\\/09\\\/IMG-8764-1548x1024-1.jpg\",\"width\":1548,\"height\":1024,\"caption\":\"Caption (from l.to r.): Luke Klages, drone specialist, and Christa Campbell, forestry coordinator, present an introduction to forestry to Grade 7 and 8 students.\"},{\"@type\":\"BreadcrumbList\",\"@id\":\"https:\\\/\\\/www.domtar.com\\\/fr\\\/celebration-de-leducation-autochtone\\\/#breadcrumb\",\"itemListElement\":[{\"@type\":\"ListItem\",\"position\":1,\"name\":\"Home\",\"item\":\"https:\\\/\\\/www.domtar.com\\\/fr\\\/\"},{\"@type\":\"ListItem\",\"position\":2,\"name\":\"C\u00e9l\u00e9bration de l&#8217;\u00e9ducation autochtone\"}]},{\"@type\":\"WebSite\",\"@id\":\"https:\\\/\\\/www.domtar.com\\\/fr\\\/#website\",\"url\":\"https:\\\/\\\/www.domtar.com\\\/fr\\\/\",\"name\":\"Domtar | The Fiber for the Future\",\"description\":\"The Sustainable Paper, Pulp and Packaging Company\",\"publisher\":{\"@id\":\"https:\\\/\\\/www.domtar.com\\\/fr\\\/#organization\"},\"alternateName\":\"Domtar\",\"potentialAction\":[{\"@type\":\"SearchAction\",\"target\":{\"@type\":\"EntryPoint\",\"urlTemplate\":\"https:\\\/\\\/www.domtar.com\\\/fr\\\/?s={search_term_string}\"},\"query-input\":{\"@type\":\"PropertyValueSpecification\",\"valueRequired\":true,\"valueName\":\"search_term_string\"}}],\"inLanguage\":\"fr-FR\"},{\"@type\":\"Organization\",\"@id\":\"https:\\\/\\\/www.domtar.com\\\/fr\\\/#organization\",\"name\":\"Domtar\",\"url\":\"https:\\\/\\\/www.domtar.com\\\/fr\\\/\",\"logo\":{\"@type\":\"ImageObject\",\"inLanguage\":\"fr-FR\",\"@id\":\"https:\\\/\\\/www.domtar.com\\\/fr\\\/#\\\/schema\\\/logo\\\/image\\\/\",\"url\":\"https:\\\/\\\/www.domtar.com\\\/wp-content\\\/uploads\\\/2023\\\/03\\\/domtar_logo_rgb_green.png\",\"contentUrl\":\"https:\\\/\\\/www.domtar.com\\\/wp-content\\\/uploads\\\/2023\\\/03\\\/domtar_logo_rgb_green.png\",\"width\":1153,\"height\":263,\"caption\":\"Domtar\"},\"image\":{\"@id\":\"https:\\\/\\\/www.domtar.com\\\/fr\\\/#\\\/schema\\\/logo\\\/image\\\/\"},\"sameAs\":[\"https:\\\/\\\/www.facebook.com\\\/DomtarEveryday\\\/\",\"https:\\\/\\\/x.com\\\/DomtarEveryday\",\"https:\\\/\\\/www.linkedin.com\\\/company\\\/domtar\\\/\",\"https:\\\/\\\/www.youtube.com\\\/channel\\\/UCh8Zhq2Rmxhl5Km0krrGoYw\"],\"ethicsPolicy\":\"https:\\\/\\\/www.domtar.com\\\/fr\\\/notre-entreprise\\\/ethique-et-conformite\\\/\"},{\"@type\":\"Person\",\"@id\":\"https:\\\/\\\/www.domtar.com\\\/fr\\\/#\\\/schema\\\/person\\\/1eceda201e008fe717760290e7efa36e\",\"name\":\"domtarcom\",\"image\":{\"@type\":\"ImageObject\",\"inLanguage\":\"fr-FR\",\"@id\":\"https:\\\/\\\/secure.gravatar.com\\\/avatar\\\/6a4ce9fede2abd183940f0fdc0562cee7a1a11070fe70dcb01d2f164b0fde389?s=96&d=mm&r=g\",\"url\":\"https:\\\/\\\/secure.gravatar.com\\\/avatar\\\/6a4ce9fede2abd183940f0fdc0562cee7a1a11070fe70dcb01d2f164b0fde389?s=96&d=mm&r=g\",\"contentUrl\":\"https:\\\/\\\/secure.gravatar.com\\\/avatar\\\/6a4ce9fede2abd183940f0fdc0562cee7a1a11070fe70dcb01d2f164b0fde389?s=96&d=mm&r=g\",\"caption\":\"domtarcom\"},\"sameAs\":[\"https:\\\/\\\/domtarwpe.wpengine.com\"]}]}<\/script>\n<!-- \/ Yoast SEO Premium plugin. -->","yoast_head_json":{"title":"C\u00e9l\u00e9bration de l'\u00e9ducation autochtone - Domtar","description":"L\u00e9gende (de gauche \u00e0 droite) : Luke Klages, sp\u00e9cialiste des drones, et Christa Campbell, coordinatrice foresti\u00e8re, pr\u00e9sentent une introduction \u00e0 la foresterie \u00e0 des \u00e9l\u00e8ves de 7e et 8e ann\u00e9e. Quatre ans apr\u00e8s leur cr\u00e9ation, les centres \u00e9ducatifs du lac des Mille Lacs connaissent un succ\u00e8s retentissant. En fait, ces centres \u00e9ducatifs novateurs, multiculturels et dirig\u00e9s par des autochtones dans le nord-ouest de l'Ontario s'attendent \u00e0 doubler...","robots":{"index":"index","follow":"follow","max-snippet":"max-snippet:-1","max-image-preview":"max-image-preview:large","max-video-preview":"max-video-preview:-1"},"canonical":"https:\/\/www.domtar.com\/fr\/celebration-de-leducation-autochtone\/","og_locale":"fr_FR","og_type":"article","og_title":"C\u00e9l\u00e9bration de l'\u00e9ducation autochtone","og_description":"L\u00e9gende (de gauche \u00e0 droite) : Luke Klages, sp\u00e9cialiste des drones, et Christa Campbell, coordinatrice foresti\u00e8re, pr\u00e9sentent une introduction \u00e0 la foresterie \u00e0 des \u00e9l\u00e8ves de 7e et 8e ann\u00e9e. Quatre ans apr\u00e8s leur cr\u00e9ation, les centres \u00e9ducatifs du lac des Mille Lacs connaissent un succ\u00e8s retentissant. En fait, ces centres \u00e9ducatifs novateurs, multiculturels et dirig\u00e9s par des autochtones dans le nord-ouest de l'Ontario s'attendent \u00e0 doubler...","og_url":"https:\/\/www.domtar.com\/fr\/celebration-de-leducation-autochtone\/","og_site_name":"Domtar","article_publisher":"https:\/\/www.facebook.com\/DomtarEveryday\/","article_published_time":"2023-06-15T12:59:52+00:00","og_image":[{"width":1548,"height":1024,"url":"https:\/\/www.domtar.com\/wp-content\/uploads\/2024\/09\/IMG-8764-1548x1024-1.jpg","type":"image\/jpeg"}],"author":"domtarcom","twitter_card":"summary_large_image","twitter_creator":"@DomtarEveryday","twitter_site":"@DomtarEveryday","twitter_misc":{"\u00c9crit par":"domtarcom","Dur\u00e9e de lecture estim\u00e9e":"1 minute"},"schema":{"@context":"https:\/\/schema.org","@graph":[{"@type":"Article","@id":"https:\/\/www.domtar.com\/fr\/celebration-de-leducation-autochtone\/#article","isPartOf":{"@id":"https:\/\/www.domtar.com\/fr\/celebration-de-leducation-autochtone\/"},"author":{"name":"domtarcom","@id":"https:\/\/www.domtar.com\/fr\/#\/schema\/person\/1eceda201e008fe717760290e7efa36e"},"headline":"C\u00e9l\u00e9bration de l&rsquo;\u00e9ducation autochtone","datePublished":"2023-06-15T12:59:52+00:00","mainEntityOfPage":{"@id":"https:\/\/www.domtar.com\/fr\/celebration-de-leducation-autochtone\/"},"wordCount":295,"commentCount":0,"publisher":{"@id":"https:\/\/www.domtar.com\/fr\/#organization"},"image":{"@id":"https:\/\/www.domtar.com\/fr\/celebration-de-leducation-autochtone\/#primaryimage"},"thumbnailUrl":"https:\/\/www.domtar.com\/wp-content\/uploads\/2024\/09\/IMG-8764-1548x1024-1.jpg","articleSection":["Community Investment","Indigenous Relations"],"inLanguage":"fr-FR","potentialAction":[{"@type":"CommentAction","name":"Comment","target":["https:\/\/www.domtar.com\/fr\/celebration-de-leducation-autochtone\/#respond"]}]},{"@type":"WebPage","@id":"https:\/\/www.domtar.com\/fr\/celebration-de-leducation-autochtone\/","url":"https:\/\/www.domtar.com\/fr\/celebration-de-leducation-autochtone\/","name":"C\u00e9l\u00e9bration de l'\u00e9ducation autochtone - Domtar","isPartOf":{"@id":"https:\/\/www.domtar.com\/fr\/#website"},"primaryImageOfPage":{"@id":"https:\/\/www.domtar.com\/fr\/celebration-de-leducation-autochtone\/#primaryimage"},"image":{"@id":"https:\/\/www.domtar.com\/fr\/celebration-de-leducation-autochtone\/#primaryimage"},"thumbnailUrl":"https:\/\/www.domtar.com\/wp-content\/uploads\/2024\/09\/IMG-8764-1548x1024-1.jpg","datePublished":"2023-06-15T12:59:52+00:00","description":"L\u00e9gende (de gauche \u00e0 droite) : Luke Klages, sp\u00e9cialiste des drones, et Christa Campbell, coordinatrice foresti\u00e8re, pr\u00e9sentent une introduction \u00e0 la foresterie \u00e0 des \u00e9l\u00e8ves de 7e et 8e ann\u00e9e. Quatre ans apr\u00e8s leur cr\u00e9ation, les centres \u00e9ducatifs du lac des Mille Lacs connaissent un succ\u00e8s retentissant. En fait, ces centres \u00e9ducatifs novateurs, multiculturels et dirig\u00e9s par des autochtones dans le nord-ouest de l'Ontario s'attendent \u00e0 doubler...","breadcrumb":{"@id":"https:\/\/www.domtar.com\/fr\/celebration-de-leducation-autochtone\/#breadcrumb"},"inLanguage":"fr-FR","potentialAction":[{"@type":"ReadAction","target":["https:\/\/www.domtar.com\/fr\/celebration-de-leducation-autochtone\/"]}]},{"@type":"ImageObject","inLanguage":"fr-FR","@id":"https:\/\/www.domtar.com\/fr\/celebration-de-leducation-autochtone\/#primaryimage","url":"https:\/\/www.domtar.com\/wp-content\/uploads\/2024\/09\/IMG-8764-1548x1024-1.jpg","contentUrl":"https:\/\/www.domtar.com\/wp-content\/uploads\/2024\/09\/IMG-8764-1548x1024-1.jpg","width":1548,"height":1024,"caption":"Caption (from l.to r.): Luke Klages, drone specialist, and Christa Campbell, forestry coordinator, present an introduction to forestry to Grade 7 and 8 students."},{"@type":"BreadcrumbList","@id":"https:\/\/www.domtar.com\/fr\/celebration-de-leducation-autochtone\/#breadcrumb","itemListElement":[{"@type":"ListItem","position":1,"name":"Home","item":"https:\/\/www.domtar.com\/fr\/"},{"@type":"ListItem","position":2,"name":"C\u00e9l\u00e9bration de l&#8217;\u00e9ducation autochtone"}]},{"@type":"WebSite","@id":"https:\/\/www.domtar.com\/fr\/#website","url":"https:\/\/www.domtar.com\/fr\/","name":"Domtar | The Fiber for the Future","description":"The Sustainable Paper, Pulp and Packaging Company","publisher":{"@id":"https:\/\/www.domtar.com\/fr\/#organization"},"alternateName":"Domtar","potentialAction":[{"@type":"SearchAction","target":{"@type":"EntryPoint","urlTemplate":"https:\/\/www.domtar.com\/fr\/?s={search_term_string}"},"query-input":{"@type":"PropertyValueSpecification","valueRequired":true,"valueName":"search_term_string"}}],"inLanguage":"fr-FR"},{"@type":"Organization","@id":"https:\/\/www.domtar.com\/fr\/#organization","name":"Domtar","url":"https:\/\/www.domtar.com\/fr\/","logo":{"@type":"ImageObject","inLanguage":"fr-FR","@id":"https:\/\/www.domtar.com\/fr\/#\/schema\/logo\/image\/","url":"https:\/\/www.domtar.com\/wp-content\/uploads\/2023\/03\/domtar_logo_rgb_green.png","contentUrl":"https:\/\/www.domtar.com\/wp-content\/uploads\/2023\/03\/domtar_logo_rgb_green.png","width":1153,"height":263,"caption":"Domtar"},"image":{"@id":"https:\/\/www.domtar.com\/fr\/#\/schema\/logo\/image\/"},"sameAs":["https:\/\/www.facebook.com\/DomtarEveryday\/","https:\/\/x.com\/DomtarEveryday","https:\/\/www.linkedin.com\/company\/domtar\/","https:\/\/www.youtube.com\/channel\/UCh8Zhq2Rmxhl5Km0krrGoYw"],"ethicsPolicy":"https:\/\/www.domtar.com\/fr\/notre-entreprise\/ethique-et-conformite\/"},{"@type":"Person","@id":"https:\/\/www.domtar.com\/fr\/#\/schema\/person\/1eceda201e008fe717760290e7efa36e","name":"domtarcom","image":{"@type":"ImageObject","inLanguage":"fr-FR","@id":"https:\/\/secure.gravatar.com\/avatar\/6a4ce9fede2abd183940f0fdc0562cee7a1a11070fe70dcb01d2f164b0fde389?s=96&d=mm&r=g","url":"https:\/\/secure.gravatar.com\/avatar\/6a4ce9fede2abd183940f0fdc0562cee7a1a11070fe70dcb01d2f164b0fde389?s=96&d=mm&r=g","contentUrl":"https:\/\/secure.gravatar.com\/avatar\/6a4ce9fede2abd183940f0fdc0562cee7a1a11070fe70dcb01d2f164b0fde389?s=96&d=mm&r=g","caption":"domtarcom"},"sameAs":["https:\/\/domtarwpe.wpengine.com"]}]}},"_links":{"self":[{"href":"https:\/\/www.domtar.com\/fr\/wp-json\/wp\/v2\/posts\/29608","targetHints":{"allow":["GET"]}}],"collection":[{"href":"https:\/\/www.domtar.com\/fr\/wp-json\/wp\/v2\/posts"}],"about":[{"href":"https:\/\/www.domtar.com\/fr\/wp-json\/wp\/v2\/types\/post"}],"author":[{"embeddable":true,"href":"https:\/\/www.domtar.com\/fr\/wp-json\/wp\/v2\/users\/1"}],"replies":[{"embeddable":true,"href":"https:\/\/www.domtar.com\/fr\/wp-json\/wp\/v2\/comments?post=29608"}],"version-history":[{"count":0,"href":"https:\/\/www.domtar.com\/fr\/wp-json\/wp\/v2\/posts\/29608\/revisions"}],"wp:featuredmedia":[{"embeddable":true,"href":"https:\/\/www.domtar.com\/fr\/wp-json\/wp\/v2\/media\/23846"}],"wp:attachment":[{"href":"https:\/\/www.domtar.com\/fr\/wp-json\/wp\/v2\/media?parent=29608"}],"wp:term":[{"taxonomy":"category","embeddable":true,"href":"https:\/\/www.domtar.com\/fr\/wp-json\/wp\/v2\/categories?post=29608"},{"taxonomy":"post_tag","embeddable":true,"href":"https:\/\/www.domtar.com\/fr\/wp-json\/wp\/v2\/tags?post=29608"}],"curies":[{"name":"wp","href":"https:\/\/api.w.org\/{rel}","templated":true}]}}