{"id":29595,"date":"2023-06-06T12:28:05","date_gmt":"2023-06-06T12:28:05","guid":{"rendered":"https:\/\/www.domtar.com\/le-mois-de-juin-marque-le-debut-de-la-saison-des-fiertes\/"},"modified":"2023-06-06T12:28:05","modified_gmt":"2023-06-06T12:28:05","slug":"le-mois-de-juin-marque-le-debut-de-la-saison-des-fiertes","status":"publish","type":"post","link":"https:\/\/www.domtar.com\/fr\/le-mois-de-juin-marque-le-debut-de-la-saison-des-fiertes\/","title":{"rendered":"Le mois de juin marque le d\u00e9but de la saison des fiert\u00e9s !"},"content":{"rendered":"<section id=\"immersive_panel_1\" class=\"lc-module section-article-content-block\">\n<div class=\"lc-module-inner\">\n<div class=\"article-block-wrapper lc-module-inner fade-bottom\">\n<div class=\"entry\">\n<p>Le mois de juin est le Mois de la fiert\u00e9, qui marque le d\u00e9but d&rsquo;une saison de c\u00e9l\u00e9bration mondiale des progr\u00e8s accomplis pour d\u00e9stigmatiser les membres de la communaut\u00e9 2SLGBTQIA+ et leur permettre d&rsquo;obtenir des droits. C&rsquo;est aussi l&rsquo;occasion d&rsquo;\u00e9largir la compr\u00e9hension sociale et politique et de sensibiliser aux probl\u00e8mes. <br><\/p>\n\n<p>Le catalyseur du mois de juin en tant que mois des fiert\u00e9s a \u00e9t\u00e9 la descente de police de 1969 au Stonewall Inn, un club gay de New York. Les manifestations contre les discriminations sociales r\u00e9p\u00e9t\u00e9es ont dur\u00e9 plusieurs jours. Pour le premier anniversaire de l&rsquo;\u00e9v\u00e9nement, en 1970, des milliers de personnes ont particip\u00e9 \u00e0 la premi\u00e8re parade de la fiert\u00e9 homosexuelle en Am\u00e9rique, en scandant \u00ab\u00a0Say it loud, gay is proud\u00a0\u00bb (\u00ab\u00a0Dites-le fort, les homosexuels sont fiers\u00a0\u00bb).  <br><br><strong>La diversit\u00e9 et l&rsquo;inclusion \u00e0 l&rsquo;honneur<\/strong><br><br>En 1978, le drapeau arc-en-ciel est n\u00e9 lorsque Harvey Milk, le premier homme politique am\u00e9ricain ouvertement homosexuel, a incit\u00e9 l&rsquo;artiste, l&rsquo;activiste et le v\u00e9t\u00e9ran militaire publiquement gay Gilbert Baker \u00e0 cr\u00e9er un symbole pour la communaut\u00e9. Le premier drapeau arc-en-ciel LGBTQ a vu le jour avec huit couleurs repr\u00e9sentant chacune une signification allant du sexe et de la vie \u00e0 la s\u00e9r\u00e9nit\u00e9 et \u00e0 l&rsquo;esprit. Au fil des ans, des couleurs ont \u00e9t\u00e9 ajout\u00e9es pour inclure les diff\u00e9rents groupes qui font partie du spectre de la diversit\u00e9.  <\/p>\n\n<p>Aujourd&rsquo;hui, le drapeau \u00e0 six bandes avec les couleurs rouge, orange, jaune, vert, bleu et violet de l&rsquo;arc-en-ciel est reconnu dans le monde entier et \u00e9voque non seulement la diversit\u00e9 des genres et des sexualit\u00e9s, mais aussi l&rsquo;aspiration \u00e0 l&rsquo;harmonie et \u00e0 la paix qui est synonyme d&rsquo;inclusivit\u00e9.<\/p>\n\n<p>Chez R\u00e9solu, nos attitudes et nos interactions peuvent refl\u00e9ter le respect et l&rsquo;ouverture qui inspirent un milieu de travail progressif. Continuons \u00e0 accueillir la diversit\u00e9 et \u00e0 dire fi\u00e8rement oui aux opportunit\u00e9s d&rsquo;inclusion et de croissance. <\/p>\n\n<\/div>\n<\/div>\n<\/div>\n<\/section>","protected":false},"excerpt":{"rendered":"<p>L&rsquo;usine de Kingsport a re\u00e7u le titre de \u00ab\u00a0Business Recycler of the Year\u00a0\u00bb (recycleur de l&rsquo;ann\u00e9e) du Tennessee. Voici pourquoi la Tennessee Recycling Coalition a choisi notre usine comme laur\u00e9ate pour 2024. <\/p>\n","protected":false},"author":1,"featured_media":23804,"comment_status":"open","ping_status":"open","sticky":false,"template":"","format":"standard","meta":{"_acf_changed":false,"_genesis_block_theme_hide_title":false,"footnotes":""},"categories":[975],"tags":[],"class_list":{"0":"post-29595","1":"post","2":"type-post","3":"status-publish","4":"format-standard","5":"has-post-thumbnail","6":"hentry","7":"category-our-company-fr","9":"with-featured-image"},"acf":[],"yoast_head":"<!-- This site is optimized with the Yoast SEO Premium plugin v27.4 (Yoast SEO v27.5) - https:\/\/yoast.com\/product\/yoast-seo-premium-wordpress\/ -->\n<title>Le mois de juin marque le d\u00e9but de la saison des fiert\u00e9s ! - Domtar<\/title>\n<meta name=\"description\" content=\"Chez R\u00e9solu, nous continuons \u00e0 accueillir la diversit\u00e9 et nous sommes fiers de dire oui aux opportunit\u00e9s d&#039;inclusion et de croissance.\" \/>\n<meta name=\"robots\" content=\"index, follow, max-snippet:-1, max-image-preview:large, max-video-preview:-1\" \/>\n<link rel=\"canonical\" href=\"https:\/\/www.domtar.com\/fr\/le-mois-de-juin-marque-le-debut-de-la-saison-des-fiertes\/\" \/>\n<meta property=\"og:locale\" content=\"fr_FR\" \/>\n<meta property=\"og:type\" content=\"article\" \/>\n<meta property=\"og:title\" content=\"Le mois de juin marque le d\u00e9but de la saison des fiert\u00e9s !\" \/>\n<meta property=\"og:description\" content=\"Chez R\u00e9solu, nous continuons \u00e0 accueillir la diversit\u00e9 et nous sommes fiers de dire oui aux opportunit\u00e9s d&#039;inclusion et de croissance.\" \/>\n<meta property=\"og:url\" content=\"https:\/\/www.domtar.com\/fr\/le-mois-de-juin-marque-le-debut-de-la-saison-des-fiertes\/\" \/>\n<meta property=\"og:site_name\" content=\"Domtar\" \/>\n<meta property=\"article:publisher\" content=\"https:\/\/www.facebook.com\/DomtarEveryday\/\" \/>\n<meta property=\"article:published_time\" content=\"2023-06-06T12:28:05+00:00\" \/>\n<meta property=\"og:image\" content=\"https:\/\/www.domtar.com\/wp-content\/uploads\/2024\/09\/iStock-1364936672-1-1536x1024-1.jpg\" \/>\n\t<meta property=\"og:image:width\" content=\"1536\" \/>\n\t<meta property=\"og:image:height\" content=\"1024\" \/>\n\t<meta property=\"og:image:type\" content=\"image\/jpeg\" \/>\n<meta name=\"author\" content=\"domtarcom\" \/>\n<meta name=\"twitter:card\" content=\"summary_large_image\" \/>\n<meta name=\"twitter:creator\" content=\"@DomtarEveryday\" \/>\n<meta name=\"twitter:site\" content=\"@DomtarEveryday\" \/>\n<meta name=\"twitter:label1\" content=\"\u00c9crit par\" \/>\n\t<meta name=\"twitter:data1\" content=\"domtarcom\" \/>\n\t<meta name=\"twitter:label2\" content=\"Dur\u00e9e de lecture estim\u00e9e\" \/>\n\t<meta name=\"twitter:data2\" content=\"2 minutes\" \/>\n<script type=\"application\/ld+json\" class=\"yoast-schema-graph\">{\"@context\":\"https:\\\/\\\/schema.org\",\"@graph\":[{\"@type\":\"Article\",\"@id\":\"https:\\\/\\\/www.domtar.com\\\/fr\\\/le-mois-de-juin-marque-le-debut-de-la-saison-des-fiertes\\\/#article\",\"isPartOf\":{\"@id\":\"https:\\\/\\\/www.domtar.com\\\/fr\\\/le-mois-de-juin-marque-le-debut-de-la-saison-des-fiertes\\\/\"},\"author\":{\"name\":\"domtarcom\",\"@id\":\"https:\\\/\\\/www.domtar.com\\\/fr\\\/#\\\/schema\\\/person\\\/1eceda201e008fe717760290e7efa36e\"},\"headline\":\"Le mois de juin marque le d\u00e9but de la saison des fiert\u00e9s !\",\"datePublished\":\"2023-06-06T12:28:05+00:00\",\"mainEntityOfPage\":{\"@id\":\"https:\\\/\\\/www.domtar.com\\\/fr\\\/le-mois-de-juin-marque-le-debut-de-la-saison-des-fiertes\\\/\"},\"wordCount\":352,\"commentCount\":0,\"publisher\":{\"@id\":\"https:\\\/\\\/www.domtar.com\\\/fr\\\/#organization\"},\"image\":{\"@id\":\"https:\\\/\\\/www.domtar.com\\\/fr\\\/le-mois-de-juin-marque-le-debut-de-la-saison-des-fiertes\\\/#primaryimage\"},\"thumbnailUrl\":\"https:\\\/\\\/www.domtar.com\\\/wp-content\\\/uploads\\\/2024\\\/09\\\/iStock-1364936672-1-1536x1024-1.jpg\",\"articleSection\":[\"Our Company\"],\"inLanguage\":\"fr-FR\",\"potentialAction\":[{\"@type\":\"CommentAction\",\"name\":\"Comment\",\"target\":[\"https:\\\/\\\/www.domtar.com\\\/fr\\\/le-mois-de-juin-marque-le-debut-de-la-saison-des-fiertes\\\/#respond\"]}]},{\"@type\":\"WebPage\",\"@id\":\"https:\\\/\\\/www.domtar.com\\\/fr\\\/le-mois-de-juin-marque-le-debut-de-la-saison-des-fiertes\\\/\",\"url\":\"https:\\\/\\\/www.domtar.com\\\/fr\\\/le-mois-de-juin-marque-le-debut-de-la-saison-des-fiertes\\\/\",\"name\":\"Le mois de juin marque le d\u00e9but de la saison des fiert\u00e9s ! - Domtar\",\"isPartOf\":{\"@id\":\"https:\\\/\\\/www.domtar.com\\\/fr\\\/#website\"},\"primaryImageOfPage\":{\"@id\":\"https:\\\/\\\/www.domtar.com\\\/fr\\\/le-mois-de-juin-marque-le-debut-de-la-saison-des-fiertes\\\/#primaryimage\"},\"image\":{\"@id\":\"https:\\\/\\\/www.domtar.com\\\/fr\\\/le-mois-de-juin-marque-le-debut-de-la-saison-des-fiertes\\\/#primaryimage\"},\"thumbnailUrl\":\"https:\\\/\\\/www.domtar.com\\\/wp-content\\\/uploads\\\/2024\\\/09\\\/iStock-1364936672-1-1536x1024-1.jpg\",\"datePublished\":\"2023-06-06T12:28:05+00:00\",\"description\":\"Chez R\u00e9solu, nous continuons \u00e0 accueillir la diversit\u00e9 et nous sommes fiers de dire oui aux opportunit\u00e9s d'inclusion et de croissance.\",\"breadcrumb\":{\"@id\":\"https:\\\/\\\/www.domtar.com\\\/fr\\\/le-mois-de-juin-marque-le-debut-de-la-saison-des-fiertes\\\/#breadcrumb\"},\"inLanguage\":\"fr-FR\",\"potentialAction\":[{\"@type\":\"ReadAction\",\"target\":[\"https:\\\/\\\/www.domtar.com\\\/fr\\\/le-mois-de-juin-marque-le-debut-de-la-saison-des-fiertes\\\/\"]}]},{\"@type\":\"ImageObject\",\"inLanguage\":\"fr-FR\",\"@id\":\"https:\\\/\\\/www.domtar.com\\\/fr\\\/le-mois-de-juin-marque-le-debut-de-la-saison-des-fiertes\\\/#primaryimage\",\"url\":\"https:\\\/\\\/www.domtar.com\\\/wp-content\\\/uploads\\\/2024\\\/09\\\/iStock-1364936672-1-1536x1024-1.jpg\",\"contentUrl\":\"https:\\\/\\\/www.domtar.com\\\/wp-content\\\/uploads\\\/2024\\\/09\\\/iStock-1364936672-1-1536x1024-1.jpg\",\"width\":1536,\"height\":1024,\"caption\":\"Wrapped in bisexual flag and pride flags this trio are waving small pride flags and watching a gay pride event\"},{\"@type\":\"BreadcrumbList\",\"@id\":\"https:\\\/\\\/www.domtar.com\\\/fr\\\/le-mois-de-juin-marque-le-debut-de-la-saison-des-fiertes\\\/#breadcrumb\",\"itemListElement\":[{\"@type\":\"ListItem\",\"position\":1,\"name\":\"Home\",\"item\":\"https:\\\/\\\/www.domtar.com\\\/fr\\\/\"},{\"@type\":\"ListItem\",\"position\":2,\"name\":\"Le mois de juin marque le d\u00e9but de la saison des fiert\u00e9s !\"}]},{\"@type\":\"WebSite\",\"@id\":\"https:\\\/\\\/www.domtar.com\\\/fr\\\/#website\",\"url\":\"https:\\\/\\\/www.domtar.com\\\/fr\\\/\",\"name\":\"Domtar | The Fiber for the Future\",\"description\":\"The Sustainable Paper, Pulp and Packaging Company\",\"publisher\":{\"@id\":\"https:\\\/\\\/www.domtar.com\\\/fr\\\/#organization\"},\"alternateName\":\"Domtar\",\"potentialAction\":[{\"@type\":\"SearchAction\",\"target\":{\"@type\":\"EntryPoint\",\"urlTemplate\":\"https:\\\/\\\/www.domtar.com\\\/fr\\\/?s={search_term_string}\"},\"query-input\":{\"@type\":\"PropertyValueSpecification\",\"valueRequired\":true,\"valueName\":\"search_term_string\"}}],\"inLanguage\":\"fr-FR\"},{\"@type\":\"Organization\",\"@id\":\"https:\\\/\\\/www.domtar.com\\\/fr\\\/#organization\",\"name\":\"Domtar\",\"url\":\"https:\\\/\\\/www.domtar.com\\\/fr\\\/\",\"logo\":{\"@type\":\"ImageObject\",\"inLanguage\":\"fr-FR\",\"@id\":\"https:\\\/\\\/www.domtar.com\\\/fr\\\/#\\\/schema\\\/logo\\\/image\\\/\",\"url\":\"https:\\\/\\\/www.domtar.com\\\/wp-content\\\/uploads\\\/2023\\\/03\\\/domtar_logo_rgb_green.png\",\"contentUrl\":\"https:\\\/\\\/www.domtar.com\\\/wp-content\\\/uploads\\\/2023\\\/03\\\/domtar_logo_rgb_green.png\",\"width\":1153,\"height\":263,\"caption\":\"Domtar\"},\"image\":{\"@id\":\"https:\\\/\\\/www.domtar.com\\\/fr\\\/#\\\/schema\\\/logo\\\/image\\\/\"},\"sameAs\":[\"https:\\\/\\\/www.facebook.com\\\/DomtarEveryday\\\/\",\"https:\\\/\\\/x.com\\\/DomtarEveryday\",\"https:\\\/\\\/www.linkedin.com\\\/company\\\/domtar\\\/\",\"https:\\\/\\\/www.youtube.com\\\/channel\\\/UCh8Zhq2Rmxhl5Km0krrGoYw\"],\"ethicsPolicy\":\"https:\\\/\\\/www.domtar.com\\\/fr\\\/notre-entreprise\\\/ethique-et-conformite\\\/\"},{\"@type\":\"Person\",\"@id\":\"https:\\\/\\\/www.domtar.com\\\/fr\\\/#\\\/schema\\\/person\\\/1eceda201e008fe717760290e7efa36e\",\"name\":\"domtarcom\",\"image\":{\"@type\":\"ImageObject\",\"inLanguage\":\"fr-FR\",\"@id\":\"https:\\\/\\\/secure.gravatar.com\\\/avatar\\\/6a4ce9fede2abd183940f0fdc0562cee7a1a11070fe70dcb01d2f164b0fde389?s=96&d=mm&r=g\",\"url\":\"https:\\\/\\\/secure.gravatar.com\\\/avatar\\\/6a4ce9fede2abd183940f0fdc0562cee7a1a11070fe70dcb01d2f164b0fde389?s=96&d=mm&r=g\",\"contentUrl\":\"https:\\\/\\\/secure.gravatar.com\\\/avatar\\\/6a4ce9fede2abd183940f0fdc0562cee7a1a11070fe70dcb01d2f164b0fde389?s=96&d=mm&r=g\",\"caption\":\"domtarcom\"},\"sameAs\":[\"https:\\\/\\\/domtarwpe.wpengine.com\"]}]}<\/script>\n<!-- \/ Yoast SEO Premium plugin. -->","yoast_head_json":{"title":"Le mois de juin marque le d\u00e9but de la saison des fiert\u00e9s ! - Domtar","description":"Chez R\u00e9solu, nous continuons \u00e0 accueillir la diversit\u00e9 et nous sommes fiers de dire oui aux opportunit\u00e9s d'inclusion et de croissance.","robots":{"index":"index","follow":"follow","max-snippet":"max-snippet:-1","max-image-preview":"max-image-preview:large","max-video-preview":"max-video-preview:-1"},"canonical":"https:\/\/www.domtar.com\/fr\/le-mois-de-juin-marque-le-debut-de-la-saison-des-fiertes\/","og_locale":"fr_FR","og_type":"article","og_title":"Le mois de juin marque le d\u00e9but de la saison des fiert\u00e9s !","og_description":"Chez R\u00e9solu, nous continuons \u00e0 accueillir la diversit\u00e9 et nous sommes fiers de dire oui aux opportunit\u00e9s d'inclusion et de croissance.","og_url":"https:\/\/www.domtar.com\/fr\/le-mois-de-juin-marque-le-debut-de-la-saison-des-fiertes\/","og_site_name":"Domtar","article_publisher":"https:\/\/www.facebook.com\/DomtarEveryday\/","article_published_time":"2023-06-06T12:28:05+00:00","og_image":[{"width":1536,"height":1024,"url":"https:\/\/www.domtar.com\/wp-content\/uploads\/2024\/09\/iStock-1364936672-1-1536x1024-1.jpg","type":"image\/jpeg"}],"author":"domtarcom","twitter_card":"summary_large_image","twitter_creator":"@DomtarEveryday","twitter_site":"@DomtarEveryday","twitter_misc":{"\u00c9crit par":"domtarcom","Dur\u00e9e de lecture estim\u00e9e":"2 minutes"},"schema":{"@context":"https:\/\/schema.org","@graph":[{"@type":"Article","@id":"https:\/\/www.domtar.com\/fr\/le-mois-de-juin-marque-le-debut-de-la-saison-des-fiertes\/#article","isPartOf":{"@id":"https:\/\/www.domtar.com\/fr\/le-mois-de-juin-marque-le-debut-de-la-saison-des-fiertes\/"},"author":{"name":"domtarcom","@id":"https:\/\/www.domtar.com\/fr\/#\/schema\/person\/1eceda201e008fe717760290e7efa36e"},"headline":"Le mois de juin marque le d\u00e9but de la saison des fiert\u00e9s !","datePublished":"2023-06-06T12:28:05+00:00","mainEntityOfPage":{"@id":"https:\/\/www.domtar.com\/fr\/le-mois-de-juin-marque-le-debut-de-la-saison-des-fiertes\/"},"wordCount":352,"commentCount":0,"publisher":{"@id":"https:\/\/www.domtar.com\/fr\/#organization"},"image":{"@id":"https:\/\/www.domtar.com\/fr\/le-mois-de-juin-marque-le-debut-de-la-saison-des-fiertes\/#primaryimage"},"thumbnailUrl":"https:\/\/www.domtar.com\/wp-content\/uploads\/2024\/09\/iStock-1364936672-1-1536x1024-1.jpg","articleSection":["Our Company"],"inLanguage":"fr-FR","potentialAction":[{"@type":"CommentAction","name":"Comment","target":["https:\/\/www.domtar.com\/fr\/le-mois-de-juin-marque-le-debut-de-la-saison-des-fiertes\/#respond"]}]},{"@type":"WebPage","@id":"https:\/\/www.domtar.com\/fr\/le-mois-de-juin-marque-le-debut-de-la-saison-des-fiertes\/","url":"https:\/\/www.domtar.com\/fr\/le-mois-de-juin-marque-le-debut-de-la-saison-des-fiertes\/","name":"Le mois de juin marque le d\u00e9but de la saison des fiert\u00e9s ! - Domtar","isPartOf":{"@id":"https:\/\/www.domtar.com\/fr\/#website"},"primaryImageOfPage":{"@id":"https:\/\/www.domtar.com\/fr\/le-mois-de-juin-marque-le-debut-de-la-saison-des-fiertes\/#primaryimage"},"image":{"@id":"https:\/\/www.domtar.com\/fr\/le-mois-de-juin-marque-le-debut-de-la-saison-des-fiertes\/#primaryimage"},"thumbnailUrl":"https:\/\/www.domtar.com\/wp-content\/uploads\/2024\/09\/iStock-1364936672-1-1536x1024-1.jpg","datePublished":"2023-06-06T12:28:05+00:00","description":"Chez R\u00e9solu, nous continuons \u00e0 accueillir la diversit\u00e9 et nous sommes fiers de dire oui aux opportunit\u00e9s d'inclusion et de croissance.","breadcrumb":{"@id":"https:\/\/www.domtar.com\/fr\/le-mois-de-juin-marque-le-debut-de-la-saison-des-fiertes\/#breadcrumb"},"inLanguage":"fr-FR","potentialAction":[{"@type":"ReadAction","target":["https:\/\/www.domtar.com\/fr\/le-mois-de-juin-marque-le-debut-de-la-saison-des-fiertes\/"]}]},{"@type":"ImageObject","inLanguage":"fr-FR","@id":"https:\/\/www.domtar.com\/fr\/le-mois-de-juin-marque-le-debut-de-la-saison-des-fiertes\/#primaryimage","url":"https:\/\/www.domtar.com\/wp-content\/uploads\/2024\/09\/iStock-1364936672-1-1536x1024-1.jpg","contentUrl":"https:\/\/www.domtar.com\/wp-content\/uploads\/2024\/09\/iStock-1364936672-1-1536x1024-1.jpg","width":1536,"height":1024,"caption":"Wrapped in bisexual flag and pride flags this trio are waving small pride flags and watching a gay pride event"},{"@type":"BreadcrumbList","@id":"https:\/\/www.domtar.com\/fr\/le-mois-de-juin-marque-le-debut-de-la-saison-des-fiertes\/#breadcrumb","itemListElement":[{"@type":"ListItem","position":1,"name":"Home","item":"https:\/\/www.domtar.com\/fr\/"},{"@type":"ListItem","position":2,"name":"Le mois de juin marque le d\u00e9but de la saison des fiert\u00e9s !"}]},{"@type":"WebSite","@id":"https:\/\/www.domtar.com\/fr\/#website","url":"https:\/\/www.domtar.com\/fr\/","name":"Domtar | The Fiber for the Future","description":"The Sustainable Paper, Pulp and Packaging Company","publisher":{"@id":"https:\/\/www.domtar.com\/fr\/#organization"},"alternateName":"Domtar","potentialAction":[{"@type":"SearchAction","target":{"@type":"EntryPoint","urlTemplate":"https:\/\/www.domtar.com\/fr\/?s={search_term_string}"},"query-input":{"@type":"PropertyValueSpecification","valueRequired":true,"valueName":"search_term_string"}}],"inLanguage":"fr-FR"},{"@type":"Organization","@id":"https:\/\/www.domtar.com\/fr\/#organization","name":"Domtar","url":"https:\/\/www.domtar.com\/fr\/","logo":{"@type":"ImageObject","inLanguage":"fr-FR","@id":"https:\/\/www.domtar.com\/fr\/#\/schema\/logo\/image\/","url":"https:\/\/www.domtar.com\/wp-content\/uploads\/2023\/03\/domtar_logo_rgb_green.png","contentUrl":"https:\/\/www.domtar.com\/wp-content\/uploads\/2023\/03\/domtar_logo_rgb_green.png","width":1153,"height":263,"caption":"Domtar"},"image":{"@id":"https:\/\/www.domtar.com\/fr\/#\/schema\/logo\/image\/"},"sameAs":["https:\/\/www.facebook.com\/DomtarEveryday\/","https:\/\/x.com\/DomtarEveryday","https:\/\/www.linkedin.com\/company\/domtar\/","https:\/\/www.youtube.com\/channel\/UCh8Zhq2Rmxhl5Km0krrGoYw"],"ethicsPolicy":"https:\/\/www.domtar.com\/fr\/notre-entreprise\/ethique-et-conformite\/"},{"@type":"Person","@id":"https:\/\/www.domtar.com\/fr\/#\/schema\/person\/1eceda201e008fe717760290e7efa36e","name":"domtarcom","image":{"@type":"ImageObject","inLanguage":"fr-FR","@id":"https:\/\/secure.gravatar.com\/avatar\/6a4ce9fede2abd183940f0fdc0562cee7a1a11070fe70dcb01d2f164b0fde389?s=96&d=mm&r=g","url":"https:\/\/secure.gravatar.com\/avatar\/6a4ce9fede2abd183940f0fdc0562cee7a1a11070fe70dcb01d2f164b0fde389?s=96&d=mm&r=g","contentUrl":"https:\/\/secure.gravatar.com\/avatar\/6a4ce9fede2abd183940f0fdc0562cee7a1a11070fe70dcb01d2f164b0fde389?s=96&d=mm&r=g","caption":"domtarcom"},"sameAs":["https:\/\/domtarwpe.wpengine.com"]}]}},"_links":{"self":[{"href":"https:\/\/www.domtar.com\/fr\/wp-json\/wp\/v2\/posts\/29595","targetHints":{"allow":["GET"]}}],"collection":[{"href":"https:\/\/www.domtar.com\/fr\/wp-json\/wp\/v2\/posts"}],"about":[{"href":"https:\/\/www.domtar.com\/fr\/wp-json\/wp\/v2\/types\/post"}],"author":[{"embeddable":true,"href":"https:\/\/www.domtar.com\/fr\/wp-json\/wp\/v2\/users\/1"}],"replies":[{"embeddable":true,"href":"https:\/\/www.domtar.com\/fr\/wp-json\/wp\/v2\/comments?post=29595"}],"version-history":[{"count":0,"href":"https:\/\/www.domtar.com\/fr\/wp-json\/wp\/v2\/posts\/29595\/revisions"}],"wp:featuredmedia":[{"embeddable":true,"href":"https:\/\/www.domtar.com\/fr\/wp-json\/wp\/v2\/media\/23804"}],"wp:attachment":[{"href":"https:\/\/www.domtar.com\/fr\/wp-json\/wp\/v2\/media?parent=29595"}],"wp:term":[{"taxonomy":"category","embeddable":true,"href":"https:\/\/www.domtar.com\/fr\/wp-json\/wp\/v2\/categories?post=29595"},{"taxonomy":"post_tag","embeddable":true,"href":"https:\/\/www.domtar.com\/fr\/wp-json\/wp\/v2\/tags?post=29595"}],"curies":[{"name":"wp","href":"https:\/\/api.w.org\/{rel}","templated":true}]}}