{"id":29475,"date":"2023-09-29T12:48:42","date_gmt":"2023-09-29T12:48:42","guid":{"rendered":"https:\/\/www.domtar.com\/journee-nationale-de-la-verite-et-de-la-reconciliation\/"},"modified":"2023-09-29T12:48:42","modified_gmt":"2023-09-29T12:48:42","slug":"journee-nationale-de-la-verite-et-de-la-reconciliation","status":"publish","type":"post","link":"https:\/\/www.domtar.com\/fr\/journee-nationale-de-la-verite-et-de-la-reconciliation\/","title":{"rendered":"Journ\u00e9e nationale de la v\u00e9rit\u00e9 et de la r\u00e9conciliation"},"content":{"rendered":"<section id=\"immersive_panel_1\" class=\"lc-module section-article-content-block\">\n<div class=\"lc-module-inner\">\n<div class=\"article-block-wrapper lc-module-inner fade-bottom\">\n<div class=\"entry\">\n\n<p>Chaque ann\u00e9e, le 30 septembre marque la <a href=\"https:\/\/www.canada.ca\/en\/canadian-heritage\/campaigns\/national-day-truth-reconciliation.html\" target=\"_blank\" rel=\"noopener\">Journ\u00e9e nationale pour la v\u00e9rit\u00e9 et la r\u00e9conciliation<\/a> (#NDTR). Cette journ\u00e9e comm\u00e9morative a \u00e9t\u00e9 institu\u00e9e par le gouvernement du Canada, en collaboration avec les communaut\u00e9s autochtones. C&rsquo;est l&rsquo;occasion de faire le point sur les injustices historiques subies par les peuples autochtones dans les pensionnats et d&rsquo;honorer ceux qui en ont subi les cons\u00e9quences.  <\/p>\n\n<p>Elle est parfois appel\u00e9e \u00ab\u00a0Journ\u00e9e des chemises orange\u00a0\u00bb en raison des chemises orange port\u00e9es par les militants des droits des peuples autochtones lorsque cette f\u00eate a commenc\u00e9 \u00e0 \u00eatre comm\u00e9mor\u00e9e en 2013.<\/p>\n\n<p>Les pensionnats ont \u00e9t\u00e9 cr\u00e9\u00e9s comme moyen d&rsquo;assimilation et ont consist\u00e9 \u00e0 retirer les enfants autochtones de leur famille et de leur communaut\u00e9.<\/p>\n\n<p>Cette journ\u00e9e rend hommage aux enfants qui ne sont jamais rentr\u00e9s chez eux et aux survivants des pensionnats, ainsi qu&rsquo;\u00e0 leurs familles et \u00e0 leurs communaut\u00e9s. La comm\u00e9moration publique de l&rsquo;histoire tragique et douloureuse des pensionnats et de leurs cons\u00e9quences actuelles est un \u00e9l\u00e9ment essentiel du processus de r\u00e9conciliation. <\/p>\n\n<p>Ce jour f\u00e9ri\u00e9 f\u00e9d\u00e9ral a \u00e9t\u00e9 cr\u00e9\u00e9 par des <a href=\"https:\/\/parl.ca\/DocumentViewer\/en\/43-2\/bill\/C-5\/royal-assent\" target=\"_blank\" rel=\"noopener\">modifications l\u00e9gislatives apport\u00e9es<\/a> par le Parlement. Depuis sa cr\u00e9ation en 2021, le 30 septembre est reconnu comme un jour f\u00e9ri\u00e9 au Canada pour les lieux de travail sous r\u00e9glementation f\u00e9d\u00e9rale. Il s&rsquo;agit d&rsquo;une r\u00e9ponse directe \u00e0 l&rsquo;appel \u00e0 l&rsquo;action 80 (sur 94) du rapport V\u00e9rit\u00e9 et r\u00e9conciliation, qui recommandait l&rsquo;instauration d&rsquo;un jour f\u00e9ri\u00e9 f\u00e9d\u00e9ral de comm\u00e9moration. Le Nouveau-Brunswick, l&rsquo;\u00cele-du-Prince-\u00c9douard, les Territoires du Nord-Ouest et le Nunavut ont \u00e9galement d\u00e9clar\u00e9 le 30 septembre jour f\u00e9ri\u00e9, et la Colombie-Britannique fera de m\u00eame \u00e0 partir de cette ann\u00e9e.   <\/p>\n\n<p>Aujourd&rsquo;hui, nous c\u00e9l\u00e9brons cette journ\u00e9e pour soutenir le processus de r\u00e9conciliation avec les peuples autochtones.<\/p>\n\n<\/div>\n<\/div>\n<\/div>\n<\/section>","protected":false},"excerpt":{"rendered":"<p>L&rsquo;usine de Kingsport a re\u00e7u le titre de \u00ab\u00a0Business Recycler of the Year\u00a0\u00bb (recycleur de l&rsquo;ann\u00e9e) du Tennessee. Voici pourquoi la Tennessee Recycling Coalition a choisi notre usine comme laur\u00e9ate pour 2024. <\/p>\n","protected":false},"author":16,"featured_media":23831,"comment_status":"open","ping_status":"open","sticky":false,"template":"","format":"standard","meta":{"_acf_changed":false,"_genesis_block_theme_hide_title":false,"footnotes":""},"categories":[975],"tags":[],"class_list":{"0":"post-29475","1":"post","2":"type-post","3":"status-publish","4":"format-standard","5":"has-post-thumbnail","6":"hentry","7":"category-our-company-fr","9":"with-featured-image"},"acf":[],"yoast_head":"<!-- This site is optimized with the Yoast SEO Premium plugin v27.4 (Yoast SEO v27.5) - https:\/\/yoast.com\/product\/yoast-seo-premium-wordpress\/ -->\n<title>Journ\u00e9e nationale de la v\u00e9rit\u00e9 et de la r\u00e9conciliation - The Resolute Blog<\/title>\n<meta name=\"robots\" content=\"index, follow, max-snippet:-1, max-image-preview:large, max-video-preview:-1\" \/>\n<link rel=\"canonical\" href=\"https:\/\/www.domtar.com\/fr\/journee-nationale-de-la-verite-et-de-la-reconciliation\/\" \/>\n<meta property=\"og:locale\" content=\"fr_FR\" \/>\n<meta property=\"og:type\" content=\"article\" \/>\n<meta property=\"og:title\" content=\"Journ\u00e9e nationale de la v\u00e9rit\u00e9 et de la r\u00e9conciliation\" \/>\n<meta property=\"og:description\" content=\"L&#039;usine de Kingsport a re\u00e7u le titre de &quot;Business Recycler of the Year&quot; (recycleur de l&#039;ann\u00e9e) du Tennessee. Voici pourquoi la Tennessee Recycling Coalition a choisi notre usine comme laur\u00e9ate pour 2024.\" \/>\n<meta property=\"og:url\" content=\"https:\/\/www.domtar.com\/fr\/journee-nationale-de-la-verite-et-de-la-reconciliation\/\" \/>\n<meta property=\"og:site_name\" content=\"Domtar\" \/>\n<meta property=\"article:publisher\" content=\"https:\/\/www.facebook.com\/DomtarEveryday\/\" \/>\n<meta property=\"article:published_time\" content=\"2023-09-29T12:48:42+00:00\" \/>\n<meta property=\"og:image\" content=\"https:\/\/www.domtar.com\/wp-content\/uploads\/2024\/09\/Banner_EN.jpg\" \/>\n\t<meta property=\"og:image:width\" content=\"1707\" \/>\n\t<meta property=\"og:image:height\" content=\"960\" \/>\n\t<meta property=\"og:image:type\" content=\"image\/jpeg\" \/>\n<meta name=\"author\" content=\"Domtar Paper\" \/>\n<meta name=\"twitter:card\" content=\"summary_large_image\" \/>\n<meta name=\"twitter:creator\" content=\"@DomtarEveryday\" \/>\n<meta name=\"twitter:site\" content=\"@DomtarEveryday\" \/>\n<meta name=\"twitter:label1\" content=\"\u00c9crit par\" \/>\n\t<meta name=\"twitter:data1\" content=\"Domtar Paper\" \/>\n\t<meta name=\"twitter:label2\" content=\"Dur\u00e9e de lecture estim\u00e9e\" \/>\n\t<meta name=\"twitter:data2\" content=\"2 minutes\" \/>\n<script type=\"application\/ld+json\" class=\"yoast-schema-graph\">{\"@context\":\"https:\\\/\\\/schema.org\",\"@graph\":[{\"@type\":\"Article\",\"@id\":\"https:\\\/\\\/www.domtar.com\\\/fr\\\/journee-nationale-de-la-verite-et-de-la-reconciliation\\\/#article\",\"isPartOf\":{\"@id\":\"https:\\\/\\\/www.domtar.com\\\/fr\\\/journee-nationale-de-la-verite-et-de-la-reconciliation\\\/\"},\"author\":{\"name\":\"Domtar Paper\",\"@id\":\"https:\\\/\\\/www.domtar.com\\\/fr\\\/#\\\/schema\\\/person\\\/4d21ffde10cfab347e748520fcfd4852\"},\"headline\":\"Journ\u00e9e nationale de la v\u00e9rit\u00e9 et de la r\u00e9conciliation\",\"datePublished\":\"2023-09-29T12:48:42+00:00\",\"mainEntityOfPage\":{\"@id\":\"https:\\\/\\\/www.domtar.com\\\/fr\\\/journee-nationale-de-la-verite-et-de-la-reconciliation\\\/\"},\"wordCount\":334,\"commentCount\":0,\"publisher\":{\"@id\":\"https:\\\/\\\/www.domtar.com\\\/fr\\\/#organization\"},\"image\":{\"@id\":\"https:\\\/\\\/www.domtar.com\\\/fr\\\/journee-nationale-de-la-verite-et-de-la-reconciliation\\\/#primaryimage\"},\"thumbnailUrl\":\"https:\\\/\\\/www.domtar.com\\\/wp-content\\\/uploads\\\/2024\\\/09\\\/Banner_EN.jpg\",\"articleSection\":[\"Our Company\"],\"inLanguage\":\"fr-FR\",\"potentialAction\":[{\"@type\":\"CommentAction\",\"name\":\"Comment\",\"target\":[\"https:\\\/\\\/www.domtar.com\\\/fr\\\/journee-nationale-de-la-verite-et-de-la-reconciliation\\\/#respond\"]}]},{\"@type\":\"WebPage\",\"@id\":\"https:\\\/\\\/www.domtar.com\\\/fr\\\/journee-nationale-de-la-verite-et-de-la-reconciliation\\\/\",\"url\":\"https:\\\/\\\/www.domtar.com\\\/fr\\\/journee-nationale-de-la-verite-et-de-la-reconciliation\\\/\",\"name\":\"Journ\u00e9e nationale de la v\u00e9rit\u00e9 et de la r\u00e9conciliation - The Resolute Blog\",\"isPartOf\":{\"@id\":\"https:\\\/\\\/www.domtar.com\\\/fr\\\/#website\"},\"primaryImageOfPage\":{\"@id\":\"https:\\\/\\\/www.domtar.com\\\/fr\\\/journee-nationale-de-la-verite-et-de-la-reconciliation\\\/#primaryimage\"},\"image\":{\"@id\":\"https:\\\/\\\/www.domtar.com\\\/fr\\\/journee-nationale-de-la-verite-et-de-la-reconciliation\\\/#primaryimage\"},\"thumbnailUrl\":\"https:\\\/\\\/www.domtar.com\\\/wp-content\\\/uploads\\\/2024\\\/09\\\/Banner_EN.jpg\",\"datePublished\":\"2023-09-29T12:48:42+00:00\",\"breadcrumb\":{\"@id\":\"https:\\\/\\\/www.domtar.com\\\/fr\\\/journee-nationale-de-la-verite-et-de-la-reconciliation\\\/#breadcrumb\"},\"inLanguage\":\"fr-FR\",\"potentialAction\":[{\"@type\":\"ReadAction\",\"target\":[\"https:\\\/\\\/www.domtar.com\\\/fr\\\/journee-nationale-de-la-verite-et-de-la-reconciliation\\\/\"]}]},{\"@type\":\"ImageObject\",\"inLanguage\":\"fr-FR\",\"@id\":\"https:\\\/\\\/www.domtar.com\\\/fr\\\/journee-nationale-de-la-verite-et-de-la-reconciliation\\\/#primaryimage\",\"url\":\"https:\\\/\\\/www.domtar.com\\\/wp-content\\\/uploads\\\/2024\\\/09\\\/Banner_EN.jpg\",\"contentUrl\":\"https:\\\/\\\/www.domtar.com\\\/wp-content\\\/uploads\\\/2024\\\/09\\\/Banner_EN.jpg\",\"width\":1707,\"height\":960,\"caption\":\"Banner_EN\"},{\"@type\":\"BreadcrumbList\",\"@id\":\"https:\\\/\\\/www.domtar.com\\\/fr\\\/journee-nationale-de-la-verite-et-de-la-reconciliation\\\/#breadcrumb\",\"itemListElement\":[{\"@type\":\"ListItem\",\"position\":1,\"name\":\"Home\",\"item\":\"https:\\\/\\\/www.domtar.com\\\/fr\\\/\"},{\"@type\":\"ListItem\",\"position\":2,\"name\":\"Journ\u00e9e nationale de la v\u00e9rit\u00e9 et de la r\u00e9conciliation\"}]},{\"@type\":\"WebSite\",\"@id\":\"https:\\\/\\\/www.domtar.com\\\/fr\\\/#website\",\"url\":\"https:\\\/\\\/www.domtar.com\\\/fr\\\/\",\"name\":\"Domtar | The Fiber for the Future\",\"description\":\"The Sustainable Paper, Pulp and Packaging Company\",\"publisher\":{\"@id\":\"https:\\\/\\\/www.domtar.com\\\/fr\\\/#organization\"},\"alternateName\":\"Domtar\",\"potentialAction\":[{\"@type\":\"SearchAction\",\"target\":{\"@type\":\"EntryPoint\",\"urlTemplate\":\"https:\\\/\\\/www.domtar.com\\\/fr\\\/?s={search_term_string}\"},\"query-input\":{\"@type\":\"PropertyValueSpecification\",\"valueRequired\":true,\"valueName\":\"search_term_string\"}}],\"inLanguage\":\"fr-FR\"},{\"@type\":\"Organization\",\"@id\":\"https:\\\/\\\/www.domtar.com\\\/fr\\\/#organization\",\"name\":\"Domtar\",\"url\":\"https:\\\/\\\/www.domtar.com\\\/fr\\\/\",\"logo\":{\"@type\":\"ImageObject\",\"inLanguage\":\"fr-FR\",\"@id\":\"https:\\\/\\\/www.domtar.com\\\/fr\\\/#\\\/schema\\\/logo\\\/image\\\/\",\"url\":\"https:\\\/\\\/www.domtar.com\\\/wp-content\\\/uploads\\\/2023\\\/03\\\/domtar_logo_rgb_green.png\",\"contentUrl\":\"https:\\\/\\\/www.domtar.com\\\/wp-content\\\/uploads\\\/2023\\\/03\\\/domtar_logo_rgb_green.png\",\"width\":1153,\"height\":263,\"caption\":\"Domtar\"},\"image\":{\"@id\":\"https:\\\/\\\/www.domtar.com\\\/fr\\\/#\\\/schema\\\/logo\\\/image\\\/\"},\"sameAs\":[\"https:\\\/\\\/www.facebook.com\\\/DomtarEveryday\\\/\",\"https:\\\/\\\/x.com\\\/DomtarEveryday\",\"https:\\\/\\\/www.linkedin.com\\\/company\\\/domtar\\\/\",\"https:\\\/\\\/www.youtube.com\\\/channel\\\/UCh8Zhq2Rmxhl5Km0krrGoYw\"],\"ethicsPolicy\":\"https:\\\/\\\/www.domtar.com\\\/fr\\\/notre-entreprise\\\/ethique-et-conformite\\\/\"},{\"@type\":\"Person\",\"@id\":\"https:\\\/\\\/www.domtar.com\\\/fr\\\/#\\\/schema\\\/person\\\/4d21ffde10cfab347e748520fcfd4852\",\"name\":\"Domtar Paper\",\"image\":{\"@type\":\"ImageObject\",\"inLanguage\":\"fr-FR\",\"@id\":\"https:\\\/\\\/secure.gravatar.com\\\/avatar\\\/9665d248ca3a0bda3f49d110c0aed56fb366b0e6cb6ed4496c9e7f63464e6745?s=96&d=mm&r=g\",\"url\":\"https:\\\/\\\/secure.gravatar.com\\\/avatar\\\/9665d248ca3a0bda3f49d110c0aed56fb366b0e6cb6ed4496c9e7f63464e6745?s=96&d=mm&r=g\",\"contentUrl\":\"https:\\\/\\\/secure.gravatar.com\\\/avatar\\\/9665d248ca3a0bda3f49d110c0aed56fb366b0e6cb6ed4496c9e7f63464e6745?s=96&d=mm&r=g\",\"caption\":\"Domtar Paper\"}}]}<\/script>\n<!-- \/ Yoast SEO Premium plugin. -->","yoast_head_json":{"title":"Journ\u00e9e nationale de la v\u00e9rit\u00e9 et de la r\u00e9conciliation - The Resolute Blog","robots":{"index":"index","follow":"follow","max-snippet":"max-snippet:-1","max-image-preview":"max-image-preview:large","max-video-preview":"max-video-preview:-1"},"canonical":"https:\/\/www.domtar.com\/fr\/journee-nationale-de-la-verite-et-de-la-reconciliation\/","og_locale":"fr_FR","og_type":"article","og_title":"Journ\u00e9e nationale de la v\u00e9rit\u00e9 et de la r\u00e9conciliation","og_description":"L'usine de Kingsport a re\u00e7u le titre de \"Business Recycler of the Year\" (recycleur de l'ann\u00e9e) du Tennessee. Voici pourquoi la Tennessee Recycling Coalition a choisi notre usine comme laur\u00e9ate pour 2024.","og_url":"https:\/\/www.domtar.com\/fr\/journee-nationale-de-la-verite-et-de-la-reconciliation\/","og_site_name":"Domtar","article_publisher":"https:\/\/www.facebook.com\/DomtarEveryday\/","article_published_time":"2023-09-29T12:48:42+00:00","og_image":[{"width":1707,"height":960,"url":"https:\/\/www.domtar.com\/wp-content\/uploads\/2024\/09\/Banner_EN.jpg","type":"image\/jpeg"}],"author":"Domtar Paper","twitter_card":"summary_large_image","twitter_creator":"@DomtarEveryday","twitter_site":"@DomtarEveryday","twitter_misc":{"\u00c9crit par":"Domtar Paper","Dur\u00e9e de lecture estim\u00e9e":"2 minutes"},"schema":{"@context":"https:\/\/schema.org","@graph":[{"@type":"Article","@id":"https:\/\/www.domtar.com\/fr\/journee-nationale-de-la-verite-et-de-la-reconciliation\/#article","isPartOf":{"@id":"https:\/\/www.domtar.com\/fr\/journee-nationale-de-la-verite-et-de-la-reconciliation\/"},"author":{"name":"Domtar Paper","@id":"https:\/\/www.domtar.com\/fr\/#\/schema\/person\/4d21ffde10cfab347e748520fcfd4852"},"headline":"Journ\u00e9e nationale de la v\u00e9rit\u00e9 et de la r\u00e9conciliation","datePublished":"2023-09-29T12:48:42+00:00","mainEntityOfPage":{"@id":"https:\/\/www.domtar.com\/fr\/journee-nationale-de-la-verite-et-de-la-reconciliation\/"},"wordCount":334,"commentCount":0,"publisher":{"@id":"https:\/\/www.domtar.com\/fr\/#organization"},"image":{"@id":"https:\/\/www.domtar.com\/fr\/journee-nationale-de-la-verite-et-de-la-reconciliation\/#primaryimage"},"thumbnailUrl":"https:\/\/www.domtar.com\/wp-content\/uploads\/2024\/09\/Banner_EN.jpg","articleSection":["Our Company"],"inLanguage":"fr-FR","potentialAction":[{"@type":"CommentAction","name":"Comment","target":["https:\/\/www.domtar.com\/fr\/journee-nationale-de-la-verite-et-de-la-reconciliation\/#respond"]}]},{"@type":"WebPage","@id":"https:\/\/www.domtar.com\/fr\/journee-nationale-de-la-verite-et-de-la-reconciliation\/","url":"https:\/\/www.domtar.com\/fr\/journee-nationale-de-la-verite-et-de-la-reconciliation\/","name":"Journ\u00e9e nationale de la v\u00e9rit\u00e9 et de la r\u00e9conciliation - The Resolute Blog","isPartOf":{"@id":"https:\/\/www.domtar.com\/fr\/#website"},"primaryImageOfPage":{"@id":"https:\/\/www.domtar.com\/fr\/journee-nationale-de-la-verite-et-de-la-reconciliation\/#primaryimage"},"image":{"@id":"https:\/\/www.domtar.com\/fr\/journee-nationale-de-la-verite-et-de-la-reconciliation\/#primaryimage"},"thumbnailUrl":"https:\/\/www.domtar.com\/wp-content\/uploads\/2024\/09\/Banner_EN.jpg","datePublished":"2023-09-29T12:48:42+00:00","breadcrumb":{"@id":"https:\/\/www.domtar.com\/fr\/journee-nationale-de-la-verite-et-de-la-reconciliation\/#breadcrumb"},"inLanguage":"fr-FR","potentialAction":[{"@type":"ReadAction","target":["https:\/\/www.domtar.com\/fr\/journee-nationale-de-la-verite-et-de-la-reconciliation\/"]}]},{"@type":"ImageObject","inLanguage":"fr-FR","@id":"https:\/\/www.domtar.com\/fr\/journee-nationale-de-la-verite-et-de-la-reconciliation\/#primaryimage","url":"https:\/\/www.domtar.com\/wp-content\/uploads\/2024\/09\/Banner_EN.jpg","contentUrl":"https:\/\/www.domtar.com\/wp-content\/uploads\/2024\/09\/Banner_EN.jpg","width":1707,"height":960,"caption":"Banner_EN"},{"@type":"BreadcrumbList","@id":"https:\/\/www.domtar.com\/fr\/journee-nationale-de-la-verite-et-de-la-reconciliation\/#breadcrumb","itemListElement":[{"@type":"ListItem","position":1,"name":"Home","item":"https:\/\/www.domtar.com\/fr\/"},{"@type":"ListItem","position":2,"name":"Journ\u00e9e nationale de la v\u00e9rit\u00e9 et de la r\u00e9conciliation"}]},{"@type":"WebSite","@id":"https:\/\/www.domtar.com\/fr\/#website","url":"https:\/\/www.domtar.com\/fr\/","name":"Domtar | The Fiber for the Future","description":"The Sustainable Paper, Pulp and Packaging Company","publisher":{"@id":"https:\/\/www.domtar.com\/fr\/#organization"},"alternateName":"Domtar","potentialAction":[{"@type":"SearchAction","target":{"@type":"EntryPoint","urlTemplate":"https:\/\/www.domtar.com\/fr\/?s={search_term_string}"},"query-input":{"@type":"PropertyValueSpecification","valueRequired":true,"valueName":"search_term_string"}}],"inLanguage":"fr-FR"},{"@type":"Organization","@id":"https:\/\/www.domtar.com\/fr\/#organization","name":"Domtar","url":"https:\/\/www.domtar.com\/fr\/","logo":{"@type":"ImageObject","inLanguage":"fr-FR","@id":"https:\/\/www.domtar.com\/fr\/#\/schema\/logo\/image\/","url":"https:\/\/www.domtar.com\/wp-content\/uploads\/2023\/03\/domtar_logo_rgb_green.png","contentUrl":"https:\/\/www.domtar.com\/wp-content\/uploads\/2023\/03\/domtar_logo_rgb_green.png","width":1153,"height":263,"caption":"Domtar"},"image":{"@id":"https:\/\/www.domtar.com\/fr\/#\/schema\/logo\/image\/"},"sameAs":["https:\/\/www.facebook.com\/DomtarEveryday\/","https:\/\/x.com\/DomtarEveryday","https:\/\/www.linkedin.com\/company\/domtar\/","https:\/\/www.youtube.com\/channel\/UCh8Zhq2Rmxhl5Km0krrGoYw"],"ethicsPolicy":"https:\/\/www.domtar.com\/fr\/notre-entreprise\/ethique-et-conformite\/"},{"@type":"Person","@id":"https:\/\/www.domtar.com\/fr\/#\/schema\/person\/4d21ffde10cfab347e748520fcfd4852","name":"Domtar Paper","image":{"@type":"ImageObject","inLanguage":"fr-FR","@id":"https:\/\/secure.gravatar.com\/avatar\/9665d248ca3a0bda3f49d110c0aed56fb366b0e6cb6ed4496c9e7f63464e6745?s=96&d=mm&r=g","url":"https:\/\/secure.gravatar.com\/avatar\/9665d248ca3a0bda3f49d110c0aed56fb366b0e6cb6ed4496c9e7f63464e6745?s=96&d=mm&r=g","contentUrl":"https:\/\/secure.gravatar.com\/avatar\/9665d248ca3a0bda3f49d110c0aed56fb366b0e6cb6ed4496c9e7f63464e6745?s=96&d=mm&r=g","caption":"Domtar Paper"}}]}},"_links":{"self":[{"href":"https:\/\/www.domtar.com\/fr\/wp-json\/wp\/v2\/posts\/29475","targetHints":{"allow":["GET"]}}],"collection":[{"href":"https:\/\/www.domtar.com\/fr\/wp-json\/wp\/v2\/posts"}],"about":[{"href":"https:\/\/www.domtar.com\/fr\/wp-json\/wp\/v2\/types\/post"}],"author":[{"embeddable":true,"href":"https:\/\/www.domtar.com\/fr\/wp-json\/wp\/v2\/users\/16"}],"replies":[{"embeddable":true,"href":"https:\/\/www.domtar.com\/fr\/wp-json\/wp\/v2\/comments?post=29475"}],"version-history":[{"count":0,"href":"https:\/\/www.domtar.com\/fr\/wp-json\/wp\/v2\/posts\/29475\/revisions"}],"wp:featuredmedia":[{"embeddable":true,"href":"https:\/\/www.domtar.com\/fr\/wp-json\/wp\/v2\/media\/23831"}],"wp:attachment":[{"href":"https:\/\/www.domtar.com\/fr\/wp-json\/wp\/v2\/media?parent=29475"}],"wp:term":[{"taxonomy":"category","embeddable":true,"href":"https:\/\/www.domtar.com\/fr\/wp-json\/wp\/v2\/categories?post=29475"},{"taxonomy":"post_tag","embeddable":true,"href":"https:\/\/www.domtar.com\/fr\/wp-json\/wp\/v2\/tags?post=29475"}],"curies":[{"name":"wp","href":"https:\/\/api.w.org\/{rel}","templated":true}]}}