{"id":29465,"date":"2023-09-21T11:26:52","date_gmt":"2023-09-21T11:26:52","guid":{"rendered":"https:\/\/www.domtar.com\/entretien-avec-les-responsables-de-la-communaute-forestiere-de-la-colombie-britannique-a-lubcm\/"},"modified":"2024-12-16T21:55:41","modified_gmt":"2024-12-16T21:55:41","slug":"entretien-avec-les-responsables-de-la-communaute-forestiere-de-la-colombie-britannique-a-lubcm","status":"publish","type":"post","link":"https:\/\/www.domtar.com\/fr\/entretien-avec-les-responsables-de-la-communaute-forestiere-de-la-colombie-britannique-a-lubcm\/","title":{"rendered":"Entretien avec les responsables de la communaut\u00e9 foresti\u00e8re de la Colombie-Britannique \u00e0 l&rsquo;UBCM"},"content":{"rendered":"&#13;\n<p>Quinton Hayward, forestier en chef, Davis Chiu, directeur de l&rsquo;innovation, Chris Stoicheff, directeur des relations gouvernementales, et Brenda Martin, directrice des affaires publiques, ont tous particip\u00e9 \u00e0 la r\u00e9ception du Conseil des industries foresti\u00e8res de la Colombie-Britannique (COFI) hier soir, lors de la convention de l&rsquo;Union des municipalit\u00e9s de la Colombie-Britannique (UBCM).  <\/p>&#13;\n&#13;\n<p>Nous remercions le COFI de nous avoir donn\u00e9 l&rsquo;occasion de nous entretenir avec les dirigeants des gouvernements provinciaux et municipaux et d&rsquo;entendre ce qui est important pour eux et pour les communaut\u00e9s de la Colombie-Britannique qui d\u00e9pendent de la for\u00eat.<\/p>&#13;\n&#13;\n<p>Nous remercions \u00e9galement Bruce Ralston, ministre des for\u00eats, et Lennard Joe, directeur g\u00e9n\u00e9ral du BC First Nations Forestry Council, d&rsquo;avoir partag\u00e9 leur point de vue lors de cet \u00e9v\u00e9nement. Nous avons la chance d&rsquo;avoir des dirigeants aussi passionn\u00e9s qui cherchent des solutions aux d\u00e9fis auxquels nous sommes confront\u00e9s.   <\/p>&#13;\n","protected":false},"excerpt":{"rendered":"<p>&#13; Quinton Hayward, forestier en chef, Davis Chiu, directeur de l&rsquo;innovation, Chris Stoicheff, directeur des relations gouvernementales, et Brenda Martin, directrice des affaires publiques, ont tous particip\u00e9 \u00e0 la r\u00e9ception du Conseil des industries foresti\u00e8res de la Colombie-Britannique (COFI) hier soir, lors de la convention de l&rsquo;Union des municipalit\u00e9s de la Colombie-Britannique (UBCM). &#13; &#13; &hellip;<\/p>\n","protected":false},"author":26,"featured_media":26400,"comment_status":"closed","ping_status":"closed","sticky":false,"template":"","format":"standard","meta":{"_acf_changed":false,"_genesis_block_theme_hide_title":false,"footnotes":""},"categories":[979,985],"tags":[1044],"class_list":{"0":"post-29465","1":"post","2":"type-post","3":"status-publish","4":"format-standard","5":"has-post-thumbnail","6":"hentry","7":"category-community-investment-fr","8":"category-sustainability-fr","9":"tag-en-vedette","11":"with-featured-image"},"acf":[],"yoast_head":"<!-- This site is optimized with the Yoast SEO Premium plugin v27.4 (Yoast SEO v27.5) - https:\/\/yoast.com\/product\/yoast-seo-premium-wordpress\/ -->\n<title>Entretien avec les responsables de la communaut\u00e9 foresti\u00e8re de la Colombie-Britannique \u00e0 l&#039;UBCM - Domtar<\/title>\n<meta name=\"robots\" content=\"index, follow, max-snippet:-1, max-image-preview:large, max-video-preview:-1\" \/>\n<link rel=\"canonical\" href=\"https:\/\/www.domtar.com\/fr\/entretien-avec-les-responsables-de-la-communaute-forestiere-de-la-colombie-britannique-a-lubcm\/\" \/>\n<meta property=\"og:locale\" content=\"fr_FR\" \/>\n<meta property=\"og:type\" content=\"article\" \/>\n<meta property=\"og:title\" content=\"Entretien avec les responsables de la communaut\u00e9 foresti\u00e8re de la Colombie-Britannique \u00e0 l&#039;UBCM\" \/>\n<meta property=\"og:description\" content=\"&#013; Quinton Hayward, forestier en chef, Davis Chiu, directeur de l&rsquo;innovation, Chris Stoicheff, directeur des relations gouvernementales, et Brenda Martin, directrice des affaires publiques, ont tous particip\u00e9 \u00e0 la r\u00e9ception du Conseil des industries foresti\u00e8res de la Colombie-Britannique (COFI) hier soir, lors de la convention de l&rsquo;Union des municipalit\u00e9s de la Colombie-Britannique (UBCM). &#013; &#013; &hellip;\" \/>\n<meta property=\"og:url\" content=\"https:\/\/www.domtar.com\/fr\/entretien-avec-les-responsables-de-la-communaute-forestiere-de-la-colombie-britannique-a-lubcm\/\" \/>\n<meta property=\"og:site_name\" content=\"Domtar\" \/>\n<meta property=\"article:publisher\" content=\"https:\/\/www.facebook.com\/DomtarEveryday\/\" \/>\n<meta property=\"article:published_time\" content=\"2023-09-21T11:26:52+00:00\" \/>\n<meta property=\"article:modified_time\" content=\"2024-12-16T21:55:41+00:00\" \/>\n<meta property=\"og:image\" content=\"https:\/\/www.domtar.com\/wp-content\/uploads\/2023\/09\/20230921_UBCM-COFI_1200x630_FNL-1024x538-1-1.webp\" \/>\n\t<meta property=\"og:image:width\" content=\"1024\" \/>\n\t<meta property=\"og:image:height\" content=\"538\" \/>\n\t<meta property=\"og:image:type\" content=\"image\/webp\" \/>\n<meta name=\"author\" content=\"Brenda Martin\" \/>\n<meta name=\"twitter:card\" content=\"summary_large_image\" \/>\n<meta name=\"twitter:creator\" content=\"@DomtarEveryday\" \/>\n<meta name=\"twitter:site\" content=\"@DomtarEveryday\" \/>\n<meta name=\"twitter:label1\" content=\"\u00c9crit par\" \/>\n\t<meta name=\"twitter:data1\" content=\"Brenda Martin\" \/>\n\t<meta name=\"twitter:label2\" content=\"Dur\u00e9e de lecture estim\u00e9e\" \/>\n\t<meta name=\"twitter:data2\" content=\"1 minute\" \/>\n<script type=\"application\/ld+json\" class=\"yoast-schema-graph\">{\"@context\":\"https:\\\/\\\/schema.org\",\"@graph\":[{\"@type\":\"Article\",\"@id\":\"https:\\\/\\\/www.domtar.com\\\/fr\\\/entretien-avec-les-responsables-de-la-communaute-forestiere-de-la-colombie-britannique-a-lubcm\\\/#article\",\"isPartOf\":{\"@id\":\"https:\\\/\\\/www.domtar.com\\\/fr\\\/entretien-avec-les-responsables-de-la-communaute-forestiere-de-la-colombie-britannique-a-lubcm\\\/\"},\"author\":{\"name\":\"Brenda Martin\",\"@id\":\"https:\\\/\\\/www.domtar.com\\\/fr\\\/#\\\/schema\\\/person\\\/6df247dbe96b1ba2ce236d56822dad04\"},\"headline\":\"Entretien avec les responsables de la communaut\u00e9 foresti\u00e8re de la Colombie-Britannique \u00e0 l&rsquo;UBCM\",\"datePublished\":\"2023-09-21T11:26:52+00:00\",\"dateModified\":\"2024-12-16T21:55:41+00:00\",\"mainEntityOfPage\":{\"@id\":\"https:\\\/\\\/www.domtar.com\\\/fr\\\/entretien-avec-les-responsables-de-la-communaute-forestiere-de-la-colombie-britannique-a-lubcm\\\/\"},\"wordCount\":172,\"publisher\":{\"@id\":\"https:\\\/\\\/www.domtar.com\\\/fr\\\/#organization\"},\"image\":{\"@id\":\"https:\\\/\\\/www.domtar.com\\\/fr\\\/entretien-avec-les-responsables-de-la-communaute-forestiere-de-la-colombie-britannique-a-lubcm\\\/#primaryimage\"},\"thumbnailUrl\":\"https:\\\/\\\/www.domtar.com\\\/wp-content\\\/uploads\\\/2023\\\/09\\\/20230921_UBCM-COFI_1200x630_FNL-1024x538-1-1.webp\",\"keywords\":[\"En vedette\"],\"articleSection\":[\"Community Investment\",\"Sustainability\"],\"inLanguage\":\"fr-FR\"},{\"@type\":\"WebPage\",\"@id\":\"https:\\\/\\\/www.domtar.com\\\/fr\\\/entretien-avec-les-responsables-de-la-communaute-forestiere-de-la-colombie-britannique-a-lubcm\\\/\",\"url\":\"https:\\\/\\\/www.domtar.com\\\/fr\\\/entretien-avec-les-responsables-de-la-communaute-forestiere-de-la-colombie-britannique-a-lubcm\\\/\",\"name\":\"Entretien avec les responsables de la communaut\u00e9 foresti\u00e8re de la Colombie-Britannique \u00e0 l'UBCM - Domtar\",\"isPartOf\":{\"@id\":\"https:\\\/\\\/www.domtar.com\\\/fr\\\/#website\"},\"primaryImageOfPage\":{\"@id\":\"https:\\\/\\\/www.domtar.com\\\/fr\\\/entretien-avec-les-responsables-de-la-communaute-forestiere-de-la-colombie-britannique-a-lubcm\\\/#primaryimage\"},\"image\":{\"@id\":\"https:\\\/\\\/www.domtar.com\\\/fr\\\/entretien-avec-les-responsables-de-la-communaute-forestiere-de-la-colombie-britannique-a-lubcm\\\/#primaryimage\"},\"thumbnailUrl\":\"https:\\\/\\\/www.domtar.com\\\/wp-content\\\/uploads\\\/2023\\\/09\\\/20230921_UBCM-COFI_1200x630_FNL-1024x538-1-1.webp\",\"datePublished\":\"2023-09-21T11:26:52+00:00\",\"dateModified\":\"2024-12-16T21:55:41+00:00\",\"breadcrumb\":{\"@id\":\"https:\\\/\\\/www.domtar.com\\\/fr\\\/entretien-avec-les-responsables-de-la-communaute-forestiere-de-la-colombie-britannique-a-lubcm\\\/#breadcrumb\"},\"inLanguage\":\"fr-FR\",\"potentialAction\":[{\"@type\":\"ReadAction\",\"target\":[\"https:\\\/\\\/www.domtar.com\\\/fr\\\/entretien-avec-les-responsables-de-la-communaute-forestiere-de-la-colombie-britannique-a-lubcm\\\/\"]}]},{\"@type\":\"ImageObject\",\"inLanguage\":\"fr-FR\",\"@id\":\"https:\\\/\\\/www.domtar.com\\\/fr\\\/entretien-avec-les-responsables-de-la-communaute-forestiere-de-la-colombie-britannique-a-lubcm\\\/#primaryimage\",\"url\":\"https:\\\/\\\/www.domtar.com\\\/wp-content\\\/uploads\\\/2023\\\/09\\\/20230921_UBCM-COFI_1200x630_FNL-1024x538-1-1.webp\",\"contentUrl\":\"https:\\\/\\\/www.domtar.com\\\/wp-content\\\/uploads\\\/2023\\\/09\\\/20230921_UBCM-COFI_1200x630_FNL-1024x538-1-1.webp\",\"width\":1024,\"height\":538,\"caption\":\"Talking\"},{\"@type\":\"BreadcrumbList\",\"@id\":\"https:\\\/\\\/www.domtar.com\\\/fr\\\/entretien-avec-les-responsables-de-la-communaute-forestiere-de-la-colombie-britannique-a-lubcm\\\/#breadcrumb\",\"itemListElement\":[{\"@type\":\"ListItem\",\"position\":1,\"name\":\"Home\",\"item\":\"https:\\\/\\\/www.domtar.com\\\/fr\\\/\"},{\"@type\":\"ListItem\",\"position\":2,\"name\":\"Entretien avec les responsables de la communaut\u00e9 foresti\u00e8re de la Colombie-Britannique \u00e0 l&#8217;UBCM\"}]},{\"@type\":\"WebSite\",\"@id\":\"https:\\\/\\\/www.domtar.com\\\/fr\\\/#website\",\"url\":\"https:\\\/\\\/www.domtar.com\\\/fr\\\/\",\"name\":\"Domtar | The Fiber for the Future\",\"description\":\"The Sustainable Paper, Pulp and Packaging Company\",\"publisher\":{\"@id\":\"https:\\\/\\\/www.domtar.com\\\/fr\\\/#organization\"},\"alternateName\":\"Domtar\",\"potentialAction\":[{\"@type\":\"SearchAction\",\"target\":{\"@type\":\"EntryPoint\",\"urlTemplate\":\"https:\\\/\\\/www.domtar.com\\\/fr\\\/?s={search_term_string}\"},\"query-input\":{\"@type\":\"PropertyValueSpecification\",\"valueRequired\":true,\"valueName\":\"search_term_string\"}}],\"inLanguage\":\"fr-FR\"},{\"@type\":\"Organization\",\"@id\":\"https:\\\/\\\/www.domtar.com\\\/fr\\\/#organization\",\"name\":\"Domtar\",\"url\":\"https:\\\/\\\/www.domtar.com\\\/fr\\\/\",\"logo\":{\"@type\":\"ImageObject\",\"inLanguage\":\"fr-FR\",\"@id\":\"https:\\\/\\\/www.domtar.com\\\/fr\\\/#\\\/schema\\\/logo\\\/image\\\/\",\"url\":\"https:\\\/\\\/www.domtar.com\\\/wp-content\\\/uploads\\\/2023\\\/03\\\/domtar_logo_rgb_green.png\",\"contentUrl\":\"https:\\\/\\\/www.domtar.com\\\/wp-content\\\/uploads\\\/2023\\\/03\\\/domtar_logo_rgb_green.png\",\"width\":1153,\"height\":263,\"caption\":\"Domtar\"},\"image\":{\"@id\":\"https:\\\/\\\/www.domtar.com\\\/fr\\\/#\\\/schema\\\/logo\\\/image\\\/\"},\"sameAs\":[\"https:\\\/\\\/www.facebook.com\\\/DomtarEveryday\\\/\",\"https:\\\/\\\/x.com\\\/DomtarEveryday\",\"https:\\\/\\\/www.linkedin.com\\\/company\\\/domtar\\\/\",\"https:\\\/\\\/www.youtube.com\\\/channel\\\/UCh8Zhq2Rmxhl5Km0krrGoYw\"],\"ethicsPolicy\":\"https:\\\/\\\/www.domtar.com\\\/fr\\\/notre-entreprise\\\/ethique-et-conformite\\\/\"},{\"@type\":\"Person\",\"@id\":\"https:\\\/\\\/www.domtar.com\\\/fr\\\/#\\\/schema\\\/person\\\/6df247dbe96b1ba2ce236d56822dad04\",\"name\":\"Brenda Martin\",\"image\":{\"@type\":\"ImageObject\",\"inLanguage\":\"fr-FR\",\"@id\":\"https:\\\/\\\/secure.gravatar.com\\\/avatar\\\/088cdb9cc4d636c816c0c6b0ff6460b56d5c0c1f332f951d8ead56281eabd2cb?s=96&d=mm&r=g\",\"url\":\"https:\\\/\\\/secure.gravatar.com\\\/avatar\\\/088cdb9cc4d636c816c0c6b0ff6460b56d5c0c1f332f951d8ead56281eabd2cb?s=96&d=mm&r=g\",\"contentUrl\":\"https:\\\/\\\/secure.gravatar.com\\\/avatar\\\/088cdb9cc4d636c816c0c6b0ff6460b56d5c0c1f332f951d8ead56281eabd2cb?s=96&d=mm&r=g\",\"caption\":\"Brenda Martin\"}}]}<\/script>\n<!-- \/ Yoast SEO Premium plugin. -->","yoast_head_json":{"title":"Entretien avec les responsables de la communaut\u00e9 foresti\u00e8re de la Colombie-Britannique \u00e0 l'UBCM - Domtar","robots":{"index":"index","follow":"follow","max-snippet":"max-snippet:-1","max-image-preview":"max-image-preview:large","max-video-preview":"max-video-preview:-1"},"canonical":"https:\/\/www.domtar.com\/fr\/entretien-avec-les-responsables-de-la-communaute-forestiere-de-la-colombie-britannique-a-lubcm\/","og_locale":"fr_FR","og_type":"article","og_title":"Entretien avec les responsables de la communaut\u00e9 foresti\u00e8re de la Colombie-Britannique \u00e0 l'UBCM","og_description":"&#13; Quinton Hayward, forestier en chef, Davis Chiu, directeur de l&rsquo;innovation, Chris Stoicheff, directeur des relations gouvernementales, et Brenda Martin, directrice des affaires publiques, ont tous particip\u00e9 \u00e0 la r\u00e9ception du Conseil des industries foresti\u00e8res de la Colombie-Britannique (COFI) hier soir, lors de la convention de l&rsquo;Union des municipalit\u00e9s de la Colombie-Britannique (UBCM). &#13; &#13; &hellip;","og_url":"https:\/\/www.domtar.com\/fr\/entretien-avec-les-responsables-de-la-communaute-forestiere-de-la-colombie-britannique-a-lubcm\/","og_site_name":"Domtar","article_publisher":"https:\/\/www.facebook.com\/DomtarEveryday\/","article_published_time":"2023-09-21T11:26:52+00:00","article_modified_time":"2024-12-16T21:55:41+00:00","og_image":[{"width":1024,"height":538,"url":"https:\/\/www.domtar.com\/wp-content\/uploads\/2023\/09\/20230921_UBCM-COFI_1200x630_FNL-1024x538-1-1.webp","type":"image\/webp"}],"author":"Brenda Martin","twitter_card":"summary_large_image","twitter_creator":"@DomtarEveryday","twitter_site":"@DomtarEveryday","twitter_misc":{"\u00c9crit par":"Brenda Martin","Dur\u00e9e de lecture estim\u00e9e":"1 minute"},"schema":{"@context":"https:\/\/schema.org","@graph":[{"@type":"Article","@id":"https:\/\/www.domtar.com\/fr\/entretien-avec-les-responsables-de-la-communaute-forestiere-de-la-colombie-britannique-a-lubcm\/#article","isPartOf":{"@id":"https:\/\/www.domtar.com\/fr\/entretien-avec-les-responsables-de-la-communaute-forestiere-de-la-colombie-britannique-a-lubcm\/"},"author":{"name":"Brenda Martin","@id":"https:\/\/www.domtar.com\/fr\/#\/schema\/person\/6df247dbe96b1ba2ce236d56822dad04"},"headline":"Entretien avec les responsables de la communaut\u00e9 foresti\u00e8re de la Colombie-Britannique \u00e0 l&rsquo;UBCM","datePublished":"2023-09-21T11:26:52+00:00","dateModified":"2024-12-16T21:55:41+00:00","mainEntityOfPage":{"@id":"https:\/\/www.domtar.com\/fr\/entretien-avec-les-responsables-de-la-communaute-forestiere-de-la-colombie-britannique-a-lubcm\/"},"wordCount":172,"publisher":{"@id":"https:\/\/www.domtar.com\/fr\/#organization"},"image":{"@id":"https:\/\/www.domtar.com\/fr\/entretien-avec-les-responsables-de-la-communaute-forestiere-de-la-colombie-britannique-a-lubcm\/#primaryimage"},"thumbnailUrl":"https:\/\/www.domtar.com\/wp-content\/uploads\/2023\/09\/20230921_UBCM-COFI_1200x630_FNL-1024x538-1-1.webp","keywords":["En vedette"],"articleSection":["Community Investment","Sustainability"],"inLanguage":"fr-FR"},{"@type":"WebPage","@id":"https:\/\/www.domtar.com\/fr\/entretien-avec-les-responsables-de-la-communaute-forestiere-de-la-colombie-britannique-a-lubcm\/","url":"https:\/\/www.domtar.com\/fr\/entretien-avec-les-responsables-de-la-communaute-forestiere-de-la-colombie-britannique-a-lubcm\/","name":"Entretien avec les responsables de la communaut\u00e9 foresti\u00e8re de la Colombie-Britannique \u00e0 l'UBCM - Domtar","isPartOf":{"@id":"https:\/\/www.domtar.com\/fr\/#website"},"primaryImageOfPage":{"@id":"https:\/\/www.domtar.com\/fr\/entretien-avec-les-responsables-de-la-communaute-forestiere-de-la-colombie-britannique-a-lubcm\/#primaryimage"},"image":{"@id":"https:\/\/www.domtar.com\/fr\/entretien-avec-les-responsables-de-la-communaute-forestiere-de-la-colombie-britannique-a-lubcm\/#primaryimage"},"thumbnailUrl":"https:\/\/www.domtar.com\/wp-content\/uploads\/2023\/09\/20230921_UBCM-COFI_1200x630_FNL-1024x538-1-1.webp","datePublished":"2023-09-21T11:26:52+00:00","dateModified":"2024-12-16T21:55:41+00:00","breadcrumb":{"@id":"https:\/\/www.domtar.com\/fr\/entretien-avec-les-responsables-de-la-communaute-forestiere-de-la-colombie-britannique-a-lubcm\/#breadcrumb"},"inLanguage":"fr-FR","potentialAction":[{"@type":"ReadAction","target":["https:\/\/www.domtar.com\/fr\/entretien-avec-les-responsables-de-la-communaute-forestiere-de-la-colombie-britannique-a-lubcm\/"]}]},{"@type":"ImageObject","inLanguage":"fr-FR","@id":"https:\/\/www.domtar.com\/fr\/entretien-avec-les-responsables-de-la-communaute-forestiere-de-la-colombie-britannique-a-lubcm\/#primaryimage","url":"https:\/\/www.domtar.com\/wp-content\/uploads\/2023\/09\/20230921_UBCM-COFI_1200x630_FNL-1024x538-1-1.webp","contentUrl":"https:\/\/www.domtar.com\/wp-content\/uploads\/2023\/09\/20230921_UBCM-COFI_1200x630_FNL-1024x538-1-1.webp","width":1024,"height":538,"caption":"Talking"},{"@type":"BreadcrumbList","@id":"https:\/\/www.domtar.com\/fr\/entretien-avec-les-responsables-de-la-communaute-forestiere-de-la-colombie-britannique-a-lubcm\/#breadcrumb","itemListElement":[{"@type":"ListItem","position":1,"name":"Home","item":"https:\/\/www.domtar.com\/fr\/"},{"@type":"ListItem","position":2,"name":"Entretien avec les responsables de la communaut\u00e9 foresti\u00e8re de la Colombie-Britannique \u00e0 l&#8217;UBCM"}]},{"@type":"WebSite","@id":"https:\/\/www.domtar.com\/fr\/#website","url":"https:\/\/www.domtar.com\/fr\/","name":"Domtar | The Fiber for the Future","description":"The Sustainable Paper, Pulp and Packaging Company","publisher":{"@id":"https:\/\/www.domtar.com\/fr\/#organization"},"alternateName":"Domtar","potentialAction":[{"@type":"SearchAction","target":{"@type":"EntryPoint","urlTemplate":"https:\/\/www.domtar.com\/fr\/?s={search_term_string}"},"query-input":{"@type":"PropertyValueSpecification","valueRequired":true,"valueName":"search_term_string"}}],"inLanguage":"fr-FR"},{"@type":"Organization","@id":"https:\/\/www.domtar.com\/fr\/#organization","name":"Domtar","url":"https:\/\/www.domtar.com\/fr\/","logo":{"@type":"ImageObject","inLanguage":"fr-FR","@id":"https:\/\/www.domtar.com\/fr\/#\/schema\/logo\/image\/","url":"https:\/\/www.domtar.com\/wp-content\/uploads\/2023\/03\/domtar_logo_rgb_green.png","contentUrl":"https:\/\/www.domtar.com\/wp-content\/uploads\/2023\/03\/domtar_logo_rgb_green.png","width":1153,"height":263,"caption":"Domtar"},"image":{"@id":"https:\/\/www.domtar.com\/fr\/#\/schema\/logo\/image\/"},"sameAs":["https:\/\/www.facebook.com\/DomtarEveryday\/","https:\/\/x.com\/DomtarEveryday","https:\/\/www.linkedin.com\/company\/domtar\/","https:\/\/www.youtube.com\/channel\/UCh8Zhq2Rmxhl5Km0krrGoYw"],"ethicsPolicy":"https:\/\/www.domtar.com\/fr\/notre-entreprise\/ethique-et-conformite\/"},{"@type":"Person","@id":"https:\/\/www.domtar.com\/fr\/#\/schema\/person\/6df247dbe96b1ba2ce236d56822dad04","name":"Brenda Martin","image":{"@type":"ImageObject","inLanguage":"fr-FR","@id":"https:\/\/secure.gravatar.com\/avatar\/088cdb9cc4d636c816c0c6b0ff6460b56d5c0c1f332f951d8ead56281eabd2cb?s=96&d=mm&r=g","url":"https:\/\/secure.gravatar.com\/avatar\/088cdb9cc4d636c816c0c6b0ff6460b56d5c0c1f332f951d8ead56281eabd2cb?s=96&d=mm&r=g","contentUrl":"https:\/\/secure.gravatar.com\/avatar\/088cdb9cc4d636c816c0c6b0ff6460b56d5c0c1f332f951d8ead56281eabd2cb?s=96&d=mm&r=g","caption":"Brenda Martin"}}]}},"_links":{"self":[{"href":"https:\/\/www.domtar.com\/fr\/wp-json\/wp\/v2\/posts\/29465","targetHints":{"allow":["GET"]}}],"collection":[{"href":"https:\/\/www.domtar.com\/fr\/wp-json\/wp\/v2\/posts"}],"about":[{"href":"https:\/\/www.domtar.com\/fr\/wp-json\/wp\/v2\/types\/post"}],"author":[{"embeddable":true,"href":"https:\/\/www.domtar.com\/fr\/wp-json\/wp\/v2\/users\/26"}],"replies":[{"embeddable":true,"href":"https:\/\/www.domtar.com\/fr\/wp-json\/wp\/v2\/comments?post=29465"}],"version-history":[{"count":0,"href":"https:\/\/www.domtar.com\/fr\/wp-json\/wp\/v2\/posts\/29465\/revisions"}],"wp:featuredmedia":[{"embeddable":true,"href":"https:\/\/www.domtar.com\/fr\/wp-json\/wp\/v2\/media\/26400"}],"wp:attachment":[{"href":"https:\/\/www.domtar.com\/fr\/wp-json\/wp\/v2\/media?parent=29465"}],"wp:term":[{"taxonomy":"category","embeddable":true,"href":"https:\/\/www.domtar.com\/fr\/wp-json\/wp\/v2\/categories?post=29465"},{"taxonomy":"post_tag","embeddable":true,"href":"https:\/\/www.domtar.com\/fr\/wp-json\/wp\/v2\/tags?post=29465"}],"curies":[{"name":"wp","href":"https:\/\/api.w.org\/{rel}","templated":true}]}}