{"id":29406,"date":"2023-11-14T10:30:40","date_gmt":"2023-11-14T10:30:40","guid":{"rendered":"https:\/\/www.domtar.com\/celebration-du-mois-national-du-patrimoine-amerindien\/"},"modified":"2023-11-14T10:30:40","modified_gmt":"2023-11-14T10:30:40","slug":"celebration-du-mois-national-du-patrimoine-amerindien","status":"publish","type":"post","link":"https:\/\/www.domtar.com\/fr\/celebration-du-mois-national-du-patrimoine-amerindien\/","title":{"rendered":"C\u00e9l\u00e9bration du Mois national du patrimoine am\u00e9rindien"},"content":{"rendered":"<section id=\"immersive_panel_1\" class=\"lc-module section-article-content-block\">\n<div class=\"lc-module-inner\">\n<div class=\"article-block-wrapper lc-module-inner fade-bottom\">\n<div class=\"entry\">\n\n<p>Le mois de novembre est consacr\u00e9 chaque ann\u00e9e \u00e0 la c\u00e9l\u00e9bration du patrimoine national am\u00e9rindien sur le site United States. Au cours de ce mois, les peuples et les communaut\u00e9s autochtones sont honor\u00e9s et c\u00e9l\u00e9br\u00e9s pour la richesse et la diversit\u00e9 de leurs cultures, de leurs traditions, de leurs histoires et de leurs contributions soci\u00e9tales. Le mois de novembre est donc devenu l&rsquo;occasion d&rsquo;approfondir nos connaissances sur les d\u00e9fis uniques auxquels cette population est confront\u00e9e et de comprendre comment les questions historiques et actuelles ont affect\u00e9 les peuples autochtones.  <\/p>\n\n\n\n<p><br>D\u00e8s 1916, lorsque New York est devenu le premier \u00c9tat \u00e0 d\u00e9clarer une \u00ab\u00a0Journ\u00e9e des Indiens d&rsquo;Am\u00e9rique\u00a0\u00bb, des efforts ont \u00e9t\u00e9 d\u00e9ploy\u00e9s pour reconna\u00eetre les nombreuses contributions et r\u00e9alisations des peuples autochtones. Plus r\u00e9cemment, en 2022, le minist\u00e8re de l&rsquo;int\u00e9rieur s&rsquo;est engag\u00e9 \u00e0 <a href=\"https:\/\/www.doi.gov\/blog\/revitalizing-indigenous-connections-celebrating-native-american-heritage-month-2022\">revitaliser les liens avec les autochtones et \u00e0 c\u00e9l\u00e9brer leurs cultures<\/a> en entreprenant un effort historique de renommage.&nbsp;Prendre le temps de reconna\u00eetre les contributions essentielles et uniques des Am\u00e9rindiens au site United States et au monde en g\u00e9n\u00e9ral est une fa\u00e7on d&rsquo;honorer le pass\u00e9 et de rendre hommage au chemin parcouru et aux progr\u00e8s accomplis. <\/p>\n\n<\/div>\n<\/div>\n<\/div>\n<\/section>","protected":false},"excerpt":{"rendered":"<p>L&rsquo;usine de Kingsport a re\u00e7u le titre de \u00ab\u00a0Business Recycler of the Year\u00a0\u00bb (recycleur de l&rsquo;ann\u00e9e) du Tennessee. Voici pourquoi la Tennessee Recycling Coalition a choisi notre usine comme laur\u00e9ate pour 2024. <\/p>\n","protected":false},"author":1,"featured_media":23706,"comment_status":"open","ping_status":"open","sticky":false,"template":"","format":"standard","meta":{"_acf_changed":false,"_genesis_block_theme_hide_title":false,"footnotes":""},"categories":[975],"tags":[],"class_list":{"0":"post-29406","1":"post","2":"type-post","3":"status-publish","4":"format-standard","5":"has-post-thumbnail","6":"hentry","7":"category-our-company-fr","9":"with-featured-image"},"acf":[],"yoast_head":"<!-- This site is optimized with the Yoast SEO Premium plugin v27.4 (Yoast SEO v27.5) - https:\/\/yoast.com\/product\/yoast-seo-premium-wordpress\/ -->\n<title>C\u00e9l\u00e9bration du Mois national du patrimoine am\u00e9rindien - Domtar<\/title>\n<meta name=\"description\" content=\"Le mois de novembre est consacr\u00e9 chaque ann\u00e9e \u00e0 la c\u00e9l\u00e9bration du patrimoine national am\u00e9rindien sur le site United States. Au cours de ce mois, les peuples et communaut\u00e9s autochtones sont honor\u00e9s et c\u00e9l\u00e9br\u00e9s pour la richesse et la diversit\u00e9 de leurs cultures, traditions, histoires et contributions soci\u00e9tales. Le mois de novembre est donc devenu l&#039;occasion d&#039;approfondir nos connaissances sur les d\u00e9fis uniques auxquels sont confront\u00e9s les...\" \/>\n<meta name=\"robots\" content=\"index, follow, max-snippet:-1, max-image-preview:large, max-video-preview:-1\" \/>\n<link rel=\"canonical\" href=\"https:\/\/www.domtar.com\/fr\/celebration-du-mois-national-du-patrimoine-amerindien\/\" \/>\n<meta property=\"og:locale\" content=\"fr_FR\" \/>\n<meta property=\"og:type\" content=\"article\" \/>\n<meta property=\"og:title\" content=\"C\u00e9l\u00e9bration du Mois national du patrimoine am\u00e9rindien\" \/>\n<meta property=\"og:description\" content=\"Le mois de novembre est consacr\u00e9 chaque ann\u00e9e \u00e0 la c\u00e9l\u00e9bration du patrimoine national am\u00e9rindien sur le site United States. Au cours de ce mois, les peuples et communaut\u00e9s autochtones sont honor\u00e9s et c\u00e9l\u00e9br\u00e9s pour la richesse et la diversit\u00e9 de leurs cultures, traditions, histoires et contributions soci\u00e9tales. Le mois de novembre est donc devenu l&#039;occasion d&#039;approfondir nos connaissances sur les d\u00e9fis uniques auxquels sont confront\u00e9s les...\" \/>\n<meta property=\"og:url\" content=\"https:\/\/www.domtar.com\/fr\/celebration-du-mois-national-du-patrimoine-amerindien\/\" \/>\n<meta property=\"og:site_name\" content=\"Domtar\" \/>\n<meta property=\"article:publisher\" content=\"https:\/\/www.facebook.com\/DomtarEveryday\/\" \/>\n<meta property=\"article:published_time\" content=\"2023-11-14T10:30:40+00:00\" \/>\n<meta property=\"og:image\" content=\"https:\/\/www.domtar.com\/wp-content\/uploads\/2024\/09\/shutterstock_2088223504_carre-sc.jpg\" \/>\n\t<meta property=\"og:image:width\" content=\"2560\" \/>\n\t<meta property=\"og:image:height\" content=\"2285\" \/>\n\t<meta property=\"og:image:type\" content=\"image\/jpeg\" \/>\n<meta name=\"author\" content=\"domtarcom\" \/>\n<meta name=\"twitter:card\" content=\"summary_large_image\" \/>\n<meta name=\"twitter:creator\" content=\"@DomtarEveryday\" \/>\n<meta name=\"twitter:site\" content=\"@DomtarEveryday\" \/>\n<meta name=\"twitter:label1\" content=\"\u00c9crit par\" \/>\n\t<meta name=\"twitter:data1\" content=\"domtarcom\" \/>\n\t<meta name=\"twitter:label2\" content=\"Dur\u00e9e de lecture estim\u00e9e\" \/>\n\t<meta name=\"twitter:data2\" content=\"1 minute\" \/>\n<script type=\"application\/ld+json\" class=\"yoast-schema-graph\">{\"@context\":\"https:\\\/\\\/schema.org\",\"@graph\":[{\"@type\":\"Article\",\"@id\":\"https:\\\/\\\/www.domtar.com\\\/fr\\\/celebration-du-mois-national-du-patrimoine-amerindien\\\/#article\",\"isPartOf\":{\"@id\":\"https:\\\/\\\/www.domtar.com\\\/fr\\\/celebration-du-mois-national-du-patrimoine-amerindien\\\/\"},\"author\":{\"name\":\"domtarcom\",\"@id\":\"https:\\\/\\\/www.domtar.com\\\/fr\\\/#\\\/schema\\\/person\\\/1eceda201e008fe717760290e7efa36e\"},\"headline\":\"C\u00e9l\u00e9bration du Mois national du patrimoine am\u00e9rindien\",\"datePublished\":\"2023-11-14T10:30:40+00:00\",\"mainEntityOfPage\":{\"@id\":\"https:\\\/\\\/www.domtar.com\\\/fr\\\/celebration-du-mois-national-du-patrimoine-amerindien\\\/\"},\"wordCount\":230,\"commentCount\":0,\"publisher\":{\"@id\":\"https:\\\/\\\/www.domtar.com\\\/fr\\\/#organization\"},\"image\":{\"@id\":\"https:\\\/\\\/www.domtar.com\\\/fr\\\/celebration-du-mois-national-du-patrimoine-amerindien\\\/#primaryimage\"},\"thumbnailUrl\":\"https:\\\/\\\/www.domtar.com\\\/wp-content\\\/uploads\\\/2024\\\/09\\\/shutterstock_2088223504_carre-sc.jpg\",\"articleSection\":[\"Our Company\"],\"inLanguage\":\"fr-FR\",\"potentialAction\":[{\"@type\":\"CommentAction\",\"name\":\"Comment\",\"target\":[\"https:\\\/\\\/www.domtar.com\\\/fr\\\/celebration-du-mois-national-du-patrimoine-amerindien\\\/#respond\"]}]},{\"@type\":\"WebPage\",\"@id\":\"https:\\\/\\\/www.domtar.com\\\/fr\\\/celebration-du-mois-national-du-patrimoine-amerindien\\\/\",\"url\":\"https:\\\/\\\/www.domtar.com\\\/fr\\\/celebration-du-mois-national-du-patrimoine-amerindien\\\/\",\"name\":\"C\u00e9l\u00e9bration du Mois national du patrimoine am\u00e9rindien - Domtar\",\"isPartOf\":{\"@id\":\"https:\\\/\\\/www.domtar.com\\\/fr\\\/#website\"},\"primaryImageOfPage\":{\"@id\":\"https:\\\/\\\/www.domtar.com\\\/fr\\\/celebration-du-mois-national-du-patrimoine-amerindien\\\/#primaryimage\"},\"image\":{\"@id\":\"https:\\\/\\\/www.domtar.com\\\/fr\\\/celebration-du-mois-national-du-patrimoine-amerindien\\\/#primaryimage\"},\"thumbnailUrl\":\"https:\\\/\\\/www.domtar.com\\\/wp-content\\\/uploads\\\/2024\\\/09\\\/shutterstock_2088223504_carre-sc.jpg\",\"datePublished\":\"2023-11-14T10:30:40+00:00\",\"description\":\"Le mois de novembre est consacr\u00e9 chaque ann\u00e9e \u00e0 la c\u00e9l\u00e9bration du patrimoine national am\u00e9rindien sur le site United States. Au cours de ce mois, les peuples et communaut\u00e9s autochtones sont honor\u00e9s et c\u00e9l\u00e9br\u00e9s pour la richesse et la diversit\u00e9 de leurs cultures, traditions, histoires et contributions soci\u00e9tales. Le mois de novembre est donc devenu l'occasion d'approfondir nos connaissances sur les d\u00e9fis uniques auxquels sont confront\u00e9s les...\",\"breadcrumb\":{\"@id\":\"https:\\\/\\\/www.domtar.com\\\/fr\\\/celebration-du-mois-national-du-patrimoine-amerindien\\\/#breadcrumb\"},\"inLanguage\":\"fr-FR\",\"potentialAction\":[{\"@type\":\"ReadAction\",\"target\":[\"https:\\\/\\\/www.domtar.com\\\/fr\\\/celebration-du-mois-national-du-patrimoine-amerindien\\\/\"]}]},{\"@type\":\"ImageObject\",\"inLanguage\":\"fr-FR\",\"@id\":\"https:\\\/\\\/www.domtar.com\\\/fr\\\/celebration-du-mois-national-du-patrimoine-amerindien\\\/#primaryimage\",\"url\":\"https:\\\/\\\/www.domtar.com\\\/wp-content\\\/uploads\\\/2024\\\/09\\\/shutterstock_2088223504_carre-sc.jpg\",\"contentUrl\":\"https:\\\/\\\/www.domtar.com\\\/wp-content\\\/uploads\\\/2024\\\/09\\\/shutterstock_2088223504_carre-sc.jpg\",\"width\":2560,\"height\":2285,\"caption\":\"Celebrating National Native American\"},{\"@type\":\"BreadcrumbList\",\"@id\":\"https:\\\/\\\/www.domtar.com\\\/fr\\\/celebration-du-mois-national-du-patrimoine-amerindien\\\/#breadcrumb\",\"itemListElement\":[{\"@type\":\"ListItem\",\"position\":1,\"name\":\"Home\",\"item\":\"https:\\\/\\\/www.domtar.com\\\/fr\\\/\"},{\"@type\":\"ListItem\",\"position\":2,\"name\":\"C\u00e9l\u00e9bration du Mois national du patrimoine am\u00e9rindien\"}]},{\"@type\":\"WebSite\",\"@id\":\"https:\\\/\\\/www.domtar.com\\\/fr\\\/#website\",\"url\":\"https:\\\/\\\/www.domtar.com\\\/fr\\\/\",\"name\":\"Domtar | The Fiber for the Future\",\"description\":\"The Sustainable Paper, Pulp and Packaging Company\",\"publisher\":{\"@id\":\"https:\\\/\\\/www.domtar.com\\\/fr\\\/#organization\"},\"alternateName\":\"Domtar\",\"potentialAction\":[{\"@type\":\"SearchAction\",\"target\":{\"@type\":\"EntryPoint\",\"urlTemplate\":\"https:\\\/\\\/www.domtar.com\\\/fr\\\/?s={search_term_string}\"},\"query-input\":{\"@type\":\"PropertyValueSpecification\",\"valueRequired\":true,\"valueName\":\"search_term_string\"}}],\"inLanguage\":\"fr-FR\"},{\"@type\":\"Organization\",\"@id\":\"https:\\\/\\\/www.domtar.com\\\/fr\\\/#organization\",\"name\":\"Domtar\",\"url\":\"https:\\\/\\\/www.domtar.com\\\/fr\\\/\",\"logo\":{\"@type\":\"ImageObject\",\"inLanguage\":\"fr-FR\",\"@id\":\"https:\\\/\\\/www.domtar.com\\\/fr\\\/#\\\/schema\\\/logo\\\/image\\\/\",\"url\":\"https:\\\/\\\/www.domtar.com\\\/wp-content\\\/uploads\\\/2023\\\/03\\\/domtar_logo_rgb_green.png\",\"contentUrl\":\"https:\\\/\\\/www.domtar.com\\\/wp-content\\\/uploads\\\/2023\\\/03\\\/domtar_logo_rgb_green.png\",\"width\":1153,\"height\":263,\"caption\":\"Domtar\"},\"image\":{\"@id\":\"https:\\\/\\\/www.domtar.com\\\/fr\\\/#\\\/schema\\\/logo\\\/image\\\/\"},\"sameAs\":[\"https:\\\/\\\/www.facebook.com\\\/DomtarEveryday\\\/\",\"https:\\\/\\\/x.com\\\/DomtarEveryday\",\"https:\\\/\\\/www.linkedin.com\\\/company\\\/domtar\\\/\",\"https:\\\/\\\/www.youtube.com\\\/channel\\\/UCh8Zhq2Rmxhl5Km0krrGoYw\"],\"ethicsPolicy\":\"https:\\\/\\\/www.domtar.com\\\/fr\\\/notre-entreprise\\\/ethique-et-conformite\\\/\"},{\"@type\":\"Person\",\"@id\":\"https:\\\/\\\/www.domtar.com\\\/fr\\\/#\\\/schema\\\/person\\\/1eceda201e008fe717760290e7efa36e\",\"name\":\"domtarcom\",\"image\":{\"@type\":\"ImageObject\",\"inLanguage\":\"fr-FR\",\"@id\":\"https:\\\/\\\/secure.gravatar.com\\\/avatar\\\/6a4ce9fede2abd183940f0fdc0562cee7a1a11070fe70dcb01d2f164b0fde389?s=96&d=mm&r=g\",\"url\":\"https:\\\/\\\/secure.gravatar.com\\\/avatar\\\/6a4ce9fede2abd183940f0fdc0562cee7a1a11070fe70dcb01d2f164b0fde389?s=96&d=mm&r=g\",\"contentUrl\":\"https:\\\/\\\/secure.gravatar.com\\\/avatar\\\/6a4ce9fede2abd183940f0fdc0562cee7a1a11070fe70dcb01d2f164b0fde389?s=96&d=mm&r=g\",\"caption\":\"domtarcom\"},\"sameAs\":[\"https:\\\/\\\/domtarwpe.wpengine.com\"]}]}<\/script>\n<!-- \/ Yoast SEO Premium plugin. -->","yoast_head_json":{"title":"C\u00e9l\u00e9bration du Mois national du patrimoine am\u00e9rindien - Domtar","description":"Le mois de novembre est consacr\u00e9 chaque ann\u00e9e \u00e0 la c\u00e9l\u00e9bration du patrimoine national am\u00e9rindien sur le site United States. Au cours de ce mois, les peuples et communaut\u00e9s autochtones sont honor\u00e9s et c\u00e9l\u00e9br\u00e9s pour la richesse et la diversit\u00e9 de leurs cultures, traditions, histoires et contributions soci\u00e9tales. Le mois de novembre est donc devenu l'occasion d'approfondir nos connaissances sur les d\u00e9fis uniques auxquels sont confront\u00e9s les...","robots":{"index":"index","follow":"follow","max-snippet":"max-snippet:-1","max-image-preview":"max-image-preview:large","max-video-preview":"max-video-preview:-1"},"canonical":"https:\/\/www.domtar.com\/fr\/celebration-du-mois-national-du-patrimoine-amerindien\/","og_locale":"fr_FR","og_type":"article","og_title":"C\u00e9l\u00e9bration du Mois national du patrimoine am\u00e9rindien","og_description":"Le mois de novembre est consacr\u00e9 chaque ann\u00e9e \u00e0 la c\u00e9l\u00e9bration du patrimoine national am\u00e9rindien sur le site United States. Au cours de ce mois, les peuples et communaut\u00e9s autochtones sont honor\u00e9s et c\u00e9l\u00e9br\u00e9s pour la richesse et la diversit\u00e9 de leurs cultures, traditions, histoires et contributions soci\u00e9tales. Le mois de novembre est donc devenu l'occasion d'approfondir nos connaissances sur les d\u00e9fis uniques auxquels sont confront\u00e9s les...","og_url":"https:\/\/www.domtar.com\/fr\/celebration-du-mois-national-du-patrimoine-amerindien\/","og_site_name":"Domtar","article_publisher":"https:\/\/www.facebook.com\/DomtarEveryday\/","article_published_time":"2023-11-14T10:30:40+00:00","og_image":[{"width":2560,"height":2285,"url":"https:\/\/www.domtar.com\/wp-content\/uploads\/2024\/09\/shutterstock_2088223504_carre-sc.jpg","type":"image\/jpeg"}],"author":"domtarcom","twitter_card":"summary_large_image","twitter_creator":"@DomtarEveryday","twitter_site":"@DomtarEveryday","twitter_misc":{"\u00c9crit par":"domtarcom","Dur\u00e9e de lecture estim\u00e9e":"1 minute"},"schema":{"@context":"https:\/\/schema.org","@graph":[{"@type":"Article","@id":"https:\/\/www.domtar.com\/fr\/celebration-du-mois-national-du-patrimoine-amerindien\/#article","isPartOf":{"@id":"https:\/\/www.domtar.com\/fr\/celebration-du-mois-national-du-patrimoine-amerindien\/"},"author":{"name":"domtarcom","@id":"https:\/\/www.domtar.com\/fr\/#\/schema\/person\/1eceda201e008fe717760290e7efa36e"},"headline":"C\u00e9l\u00e9bration du Mois national du patrimoine am\u00e9rindien","datePublished":"2023-11-14T10:30:40+00:00","mainEntityOfPage":{"@id":"https:\/\/www.domtar.com\/fr\/celebration-du-mois-national-du-patrimoine-amerindien\/"},"wordCount":230,"commentCount":0,"publisher":{"@id":"https:\/\/www.domtar.com\/fr\/#organization"},"image":{"@id":"https:\/\/www.domtar.com\/fr\/celebration-du-mois-national-du-patrimoine-amerindien\/#primaryimage"},"thumbnailUrl":"https:\/\/www.domtar.com\/wp-content\/uploads\/2024\/09\/shutterstock_2088223504_carre-sc.jpg","articleSection":["Our Company"],"inLanguage":"fr-FR","potentialAction":[{"@type":"CommentAction","name":"Comment","target":["https:\/\/www.domtar.com\/fr\/celebration-du-mois-national-du-patrimoine-amerindien\/#respond"]}]},{"@type":"WebPage","@id":"https:\/\/www.domtar.com\/fr\/celebration-du-mois-national-du-patrimoine-amerindien\/","url":"https:\/\/www.domtar.com\/fr\/celebration-du-mois-national-du-patrimoine-amerindien\/","name":"C\u00e9l\u00e9bration du Mois national du patrimoine am\u00e9rindien - Domtar","isPartOf":{"@id":"https:\/\/www.domtar.com\/fr\/#website"},"primaryImageOfPage":{"@id":"https:\/\/www.domtar.com\/fr\/celebration-du-mois-national-du-patrimoine-amerindien\/#primaryimage"},"image":{"@id":"https:\/\/www.domtar.com\/fr\/celebration-du-mois-national-du-patrimoine-amerindien\/#primaryimage"},"thumbnailUrl":"https:\/\/www.domtar.com\/wp-content\/uploads\/2024\/09\/shutterstock_2088223504_carre-sc.jpg","datePublished":"2023-11-14T10:30:40+00:00","description":"Le mois de novembre est consacr\u00e9 chaque ann\u00e9e \u00e0 la c\u00e9l\u00e9bration du patrimoine national am\u00e9rindien sur le site United States. Au cours de ce mois, les peuples et communaut\u00e9s autochtones sont honor\u00e9s et c\u00e9l\u00e9br\u00e9s pour la richesse et la diversit\u00e9 de leurs cultures, traditions, histoires et contributions soci\u00e9tales. Le mois de novembre est donc devenu l'occasion d'approfondir nos connaissances sur les d\u00e9fis uniques auxquels sont confront\u00e9s les...","breadcrumb":{"@id":"https:\/\/www.domtar.com\/fr\/celebration-du-mois-national-du-patrimoine-amerindien\/#breadcrumb"},"inLanguage":"fr-FR","potentialAction":[{"@type":"ReadAction","target":["https:\/\/www.domtar.com\/fr\/celebration-du-mois-national-du-patrimoine-amerindien\/"]}]},{"@type":"ImageObject","inLanguage":"fr-FR","@id":"https:\/\/www.domtar.com\/fr\/celebration-du-mois-national-du-patrimoine-amerindien\/#primaryimage","url":"https:\/\/www.domtar.com\/wp-content\/uploads\/2024\/09\/shutterstock_2088223504_carre-sc.jpg","contentUrl":"https:\/\/www.domtar.com\/wp-content\/uploads\/2024\/09\/shutterstock_2088223504_carre-sc.jpg","width":2560,"height":2285,"caption":"Celebrating National Native American"},{"@type":"BreadcrumbList","@id":"https:\/\/www.domtar.com\/fr\/celebration-du-mois-national-du-patrimoine-amerindien\/#breadcrumb","itemListElement":[{"@type":"ListItem","position":1,"name":"Home","item":"https:\/\/www.domtar.com\/fr\/"},{"@type":"ListItem","position":2,"name":"C\u00e9l\u00e9bration du Mois national du patrimoine am\u00e9rindien"}]},{"@type":"WebSite","@id":"https:\/\/www.domtar.com\/fr\/#website","url":"https:\/\/www.domtar.com\/fr\/","name":"Domtar | The Fiber for the Future","description":"The Sustainable Paper, Pulp and Packaging Company","publisher":{"@id":"https:\/\/www.domtar.com\/fr\/#organization"},"alternateName":"Domtar","potentialAction":[{"@type":"SearchAction","target":{"@type":"EntryPoint","urlTemplate":"https:\/\/www.domtar.com\/fr\/?s={search_term_string}"},"query-input":{"@type":"PropertyValueSpecification","valueRequired":true,"valueName":"search_term_string"}}],"inLanguage":"fr-FR"},{"@type":"Organization","@id":"https:\/\/www.domtar.com\/fr\/#organization","name":"Domtar","url":"https:\/\/www.domtar.com\/fr\/","logo":{"@type":"ImageObject","inLanguage":"fr-FR","@id":"https:\/\/www.domtar.com\/fr\/#\/schema\/logo\/image\/","url":"https:\/\/www.domtar.com\/wp-content\/uploads\/2023\/03\/domtar_logo_rgb_green.png","contentUrl":"https:\/\/www.domtar.com\/wp-content\/uploads\/2023\/03\/domtar_logo_rgb_green.png","width":1153,"height":263,"caption":"Domtar"},"image":{"@id":"https:\/\/www.domtar.com\/fr\/#\/schema\/logo\/image\/"},"sameAs":["https:\/\/www.facebook.com\/DomtarEveryday\/","https:\/\/x.com\/DomtarEveryday","https:\/\/www.linkedin.com\/company\/domtar\/","https:\/\/www.youtube.com\/channel\/UCh8Zhq2Rmxhl5Km0krrGoYw"],"ethicsPolicy":"https:\/\/www.domtar.com\/fr\/notre-entreprise\/ethique-et-conformite\/"},{"@type":"Person","@id":"https:\/\/www.domtar.com\/fr\/#\/schema\/person\/1eceda201e008fe717760290e7efa36e","name":"domtarcom","image":{"@type":"ImageObject","inLanguage":"fr-FR","@id":"https:\/\/secure.gravatar.com\/avatar\/6a4ce9fede2abd183940f0fdc0562cee7a1a11070fe70dcb01d2f164b0fde389?s=96&d=mm&r=g","url":"https:\/\/secure.gravatar.com\/avatar\/6a4ce9fede2abd183940f0fdc0562cee7a1a11070fe70dcb01d2f164b0fde389?s=96&d=mm&r=g","contentUrl":"https:\/\/secure.gravatar.com\/avatar\/6a4ce9fede2abd183940f0fdc0562cee7a1a11070fe70dcb01d2f164b0fde389?s=96&d=mm&r=g","caption":"domtarcom"},"sameAs":["https:\/\/domtarwpe.wpengine.com"]}]}},"_links":{"self":[{"href":"https:\/\/www.domtar.com\/fr\/wp-json\/wp\/v2\/posts\/29406","targetHints":{"allow":["GET"]}}],"collection":[{"href":"https:\/\/www.domtar.com\/fr\/wp-json\/wp\/v2\/posts"}],"about":[{"href":"https:\/\/www.domtar.com\/fr\/wp-json\/wp\/v2\/types\/post"}],"author":[{"embeddable":true,"href":"https:\/\/www.domtar.com\/fr\/wp-json\/wp\/v2\/users\/1"}],"replies":[{"embeddable":true,"href":"https:\/\/www.domtar.com\/fr\/wp-json\/wp\/v2\/comments?post=29406"}],"version-history":[{"count":0,"href":"https:\/\/www.domtar.com\/fr\/wp-json\/wp\/v2\/posts\/29406\/revisions"}],"wp:featuredmedia":[{"embeddable":true,"href":"https:\/\/www.domtar.com\/fr\/wp-json\/wp\/v2\/media\/23706"}],"wp:attachment":[{"href":"https:\/\/www.domtar.com\/fr\/wp-json\/wp\/v2\/media?parent=29406"}],"wp:term":[{"taxonomy":"category","embeddable":true,"href":"https:\/\/www.domtar.com\/fr\/wp-json\/wp\/v2\/categories?post=29406"},{"taxonomy":"post_tag","embeddable":true,"href":"https:\/\/www.domtar.com\/fr\/wp-json\/wp\/v2\/tags?post=29406"}],"curies":[{"name":"wp","href":"https:\/\/api.w.org\/{rel}","templated":true}]}}