{"id":29346,"date":"2024-04-22T07:00:00","date_gmt":"2024-04-22T07:00:00","guid":{"rendered":"https:\/\/www.domtar.com\/celebration-de-la-journee-de-la-terre-a-lusine-et-dans-la-communaute\/"},"modified":"2024-12-16T21:47:21","modified_gmt":"2024-12-16T21:47:21","slug":"celebration-de-la-journee-de-la-terre-a-lusine-et-dans-la-communaute","status":"publish","type":"post","link":"https:\/\/www.domtar.com\/fr\/celebration-de-la-journee-de-la-terre-a-lusine-et-dans-la-communaute\/","title":{"rendered":"C\u00e9l\u00e9bration de la Journ\u00e9e de la Terre \u00e0 l&rsquo;usine et dans la communaut\u00e9"},"content":{"rendered":"\n<p>Le Jour de la Terre a lieu le 22 avril et les \u00e9quipes d&rsquo;ambassadeurs EarthChoice de Domtar le c\u00e9l\u00e8brent avec leurs employ\u00e9s et leurs communaut\u00e9s locales.<\/p>\n\n<p>Les ambassadeurs d&rsquo;EarthChoice sont des \u00e9quipes d&#8217;employ\u00e9s qui prennent le temps, dans leurs journ\u00e9es de travail charg\u00e9es, de faire du b\u00e9n\u00e9volat pour rendre le monde meilleur. Chaque groupe est dirig\u00e9 par un capitaine ambassadeur EarthChoice engag\u00e9 qui coordonne et organise l&rsquo;\u00e9quipe. <\/p>\n\n<p>\u00ab\u00a0En tant qu&#8217;employ\u00e9e de Legacy Paper Excellence qui vient de commencer \u00e0 travailler avec les capitaines ambassadeurs du programme Choix de la Terre, je suis vraiment impressionn\u00e9e par leur engagement \u00e0 faire du b\u00e9n\u00e9volat dans leur communaut\u00e9 et \u00e0 rendre le monde meilleur \u00ab\u00a0, a d\u00e9clar\u00e9 Brenda Martin, directrice des affaires publiques. \u00ab\u00a0Voici un aper\u00e7u des activit\u00e9s que les capitaines ambassadeurs du choix de la Terre ont planifi\u00e9es dans tous les \u00e9tablissements de Domtar. <\/p>\n\n<p><strong>Enseigner aux jeunes esprits<\/strong><\/p>\n\n<ul class=\"wp-block-list\">\n<li>Lire des livres \u00e0 20 enfants d&rsquo;\u00e2ge pr\u00e9scolaire \u00e0 Chahk Ha Chee Head Start, puis planter des graines avec les enfants et leur parler de la fa\u00e7on dont les plantes prennent racine et poussent. Chaque enfant repartira avec un livre et des graines en pot.   <\/li>\n\n\n\n<li>Travailler avec les \u00e9coles locales pour que les \u00e9l\u00e8ves participent \u00e0 un concours d&rsquo;affiches pour le Jour de la Terre. Les affiches gagnantes seront expos\u00e9es lors de notre marche pour le plaisir de la Terre, au cours de laquelle la communaut\u00e9 locale marche sur un r\u00e9seau de sentiers locaux que Domtar aide \u00e0 entretenir. <\/li>\n\n\n\n<li>Organisation d&rsquo;une semaine de la Terre consacr\u00e9e \u00e0 l&rsquo;\u00e9ducation foresti\u00e8re \u00e0 l&rsquo;intention des \u00e9l\u00e8ves de l&rsquo;\u00e9cole primaire de Jamesville, qui d\u00e9couvriront le processus de fabrication du papier et recevront des semis de pins.  <\/li>\n<\/ul>\n\n<p><strong>Prendre soin de nos espaces verts<\/strong><\/p>\n\n<ul class=\"wp-block-list\">\n<li>Participer \u00e0 une op\u00e9ration de nettoyage \u00ab\u00a0Adoptez une autoroute\u00a0\u00bb afin de r\u00e9duire les d\u00e9chets dans la communaut\u00e9.<\/li>\n\n\n\n<li>Organisation de petits-d\u00e9jeuners et de d\u00e9jeuners d&rsquo;information pour les employ\u00e9s avec un conf\u00e9rencier de DuPage Forest Preserve, une organisation qui se consacre \u00e0 la restauration de l&rsquo;habitat et \u00e0 la reconstitution des esp\u00e8ces.<\/li>\n\n\n\n<li>Participation \u00e0 un projet de Keep Kingsport Beautiful visant \u00e0 cr\u00e9er des jardins pollinisateurs dans les \u00e9coles primaires locales.<\/li>\n<\/ul>\n\n<p><strong>R\u00e9duire notre impact sur la plan\u00e8te<\/strong><\/p>\n\n<ul class=\"wp-block-list\">\n<li>Promouvoir le recyclage des appareils \u00e9lectroniques aupr\u00e8s de nos employ\u00e9s en les encourageant \u00e0 rapporter les appareils \u00e9lectroniques de leur domicile pour qu&rsquo;ils soient correctement recycl\u00e9s dans notre centre de recyclage local.  <\/li>\n\n\n\n<li>R\u00e9servez 15 minutes par jour \u00e0 l&rsquo;op\u00e9ration \u00ab\u00a0Ditch-the-Emails\u00a0\u00bb, une purge collective des courriels. Chaque courriel supprim\u00e9 r\u00e9duit les \u00e9missions de carbone. <\/li>\n\n\n\n<li>Organiser un \u00e9v\u00e9nement de recyclage au bureau o\u00f9 les employ\u00e9s peuvent apporter des objets dont ils n&rsquo;ont plus besoin et prendre des objets qu&rsquo;ils pensent pouvoir utiliser.  <\/li>\n\n\n\n<li>L&rsquo;achat de compensations carbone bas\u00e9es sur le nombre de kilom\u00e8tres parcourus par les employ\u00e9s pour se rendre au travail le 22 avril, afin de compenser les \u00e9missions de GES caus\u00e9es par les d\u00e9placements des employ\u00e9s ce jour-l\u00e0.  <\/li>\n\n\n\n<li>Organisation d&rsquo;une conf\u00e9rence virtuelle \u00a0\u00bb J&rsquo;aime ma poubelle mais je la quitte \u00a0\u00bb avec un conf\u00e9rencier de l&rsquo;organisation Earth Day pour tous les employ\u00e9s du Paper Excellence Group au Qu\u00e9bec, y compris les anciens employ\u00e9s de Produits forestiers R\u00e9solu.<\/li>\n<\/ul>\n\n<p>\u00ab\u00a0Cette ann\u00e9e, le bureau de Domtar \u00e0 Montr\u00e9al a \u00e9tendu sa conf\u00e9rence virtuelle du Jour de la Terre \u00e0 tous les employ\u00e9s du groupe Paper Excellence au Qu\u00e9bec, ce qui est tr\u00e8s excitant \u00ab\u00a0, a d\u00e9clar\u00e9 M. Martin. \u00ab\u00a0J&rsquo;esp\u00e8re que l&rsquo;ann\u00e9e prochaine, \u00e0 mesure que l&rsquo;int\u00e9gration des trois entreprises se poursuivra, nous inclurons encore plus d&rsquo;anciens employ\u00e9s de Resolute et de Paper Excellence dans les c\u00e9l\u00e9brations de la Journ\u00e9e de la Terre.\u00a0\u00bb <\/p>\n","protected":false},"excerpt":{"rendered":"<p>Le Jour de la Terre a lieu le 22 avril et les \u00e9quipes d&rsquo;ambassadeurs EarthChoice de Domtar le c\u00e9l\u00e8brent avec leurs employ\u00e9s et leurs communaut\u00e9s locales. Les ambassadeurs d&rsquo;EarthChoice sont des \u00e9quipes d&#8217;employ\u00e9s qui prennent le temps, dans leurs journ\u00e9es de travail charg\u00e9es, de faire du b\u00e9n\u00e9volat pour rendre le monde meilleur. Chaque groupe est &hellip;<\/p>\n","protected":false},"author":1,"featured_media":0,"comment_status":"closed","ping_status":"closed","sticky":false,"template":"","format":"standard","meta":{"_acf_changed":false,"_genesis_block_theme_hide_title":false,"footnotes":""},"categories":[985],"tags":[1044],"class_list":{"0":"post-29346","1":"post","2":"type-post","3":"status-publish","4":"format-standard","5":"hentry","6":"category-sustainability-fr","7":"tag-en-vedette","9":"without-featured-image"},"acf":[],"yoast_head":"<!-- This site is optimized with the Yoast SEO Premium plugin v27.4 (Yoast SEO v27.4) - https:\/\/yoast.com\/product\/yoast-seo-premium-wordpress\/ -->\n<title>C\u00e9l\u00e9bration de la Journ\u00e9e de la Terre \u00e0 l&#039;usine et dans la communaut\u00e9 - Domtar<\/title>\n<meta name=\"robots\" content=\"index, follow, max-snippet:-1, max-image-preview:large, max-video-preview:-1\" \/>\n<link rel=\"canonical\" href=\"https:\/\/www.domtar.com\/fr\/celebration-de-la-journee-de-la-terre-a-lusine-et-dans-la-communaute\/\" \/>\n<meta property=\"og:locale\" content=\"fr_FR\" \/>\n<meta property=\"og:type\" content=\"article\" \/>\n<meta property=\"og:title\" content=\"C\u00e9l\u00e9bration de la Journ\u00e9e de la Terre \u00e0 l&#039;usine et dans la communaut\u00e9\" \/>\n<meta property=\"og:description\" content=\"Le Jour de la Terre a lieu le 22 avril et les \u00e9quipes d&rsquo;ambassadeurs EarthChoice de Domtar le c\u00e9l\u00e8brent avec leurs employ\u00e9s et leurs communaut\u00e9s locales. Les ambassadeurs d&rsquo;EarthChoice sont des \u00e9quipes d&#8217;employ\u00e9s qui prennent le temps, dans leurs journ\u00e9es de travail charg\u00e9es, de faire du b\u00e9n\u00e9volat pour rendre le monde meilleur. Chaque groupe est &hellip;\" \/>\n<meta property=\"og:url\" content=\"https:\/\/www.domtar.com\/fr\/celebration-de-la-journee-de-la-terre-a-lusine-et-dans-la-communaute\/\" \/>\n<meta property=\"og:site_name\" content=\"Domtar\" \/>\n<meta property=\"article:publisher\" content=\"https:\/\/www.facebook.com\/DomtarEveryday\/\" \/>\n<meta property=\"article:published_time\" content=\"2024-04-22T07:00:00+00:00\" \/>\n<meta property=\"article:modified_time\" content=\"2024-12-16T21:47:21+00:00\" \/>\n<meta property=\"og:image\" content=\"https:\/\/www.domtar.com\/wp-content\/uploads\/2025\/10\/Domtar_sharing_img_2x-min-1.png\" \/>\n\t<meta property=\"og:image:width\" content=\"2400\" \/>\n\t<meta property=\"og:image:height\" content=\"1350\" \/>\n\t<meta property=\"og:image:type\" content=\"image\/png\" \/>\n<meta name=\"author\" content=\"domtarcom\" \/>\n<meta name=\"twitter:card\" content=\"summary_large_image\" \/>\n<meta name=\"twitter:creator\" content=\"@DomtarEveryday\" \/>\n<meta name=\"twitter:site\" content=\"@DomtarEveryday\" \/>\n<meta name=\"twitter:label1\" content=\"\u00c9crit par\" \/>\n\t<meta name=\"twitter:data1\" content=\"domtarcom\" \/>\n\t<meta name=\"twitter:label2\" content=\"Dur\u00e9e de lecture estim\u00e9e\" \/>\n\t<meta name=\"twitter:data2\" content=\"3 minutes\" \/>\n<script type=\"application\/ld+json\" class=\"yoast-schema-graph\">{\"@context\":\"https:\\\/\\\/schema.org\",\"@graph\":[{\"@type\":\"Article\",\"@id\":\"https:\\\/\\\/www.domtar.com\\\/fr\\\/celebration-de-la-journee-de-la-terre-a-lusine-et-dans-la-communaute\\\/#article\",\"isPartOf\":{\"@id\":\"https:\\\/\\\/www.domtar.com\\\/fr\\\/celebration-de-la-journee-de-la-terre-a-lusine-et-dans-la-communaute\\\/\"},\"author\":{\"name\":\"domtarcom\",\"@id\":\"https:\\\/\\\/www.domtar.com\\\/fr\\\/#\\\/schema\\\/person\\\/1eceda201e008fe717760290e7efa36e\"},\"headline\":\"C\u00e9l\u00e9bration de la Journ\u00e9e de la Terre \u00e0 l&rsquo;usine et dans la communaut\u00e9\",\"datePublished\":\"2024-04-22T07:00:00+00:00\",\"dateModified\":\"2024-12-16T21:47:21+00:00\",\"mainEntityOfPage\":{\"@id\":\"https:\\\/\\\/www.domtar.com\\\/fr\\\/celebration-de-la-journee-de-la-terre-a-lusine-et-dans-la-communaute\\\/\"},\"wordCount\":671,\"publisher\":{\"@id\":\"https:\\\/\\\/www.domtar.com\\\/fr\\\/#organization\"},\"keywords\":[\"En vedette\"],\"articleSection\":[\"Sustainability\"],\"inLanguage\":\"fr-FR\"},{\"@type\":\"WebPage\",\"@id\":\"https:\\\/\\\/www.domtar.com\\\/fr\\\/celebration-de-la-journee-de-la-terre-a-lusine-et-dans-la-communaute\\\/\",\"url\":\"https:\\\/\\\/www.domtar.com\\\/fr\\\/celebration-de-la-journee-de-la-terre-a-lusine-et-dans-la-communaute\\\/\",\"name\":\"C\u00e9l\u00e9bration de la Journ\u00e9e de la Terre \u00e0 l'usine et dans la communaut\u00e9 - Domtar\",\"isPartOf\":{\"@id\":\"https:\\\/\\\/www.domtar.com\\\/fr\\\/#website\"},\"datePublished\":\"2024-04-22T07:00:00+00:00\",\"dateModified\":\"2024-12-16T21:47:21+00:00\",\"breadcrumb\":{\"@id\":\"https:\\\/\\\/www.domtar.com\\\/fr\\\/celebration-de-la-journee-de-la-terre-a-lusine-et-dans-la-communaute\\\/#breadcrumb\"},\"inLanguage\":\"fr-FR\",\"potentialAction\":[{\"@type\":\"ReadAction\",\"target\":[\"https:\\\/\\\/www.domtar.com\\\/fr\\\/celebration-de-la-journee-de-la-terre-a-lusine-et-dans-la-communaute\\\/\"]}]},{\"@type\":\"BreadcrumbList\",\"@id\":\"https:\\\/\\\/www.domtar.com\\\/fr\\\/celebration-de-la-journee-de-la-terre-a-lusine-et-dans-la-communaute\\\/#breadcrumb\",\"itemListElement\":[{\"@type\":\"ListItem\",\"position\":1,\"name\":\"Home\",\"item\":\"https:\\\/\\\/www.domtar.com\\\/fr\\\/\"},{\"@type\":\"ListItem\",\"position\":2,\"name\":\"C\u00e9l\u00e9bration de la Journ\u00e9e de la Terre \u00e0 l&#8217;usine et dans la communaut\u00e9\"}]},{\"@type\":\"WebSite\",\"@id\":\"https:\\\/\\\/www.domtar.com\\\/fr\\\/#website\",\"url\":\"https:\\\/\\\/www.domtar.com\\\/fr\\\/\",\"name\":\"Domtar | The Fiber for the Future\",\"description\":\"The Sustainable Paper, Pulp and Packaging Company\",\"publisher\":{\"@id\":\"https:\\\/\\\/www.domtar.com\\\/fr\\\/#organization\"},\"alternateName\":\"Domtar\",\"potentialAction\":[{\"@type\":\"SearchAction\",\"target\":{\"@type\":\"EntryPoint\",\"urlTemplate\":\"https:\\\/\\\/www.domtar.com\\\/fr\\\/?s={search_term_string}\"},\"query-input\":{\"@type\":\"PropertyValueSpecification\",\"valueRequired\":true,\"valueName\":\"search_term_string\"}}],\"inLanguage\":\"fr-FR\"},{\"@type\":\"Organization\",\"@id\":\"https:\\\/\\\/www.domtar.com\\\/fr\\\/#organization\",\"name\":\"Domtar\",\"url\":\"https:\\\/\\\/www.domtar.com\\\/fr\\\/\",\"logo\":{\"@type\":\"ImageObject\",\"inLanguage\":\"fr-FR\",\"@id\":\"https:\\\/\\\/www.domtar.com\\\/fr\\\/#\\\/schema\\\/logo\\\/image\\\/\",\"url\":\"https:\\\/\\\/www.domtar.com\\\/wp-content\\\/uploads\\\/2023\\\/03\\\/domtar_logo_rgb_green.png\",\"contentUrl\":\"https:\\\/\\\/www.domtar.com\\\/wp-content\\\/uploads\\\/2023\\\/03\\\/domtar_logo_rgb_green.png\",\"width\":1153,\"height\":263,\"caption\":\"Domtar\"},\"image\":{\"@id\":\"https:\\\/\\\/www.domtar.com\\\/fr\\\/#\\\/schema\\\/logo\\\/image\\\/\"},\"sameAs\":[\"https:\\\/\\\/www.facebook.com\\\/DomtarEveryday\\\/\",\"https:\\\/\\\/x.com\\\/DomtarEveryday\",\"https:\\\/\\\/www.linkedin.com\\\/company\\\/domtar\\\/\",\"https:\\\/\\\/www.youtube.com\\\/channel\\\/UCh8Zhq2Rmxhl5Km0krrGoYw\"],\"ethicsPolicy\":\"https:\\\/\\\/www.domtar.com\\\/fr\\\/notre-entreprise\\\/ethique-et-conformite\\\/\"},{\"@type\":\"Person\",\"@id\":\"https:\\\/\\\/www.domtar.com\\\/fr\\\/#\\\/schema\\\/person\\\/1eceda201e008fe717760290e7efa36e\",\"name\":\"domtarcom\",\"image\":{\"@type\":\"ImageObject\",\"inLanguage\":\"fr-FR\",\"@id\":\"https:\\\/\\\/secure.gravatar.com\\\/avatar\\\/6a4ce9fede2abd183940f0fdc0562cee7a1a11070fe70dcb01d2f164b0fde389?s=96&d=mm&r=g\",\"url\":\"https:\\\/\\\/secure.gravatar.com\\\/avatar\\\/6a4ce9fede2abd183940f0fdc0562cee7a1a11070fe70dcb01d2f164b0fde389?s=96&d=mm&r=g\",\"contentUrl\":\"https:\\\/\\\/secure.gravatar.com\\\/avatar\\\/6a4ce9fede2abd183940f0fdc0562cee7a1a11070fe70dcb01d2f164b0fde389?s=96&d=mm&r=g\",\"caption\":\"domtarcom\"},\"sameAs\":[\"https:\\\/\\\/domtarwpe.wpengine.com\"]}]}<\/script>\n<!-- \/ Yoast SEO Premium plugin. -->","yoast_head_json":{"title":"C\u00e9l\u00e9bration de la Journ\u00e9e de la Terre \u00e0 l'usine et dans la communaut\u00e9 - Domtar","robots":{"index":"index","follow":"follow","max-snippet":"max-snippet:-1","max-image-preview":"max-image-preview:large","max-video-preview":"max-video-preview:-1"},"canonical":"https:\/\/www.domtar.com\/fr\/celebration-de-la-journee-de-la-terre-a-lusine-et-dans-la-communaute\/","og_locale":"fr_FR","og_type":"article","og_title":"C\u00e9l\u00e9bration de la Journ\u00e9e de la Terre \u00e0 l'usine et dans la communaut\u00e9","og_description":"Le Jour de la Terre a lieu le 22 avril et les \u00e9quipes d&rsquo;ambassadeurs EarthChoice de Domtar le c\u00e9l\u00e8brent avec leurs employ\u00e9s et leurs communaut\u00e9s locales. Les ambassadeurs d&rsquo;EarthChoice sont des \u00e9quipes d&#8217;employ\u00e9s qui prennent le temps, dans leurs journ\u00e9es de travail charg\u00e9es, de faire du b\u00e9n\u00e9volat pour rendre le monde meilleur. Chaque groupe est &hellip;","og_url":"https:\/\/www.domtar.com\/fr\/celebration-de-la-journee-de-la-terre-a-lusine-et-dans-la-communaute\/","og_site_name":"Domtar","article_publisher":"https:\/\/www.facebook.com\/DomtarEveryday\/","article_published_time":"2024-04-22T07:00:00+00:00","article_modified_time":"2024-12-16T21:47:21+00:00","og_image":[{"width":2400,"height":1350,"url":"https:\/\/www.domtar.com\/wp-content\/uploads\/2025\/10\/Domtar_sharing_img_2x-min-1.png","type":"image\/png"}],"author":"domtarcom","twitter_card":"summary_large_image","twitter_creator":"@DomtarEveryday","twitter_site":"@DomtarEveryday","twitter_misc":{"\u00c9crit par":"domtarcom","Dur\u00e9e de lecture estim\u00e9e":"3 minutes"},"schema":{"@context":"https:\/\/schema.org","@graph":[{"@type":"Article","@id":"https:\/\/www.domtar.com\/fr\/celebration-de-la-journee-de-la-terre-a-lusine-et-dans-la-communaute\/#article","isPartOf":{"@id":"https:\/\/www.domtar.com\/fr\/celebration-de-la-journee-de-la-terre-a-lusine-et-dans-la-communaute\/"},"author":{"name":"domtarcom","@id":"https:\/\/www.domtar.com\/fr\/#\/schema\/person\/1eceda201e008fe717760290e7efa36e"},"headline":"C\u00e9l\u00e9bration de la Journ\u00e9e de la Terre \u00e0 l&rsquo;usine et dans la communaut\u00e9","datePublished":"2024-04-22T07:00:00+00:00","dateModified":"2024-12-16T21:47:21+00:00","mainEntityOfPage":{"@id":"https:\/\/www.domtar.com\/fr\/celebration-de-la-journee-de-la-terre-a-lusine-et-dans-la-communaute\/"},"wordCount":671,"publisher":{"@id":"https:\/\/www.domtar.com\/fr\/#organization"},"keywords":["En vedette"],"articleSection":["Sustainability"],"inLanguage":"fr-FR"},{"@type":"WebPage","@id":"https:\/\/www.domtar.com\/fr\/celebration-de-la-journee-de-la-terre-a-lusine-et-dans-la-communaute\/","url":"https:\/\/www.domtar.com\/fr\/celebration-de-la-journee-de-la-terre-a-lusine-et-dans-la-communaute\/","name":"C\u00e9l\u00e9bration de la Journ\u00e9e de la Terre \u00e0 l'usine et dans la communaut\u00e9 - Domtar","isPartOf":{"@id":"https:\/\/www.domtar.com\/fr\/#website"},"datePublished":"2024-04-22T07:00:00+00:00","dateModified":"2024-12-16T21:47:21+00:00","breadcrumb":{"@id":"https:\/\/www.domtar.com\/fr\/celebration-de-la-journee-de-la-terre-a-lusine-et-dans-la-communaute\/#breadcrumb"},"inLanguage":"fr-FR","potentialAction":[{"@type":"ReadAction","target":["https:\/\/www.domtar.com\/fr\/celebration-de-la-journee-de-la-terre-a-lusine-et-dans-la-communaute\/"]}]},{"@type":"BreadcrumbList","@id":"https:\/\/www.domtar.com\/fr\/celebration-de-la-journee-de-la-terre-a-lusine-et-dans-la-communaute\/#breadcrumb","itemListElement":[{"@type":"ListItem","position":1,"name":"Home","item":"https:\/\/www.domtar.com\/fr\/"},{"@type":"ListItem","position":2,"name":"C\u00e9l\u00e9bration de la Journ\u00e9e de la Terre \u00e0 l&#8217;usine et dans la communaut\u00e9"}]},{"@type":"WebSite","@id":"https:\/\/www.domtar.com\/fr\/#website","url":"https:\/\/www.domtar.com\/fr\/","name":"Domtar | The Fiber for the Future","description":"The Sustainable Paper, Pulp and Packaging Company","publisher":{"@id":"https:\/\/www.domtar.com\/fr\/#organization"},"alternateName":"Domtar","potentialAction":[{"@type":"SearchAction","target":{"@type":"EntryPoint","urlTemplate":"https:\/\/www.domtar.com\/fr\/?s={search_term_string}"},"query-input":{"@type":"PropertyValueSpecification","valueRequired":true,"valueName":"search_term_string"}}],"inLanguage":"fr-FR"},{"@type":"Organization","@id":"https:\/\/www.domtar.com\/fr\/#organization","name":"Domtar","url":"https:\/\/www.domtar.com\/fr\/","logo":{"@type":"ImageObject","inLanguage":"fr-FR","@id":"https:\/\/www.domtar.com\/fr\/#\/schema\/logo\/image\/","url":"https:\/\/www.domtar.com\/wp-content\/uploads\/2023\/03\/domtar_logo_rgb_green.png","contentUrl":"https:\/\/www.domtar.com\/wp-content\/uploads\/2023\/03\/domtar_logo_rgb_green.png","width":1153,"height":263,"caption":"Domtar"},"image":{"@id":"https:\/\/www.domtar.com\/fr\/#\/schema\/logo\/image\/"},"sameAs":["https:\/\/www.facebook.com\/DomtarEveryday\/","https:\/\/x.com\/DomtarEveryday","https:\/\/www.linkedin.com\/company\/domtar\/","https:\/\/www.youtube.com\/channel\/UCh8Zhq2Rmxhl5Km0krrGoYw"],"ethicsPolicy":"https:\/\/www.domtar.com\/fr\/notre-entreprise\/ethique-et-conformite\/"},{"@type":"Person","@id":"https:\/\/www.domtar.com\/fr\/#\/schema\/person\/1eceda201e008fe717760290e7efa36e","name":"domtarcom","image":{"@type":"ImageObject","inLanguage":"fr-FR","@id":"https:\/\/secure.gravatar.com\/avatar\/6a4ce9fede2abd183940f0fdc0562cee7a1a11070fe70dcb01d2f164b0fde389?s=96&d=mm&r=g","url":"https:\/\/secure.gravatar.com\/avatar\/6a4ce9fede2abd183940f0fdc0562cee7a1a11070fe70dcb01d2f164b0fde389?s=96&d=mm&r=g","contentUrl":"https:\/\/secure.gravatar.com\/avatar\/6a4ce9fede2abd183940f0fdc0562cee7a1a11070fe70dcb01d2f164b0fde389?s=96&d=mm&r=g","caption":"domtarcom"},"sameAs":["https:\/\/domtarwpe.wpengine.com"]}]}},"_links":{"self":[{"href":"https:\/\/www.domtar.com\/fr\/wp-json\/wp\/v2\/posts\/29346","targetHints":{"allow":["GET"]}}],"collection":[{"href":"https:\/\/www.domtar.com\/fr\/wp-json\/wp\/v2\/posts"}],"about":[{"href":"https:\/\/www.domtar.com\/fr\/wp-json\/wp\/v2\/types\/post"}],"author":[{"embeddable":true,"href":"https:\/\/www.domtar.com\/fr\/wp-json\/wp\/v2\/users\/1"}],"replies":[{"embeddable":true,"href":"https:\/\/www.domtar.com\/fr\/wp-json\/wp\/v2\/comments?post=29346"}],"version-history":[{"count":0,"href":"https:\/\/www.domtar.com\/fr\/wp-json\/wp\/v2\/posts\/29346\/revisions"}],"wp:attachment":[{"href":"https:\/\/www.domtar.com\/fr\/wp-json\/wp\/v2\/media?parent=29346"}],"wp:term":[{"taxonomy":"category","embeddable":true,"href":"https:\/\/www.domtar.com\/fr\/wp-json\/wp\/v2\/categories?post=29346"},{"taxonomy":"post_tag","embeddable":true,"href":"https:\/\/www.domtar.com\/fr\/wp-json\/wp\/v2\/tags?post=29346"}],"curies":[{"name":"wp","href":"https:\/\/api.w.org\/{rel}","templated":true}]}}