{"id":29315,"date":"2024-03-04T09:14:03","date_gmt":"2024-03-04T09:14:03","guid":{"rendered":"https:\/\/www.domtar.com\/le-point-de-vue-du-forestier-en-chef-conference-des-professionnels-de-la-foret-de-la-colombie-britannique-fpbc-2024\/"},"modified":"2024-12-16T21:47:06","modified_gmt":"2024-12-16T21:47:06","slug":"le-point-de-vue-du-forestier-en-chef-conference-des-professionnels-de-la-foret-de-la-colombie-britannique-fpbc-2024","status":"publish","type":"post","link":"https:\/\/www.domtar.com\/fr\/le-point-de-vue-du-forestier-en-chef-conference-des-professionnels-de-la-foret-de-la-colombie-britannique-fpbc-2024\/","title":{"rendered":"Le point de vue du forestier en chef : Conf\u00e9rence des professionnels de la for\u00eat de la Colombie-Britannique (FPBC 2024)"},"content":{"rendered":"\n<p>Au d\u00e9but du mois, notre forestier en chef, Quinton Hayward, a assist\u00e9 \u00e0 la conf\u00e9rence des professionnels de la for\u00eat de la Colombie-Britannique \u00e0 Kelowna. Il nous livre ici son point de vue sur l&rsquo;\u00e9v\u00e9nement : <\/p>\n\n<p>Le th\u00e8me de cette ann\u00e9e, \u00ab\u00a0Tout est connect\u00e9\u00a0\u00bb, a \u00e9t\u00e9 pr\u00e9sent tout au long de la conf\u00e9rence. Des pr\u00e9sentations int\u00e9ressantes ont \u00e9t\u00e9 faites sur la r\u00e9introduction du feu comme outil de gestion au niveau du paysage, la cr\u00e9ation d&rsquo;une plus grande valeur \u00e0 partir du volume r\u00e9colt\u00e9, le recrutement et la r\u00e9tention des professions dans l&rsquo;industrie, et la planification en collaboration avec les groupes indig\u00e8nes sur les plans de paysage forestier. Des discussions ont \u00e9galement eu lieu sur l&rsquo;int\u00e9grit\u00e9 des \u00e9cosyst\u00e8mes et la technologie permettant d&rsquo;\u00e9valuer l&rsquo;int\u00e9grit\u00e9 des \u00e9cosyst\u00e8mes \u00e0 l&rsquo;avenir, sur l&rsquo;interface entre les feux de for\u00eat et les zones urbaines, sur la poursuite du renforcement de la r\u00e9silience aux feux de for\u00eat et sur la voie \u00e0 suivre pour les relations avec les autochtones dans le secteur forestier de la Colombie-Britannique.  <\/p>\n\n<p>L&rsquo;accent a \u00e9t\u00e9 mis sur la planification conjointe, la gestion et la prise de d\u00e9cision par les autochtones. Il ressort clairement des pr\u00e9sentations et des membres des nations pr\u00e9sents \u00e0 la conf\u00e9rence que rien ne se passera sur le terrain dans le domaine de la foresterie sans la participation des Premi\u00e8res nations. Cela correspond \u00e0 l&rsquo;orientation du gouvernement et ne devrait pas \u00eatre une surprise ou une nouveaut\u00e9 pour ceux qui travaillent dans le domaine des ressources naturelles.    <\/p>\n\n<p>Lors de la conf\u00e9rence, le ministre Ralston a \u00e9voqu\u00e9 l&rsquo;\u00e9tat d&rsquo;avancement de certains plans d&rsquo;am\u00e9nagement forestier en cours d&rsquo;\u00e9laboration avec les Premi\u00e8res nations, le gouvernement et l&rsquo;industrie. Il a ouvertement reconnu que le rythme des changements a \u00e9t\u00e9 intense ces derniers temps et l&rsquo;impact qu&rsquo;ils ont eu sur le secteur forestier. Il a ensuite fait part de l&rsquo;\u00e9tat d&rsquo;avancement des travaux men\u00e9s par le minist\u00e8re pour stabiliser la voie \u00e0 suivre et apporter de la pr\u00e9visibilit\u00e9 au secteur, notamment avec la nomination d&rsquo;Andrew Mercier au poste de ministre d&rsquo;\u00c9tat charg\u00e9 de l&rsquo;innovation foresti\u00e8re durable.  <\/p>\n\n<p>J&rsquo;ai \u00e9t\u00e9 encourag\u00e9 par le nombre de jeunes forestiers pr\u00e9sents dans la salle. Il est agr\u00e9able de voir la jeune g\u00e9n\u00e9ration s&rsquo;impliquer davantage et apprendre ce qui se passe dans d&rsquo;autres r\u00e9gions de la province. Au cours de l&rsquo;\u00e9v\u00e9nement, j&rsquo;ai eu beaucoup de plaisir \u00e0 rencontrer des repr\u00e9sentants du gouvernement, de l&rsquo;industrie, des consultants et des universitaires, tous d\u00e9sireux d&rsquo;apprendre les uns des autres.  <\/p>\n\n<p><a id=\"_msocom_1\"><\/a><\/p>\n\n<p><\/p>\n","protected":false},"excerpt":{"rendered":"<p>Au d\u00e9but du mois, notre forestier en chef, Quinton Hayward, a assist\u00e9 \u00e0 la conf\u00e9rence des professionnels de la for\u00eat de la Colombie-Britannique \u00e0 Kelowna. Il nous livre ici son point de vue sur l&rsquo;\u00e9v\u00e9nement : Le th\u00e8me de cette ann\u00e9e, \u00ab\u00a0Tout est connect\u00e9\u00a0\u00bb, a \u00e9t\u00e9 pr\u00e9sent tout au long de la conf\u00e9rence. Des pr\u00e9sentations &hellip;<\/p>\n","protected":false},"author":1,"featured_media":0,"comment_status":"closed","ping_status":"closed","sticky":false,"template":"","format":"standard","meta":{"_acf_changed":false,"_genesis_block_theme_hide_title":false,"footnotes":""},"categories":[975],"tags":[1044],"class_list":{"0":"post-29315","1":"post","2":"type-post","3":"status-publish","4":"format-standard","5":"hentry","6":"category-our-company-fr","7":"tag-en-vedette","9":"without-featured-image"},"acf":[],"yoast_head":"<!-- This site is optimized with the Yoast SEO Premium plugin v27.4 (Yoast SEO v27.5) - https:\/\/yoast.com\/product\/yoast-seo-premium-wordpress\/ -->\n<title>Le point de vue du forestier en chef : Conf\u00e9rence des professionnels de la for\u00eat de la Colombie-Britannique (FPBC 2024) - Domtar<\/title>\n<meta name=\"robots\" content=\"index, follow, max-snippet:-1, max-image-preview:large, max-video-preview:-1\" \/>\n<link rel=\"canonical\" href=\"https:\/\/www.domtar.com\/fr\/le-point-de-vue-du-forestier-en-chef-conference-des-professionnels-de-la-foret-de-la-colombie-britannique-fpbc-2024\/\" \/>\n<meta property=\"og:locale\" content=\"fr_FR\" \/>\n<meta property=\"og:type\" content=\"article\" \/>\n<meta property=\"og:title\" content=\"Le point de vue du forestier en chef : Conf\u00e9rence des professionnels de la for\u00eat de la Colombie-Britannique (FPBC 2024)\" \/>\n<meta property=\"og:description\" content=\"Au d\u00e9but du mois, notre forestier en chef, Quinton Hayward, a assist\u00e9 \u00e0 la conf\u00e9rence des professionnels de la for\u00eat de la Colombie-Britannique \u00e0 Kelowna. Il nous livre ici son point de vue sur l&rsquo;\u00e9v\u00e9nement : Le th\u00e8me de cette ann\u00e9e, \u00ab\u00a0Tout est connect\u00e9\u00a0\u00bb, a \u00e9t\u00e9 pr\u00e9sent tout au long de la conf\u00e9rence. Des pr\u00e9sentations &hellip;\" \/>\n<meta property=\"og:url\" content=\"https:\/\/www.domtar.com\/fr\/le-point-de-vue-du-forestier-en-chef-conference-des-professionnels-de-la-foret-de-la-colombie-britannique-fpbc-2024\/\" \/>\n<meta property=\"og:site_name\" content=\"Domtar\" \/>\n<meta property=\"article:publisher\" content=\"https:\/\/www.facebook.com\/DomtarEveryday\/\" \/>\n<meta property=\"article:published_time\" content=\"2024-03-04T09:14:03+00:00\" \/>\n<meta property=\"article:modified_time\" content=\"2024-12-16T21:47:06+00:00\" \/>\n<meta property=\"og:image\" content=\"https:\/\/www.domtar.com\/wp-content\/uploads\/2025\/10\/Domtar_sharing_img_2x-min-1.png\" \/>\n\t<meta property=\"og:image:width\" content=\"2400\" \/>\n\t<meta property=\"og:image:height\" content=\"1350\" \/>\n\t<meta property=\"og:image:type\" content=\"image\/png\" \/>\n<meta name=\"author\" content=\"domtarcom\" \/>\n<meta name=\"twitter:card\" content=\"summary_large_image\" \/>\n<meta name=\"twitter:creator\" content=\"@DomtarEveryday\" \/>\n<meta name=\"twitter:site\" content=\"@DomtarEveryday\" \/>\n<meta name=\"twitter:label1\" content=\"\u00c9crit par\" \/>\n\t<meta name=\"twitter:data1\" content=\"domtarcom\" \/>\n\t<meta name=\"twitter:label2\" content=\"Dur\u00e9e de lecture estim\u00e9e\" \/>\n\t<meta name=\"twitter:data2\" content=\"2 minutes\" \/>\n<script type=\"application\/ld+json\" class=\"yoast-schema-graph\">{\"@context\":\"https:\\\/\\\/schema.org\",\"@graph\":[{\"@type\":\"Article\",\"@id\":\"https:\\\/\\\/www.domtar.com\\\/fr\\\/le-point-de-vue-du-forestier-en-chef-conference-des-professionnels-de-la-foret-de-la-colombie-britannique-fpbc-2024\\\/#article\",\"isPartOf\":{\"@id\":\"https:\\\/\\\/www.domtar.com\\\/fr\\\/le-point-de-vue-du-forestier-en-chef-conference-des-professionnels-de-la-foret-de-la-colombie-britannique-fpbc-2024\\\/\"},\"author\":{\"name\":\"domtarcom\",\"@id\":\"https:\\\/\\\/www.domtar.com\\\/fr\\\/#\\\/schema\\\/person\\\/1eceda201e008fe717760290e7efa36e\"},\"headline\":\"Le point de vue du forestier en chef : Conf\u00e9rence des professionnels de la for\u00eat de la Colombie-Britannique (FPBC 2024)\",\"datePublished\":\"2024-03-04T09:14:03+00:00\",\"dateModified\":\"2024-12-16T21:47:06+00:00\",\"mainEntityOfPage\":{\"@id\":\"https:\\\/\\\/www.domtar.com\\\/fr\\\/le-point-de-vue-du-forestier-en-chef-conference-des-professionnels-de-la-foret-de-la-colombie-britannique-fpbc-2024\\\/\"},\"wordCount\":486,\"publisher\":{\"@id\":\"https:\\\/\\\/www.domtar.com\\\/fr\\\/#organization\"},\"keywords\":[\"En vedette\"],\"articleSection\":[\"Our Company\"],\"inLanguage\":\"fr-FR\"},{\"@type\":\"WebPage\",\"@id\":\"https:\\\/\\\/www.domtar.com\\\/fr\\\/le-point-de-vue-du-forestier-en-chef-conference-des-professionnels-de-la-foret-de-la-colombie-britannique-fpbc-2024\\\/\",\"url\":\"https:\\\/\\\/www.domtar.com\\\/fr\\\/le-point-de-vue-du-forestier-en-chef-conference-des-professionnels-de-la-foret-de-la-colombie-britannique-fpbc-2024\\\/\",\"name\":\"Le point de vue du forestier en chef : Conf\u00e9rence des professionnels de la for\u00eat de la Colombie-Britannique (FPBC 2024) - Domtar\",\"isPartOf\":{\"@id\":\"https:\\\/\\\/www.domtar.com\\\/fr\\\/#website\"},\"datePublished\":\"2024-03-04T09:14:03+00:00\",\"dateModified\":\"2024-12-16T21:47:06+00:00\",\"breadcrumb\":{\"@id\":\"https:\\\/\\\/www.domtar.com\\\/fr\\\/le-point-de-vue-du-forestier-en-chef-conference-des-professionnels-de-la-foret-de-la-colombie-britannique-fpbc-2024\\\/#breadcrumb\"},\"inLanguage\":\"fr-FR\",\"potentialAction\":[{\"@type\":\"ReadAction\",\"target\":[\"https:\\\/\\\/www.domtar.com\\\/fr\\\/le-point-de-vue-du-forestier-en-chef-conference-des-professionnels-de-la-foret-de-la-colombie-britannique-fpbc-2024\\\/\"]}]},{\"@type\":\"BreadcrumbList\",\"@id\":\"https:\\\/\\\/www.domtar.com\\\/fr\\\/le-point-de-vue-du-forestier-en-chef-conference-des-professionnels-de-la-foret-de-la-colombie-britannique-fpbc-2024\\\/#breadcrumb\",\"itemListElement\":[{\"@type\":\"ListItem\",\"position\":1,\"name\":\"Home\",\"item\":\"https:\\\/\\\/www.domtar.com\\\/fr\\\/\"},{\"@type\":\"ListItem\",\"position\":2,\"name\":\"Le point de vue du forestier en chef : Conf\u00e9rence des professionnels de la for\u00eat de la Colombie-Britannique (FPBC 2024)\"}]},{\"@type\":\"WebSite\",\"@id\":\"https:\\\/\\\/www.domtar.com\\\/fr\\\/#website\",\"url\":\"https:\\\/\\\/www.domtar.com\\\/fr\\\/\",\"name\":\"Domtar | The Fiber for the Future\",\"description\":\"The Sustainable Paper, Pulp and Packaging Company\",\"publisher\":{\"@id\":\"https:\\\/\\\/www.domtar.com\\\/fr\\\/#organization\"},\"alternateName\":\"Domtar\",\"potentialAction\":[{\"@type\":\"SearchAction\",\"target\":{\"@type\":\"EntryPoint\",\"urlTemplate\":\"https:\\\/\\\/www.domtar.com\\\/fr\\\/?s={search_term_string}\"},\"query-input\":{\"@type\":\"PropertyValueSpecification\",\"valueRequired\":true,\"valueName\":\"search_term_string\"}}],\"inLanguage\":\"fr-FR\"},{\"@type\":\"Organization\",\"@id\":\"https:\\\/\\\/www.domtar.com\\\/fr\\\/#organization\",\"name\":\"Domtar\",\"url\":\"https:\\\/\\\/www.domtar.com\\\/fr\\\/\",\"logo\":{\"@type\":\"ImageObject\",\"inLanguage\":\"fr-FR\",\"@id\":\"https:\\\/\\\/www.domtar.com\\\/fr\\\/#\\\/schema\\\/logo\\\/image\\\/\",\"url\":\"https:\\\/\\\/www.domtar.com\\\/wp-content\\\/uploads\\\/2023\\\/03\\\/domtar_logo_rgb_green.png\",\"contentUrl\":\"https:\\\/\\\/www.domtar.com\\\/wp-content\\\/uploads\\\/2023\\\/03\\\/domtar_logo_rgb_green.png\",\"width\":1153,\"height\":263,\"caption\":\"Domtar\"},\"image\":{\"@id\":\"https:\\\/\\\/www.domtar.com\\\/fr\\\/#\\\/schema\\\/logo\\\/image\\\/\"},\"sameAs\":[\"https:\\\/\\\/www.facebook.com\\\/DomtarEveryday\\\/\",\"https:\\\/\\\/x.com\\\/DomtarEveryday\",\"https:\\\/\\\/www.linkedin.com\\\/company\\\/domtar\\\/\",\"https:\\\/\\\/www.youtube.com\\\/channel\\\/UCh8Zhq2Rmxhl5Km0krrGoYw\"],\"ethicsPolicy\":\"https:\\\/\\\/www.domtar.com\\\/fr\\\/notre-entreprise\\\/ethique-et-conformite\\\/\"},{\"@type\":\"Person\",\"@id\":\"https:\\\/\\\/www.domtar.com\\\/fr\\\/#\\\/schema\\\/person\\\/1eceda201e008fe717760290e7efa36e\",\"name\":\"domtarcom\",\"image\":{\"@type\":\"ImageObject\",\"inLanguage\":\"fr-FR\",\"@id\":\"https:\\\/\\\/secure.gravatar.com\\\/avatar\\\/6a4ce9fede2abd183940f0fdc0562cee7a1a11070fe70dcb01d2f164b0fde389?s=96&d=mm&r=g\",\"url\":\"https:\\\/\\\/secure.gravatar.com\\\/avatar\\\/6a4ce9fede2abd183940f0fdc0562cee7a1a11070fe70dcb01d2f164b0fde389?s=96&d=mm&r=g\",\"contentUrl\":\"https:\\\/\\\/secure.gravatar.com\\\/avatar\\\/6a4ce9fede2abd183940f0fdc0562cee7a1a11070fe70dcb01d2f164b0fde389?s=96&d=mm&r=g\",\"caption\":\"domtarcom\"},\"sameAs\":[\"https:\\\/\\\/domtarwpe.wpengine.com\"]}]}<\/script>\n<!-- \/ Yoast SEO Premium plugin. -->","yoast_head_json":{"title":"Le point de vue du forestier en chef : Conf\u00e9rence des professionnels de la for\u00eat de la Colombie-Britannique (FPBC 2024) - Domtar","robots":{"index":"index","follow":"follow","max-snippet":"max-snippet:-1","max-image-preview":"max-image-preview:large","max-video-preview":"max-video-preview:-1"},"canonical":"https:\/\/www.domtar.com\/fr\/le-point-de-vue-du-forestier-en-chef-conference-des-professionnels-de-la-foret-de-la-colombie-britannique-fpbc-2024\/","og_locale":"fr_FR","og_type":"article","og_title":"Le point de vue du forestier en chef : Conf\u00e9rence des professionnels de la for\u00eat de la Colombie-Britannique (FPBC 2024)","og_description":"Au d\u00e9but du mois, notre forestier en chef, Quinton Hayward, a assist\u00e9 \u00e0 la conf\u00e9rence des professionnels de la for\u00eat de la Colombie-Britannique \u00e0 Kelowna. Il nous livre ici son point de vue sur l&rsquo;\u00e9v\u00e9nement : Le th\u00e8me de cette ann\u00e9e, \u00ab\u00a0Tout est connect\u00e9\u00a0\u00bb, a \u00e9t\u00e9 pr\u00e9sent tout au long de la conf\u00e9rence. Des pr\u00e9sentations &hellip;","og_url":"https:\/\/www.domtar.com\/fr\/le-point-de-vue-du-forestier-en-chef-conference-des-professionnels-de-la-foret-de-la-colombie-britannique-fpbc-2024\/","og_site_name":"Domtar","article_publisher":"https:\/\/www.facebook.com\/DomtarEveryday\/","article_published_time":"2024-03-04T09:14:03+00:00","article_modified_time":"2024-12-16T21:47:06+00:00","og_image":[{"width":2400,"height":1350,"url":"https:\/\/www.domtar.com\/wp-content\/uploads\/2025\/10\/Domtar_sharing_img_2x-min-1.png","type":"image\/png"}],"author":"domtarcom","twitter_card":"summary_large_image","twitter_creator":"@DomtarEveryday","twitter_site":"@DomtarEveryday","twitter_misc":{"\u00c9crit par":"domtarcom","Dur\u00e9e de lecture estim\u00e9e":"2 minutes"},"schema":{"@context":"https:\/\/schema.org","@graph":[{"@type":"Article","@id":"https:\/\/www.domtar.com\/fr\/le-point-de-vue-du-forestier-en-chef-conference-des-professionnels-de-la-foret-de-la-colombie-britannique-fpbc-2024\/#article","isPartOf":{"@id":"https:\/\/www.domtar.com\/fr\/le-point-de-vue-du-forestier-en-chef-conference-des-professionnels-de-la-foret-de-la-colombie-britannique-fpbc-2024\/"},"author":{"name":"domtarcom","@id":"https:\/\/www.domtar.com\/fr\/#\/schema\/person\/1eceda201e008fe717760290e7efa36e"},"headline":"Le point de vue du forestier en chef : Conf\u00e9rence des professionnels de la for\u00eat de la Colombie-Britannique (FPBC 2024)","datePublished":"2024-03-04T09:14:03+00:00","dateModified":"2024-12-16T21:47:06+00:00","mainEntityOfPage":{"@id":"https:\/\/www.domtar.com\/fr\/le-point-de-vue-du-forestier-en-chef-conference-des-professionnels-de-la-foret-de-la-colombie-britannique-fpbc-2024\/"},"wordCount":486,"publisher":{"@id":"https:\/\/www.domtar.com\/fr\/#organization"},"keywords":["En vedette"],"articleSection":["Our Company"],"inLanguage":"fr-FR"},{"@type":"WebPage","@id":"https:\/\/www.domtar.com\/fr\/le-point-de-vue-du-forestier-en-chef-conference-des-professionnels-de-la-foret-de-la-colombie-britannique-fpbc-2024\/","url":"https:\/\/www.domtar.com\/fr\/le-point-de-vue-du-forestier-en-chef-conference-des-professionnels-de-la-foret-de-la-colombie-britannique-fpbc-2024\/","name":"Le point de vue du forestier en chef : Conf\u00e9rence des professionnels de la for\u00eat de la Colombie-Britannique (FPBC 2024) - Domtar","isPartOf":{"@id":"https:\/\/www.domtar.com\/fr\/#website"},"datePublished":"2024-03-04T09:14:03+00:00","dateModified":"2024-12-16T21:47:06+00:00","breadcrumb":{"@id":"https:\/\/www.domtar.com\/fr\/le-point-de-vue-du-forestier-en-chef-conference-des-professionnels-de-la-foret-de-la-colombie-britannique-fpbc-2024\/#breadcrumb"},"inLanguage":"fr-FR","potentialAction":[{"@type":"ReadAction","target":["https:\/\/www.domtar.com\/fr\/le-point-de-vue-du-forestier-en-chef-conference-des-professionnels-de-la-foret-de-la-colombie-britannique-fpbc-2024\/"]}]},{"@type":"BreadcrumbList","@id":"https:\/\/www.domtar.com\/fr\/le-point-de-vue-du-forestier-en-chef-conference-des-professionnels-de-la-foret-de-la-colombie-britannique-fpbc-2024\/#breadcrumb","itemListElement":[{"@type":"ListItem","position":1,"name":"Home","item":"https:\/\/www.domtar.com\/fr\/"},{"@type":"ListItem","position":2,"name":"Le point de vue du forestier en chef : Conf\u00e9rence des professionnels de la for\u00eat de la Colombie-Britannique (FPBC 2024)"}]},{"@type":"WebSite","@id":"https:\/\/www.domtar.com\/fr\/#website","url":"https:\/\/www.domtar.com\/fr\/","name":"Domtar | The Fiber for the Future","description":"The Sustainable Paper, Pulp and Packaging Company","publisher":{"@id":"https:\/\/www.domtar.com\/fr\/#organization"},"alternateName":"Domtar","potentialAction":[{"@type":"SearchAction","target":{"@type":"EntryPoint","urlTemplate":"https:\/\/www.domtar.com\/fr\/?s={search_term_string}"},"query-input":{"@type":"PropertyValueSpecification","valueRequired":true,"valueName":"search_term_string"}}],"inLanguage":"fr-FR"},{"@type":"Organization","@id":"https:\/\/www.domtar.com\/fr\/#organization","name":"Domtar","url":"https:\/\/www.domtar.com\/fr\/","logo":{"@type":"ImageObject","inLanguage":"fr-FR","@id":"https:\/\/www.domtar.com\/fr\/#\/schema\/logo\/image\/","url":"https:\/\/www.domtar.com\/wp-content\/uploads\/2023\/03\/domtar_logo_rgb_green.png","contentUrl":"https:\/\/www.domtar.com\/wp-content\/uploads\/2023\/03\/domtar_logo_rgb_green.png","width":1153,"height":263,"caption":"Domtar"},"image":{"@id":"https:\/\/www.domtar.com\/fr\/#\/schema\/logo\/image\/"},"sameAs":["https:\/\/www.facebook.com\/DomtarEveryday\/","https:\/\/x.com\/DomtarEveryday","https:\/\/www.linkedin.com\/company\/domtar\/","https:\/\/www.youtube.com\/channel\/UCh8Zhq2Rmxhl5Km0krrGoYw"],"ethicsPolicy":"https:\/\/www.domtar.com\/fr\/notre-entreprise\/ethique-et-conformite\/"},{"@type":"Person","@id":"https:\/\/www.domtar.com\/fr\/#\/schema\/person\/1eceda201e008fe717760290e7efa36e","name":"domtarcom","image":{"@type":"ImageObject","inLanguage":"fr-FR","@id":"https:\/\/secure.gravatar.com\/avatar\/6a4ce9fede2abd183940f0fdc0562cee7a1a11070fe70dcb01d2f164b0fde389?s=96&d=mm&r=g","url":"https:\/\/secure.gravatar.com\/avatar\/6a4ce9fede2abd183940f0fdc0562cee7a1a11070fe70dcb01d2f164b0fde389?s=96&d=mm&r=g","contentUrl":"https:\/\/secure.gravatar.com\/avatar\/6a4ce9fede2abd183940f0fdc0562cee7a1a11070fe70dcb01d2f164b0fde389?s=96&d=mm&r=g","caption":"domtarcom"},"sameAs":["https:\/\/domtarwpe.wpengine.com"]}]}},"_links":{"self":[{"href":"https:\/\/www.domtar.com\/fr\/wp-json\/wp\/v2\/posts\/29315","targetHints":{"allow":["GET"]}}],"collection":[{"href":"https:\/\/www.domtar.com\/fr\/wp-json\/wp\/v2\/posts"}],"about":[{"href":"https:\/\/www.domtar.com\/fr\/wp-json\/wp\/v2\/types\/post"}],"author":[{"embeddable":true,"href":"https:\/\/www.domtar.com\/fr\/wp-json\/wp\/v2\/users\/1"}],"replies":[{"embeddable":true,"href":"https:\/\/www.domtar.com\/fr\/wp-json\/wp\/v2\/comments?post=29315"}],"version-history":[{"count":0,"href":"https:\/\/www.domtar.com\/fr\/wp-json\/wp\/v2\/posts\/29315\/revisions"}],"wp:attachment":[{"href":"https:\/\/www.domtar.com\/fr\/wp-json\/wp\/v2\/media?parent=29315"}],"wp:term":[{"taxonomy":"category","embeddable":true,"href":"https:\/\/www.domtar.com\/fr\/wp-json\/wp\/v2\/categories?post=29315"},{"taxonomy":"post_tag","embeddable":true,"href":"https:\/\/www.domtar.com\/fr\/wp-json\/wp\/v2\/tags?post=29315"}],"curies":[{"name":"wp","href":"https:\/\/api.w.org\/{rel}","templated":true}]}}